{"id":20393,"date":"2021-06-09T07:21:44","date_gmt":"2021-06-09T05:21:44","guid":{"rendered":"https:\/\/www.generationsanstabac.org\/actualites\/industrie-du-tabac-surevalue-le-poids-du-commerce-illicite\/"},"modified":"2021-06-09T07:21:44","modified_gmt":"2021-06-09T05:21:44","slug":"industrie-du-tabac-surevalue-le-poids-du-commerce-illicite","status":"publish","type":"actualites","link":"https:\/\/www.generationsanstabac.org\/en\/actualites\/industrie-du-tabac-surevalue-le-poids-du-commerce-illicite\/","title":{"rendered":"Tobacco industry overestimates the weight of illicit trade"},"content":{"rendered":"<p style=\"text-align: justify;\"><em>Au Pakistan, une \u00e9tude combinant les donn\u00e9es r\u00e9colt\u00e9es aupr\u00e8s des consommateurs de tabac et celles provenant de l\u2019analyse des d\u00e9chets recycl\u00e9s indique des r\u00e9sultats tr\u00e8s inf\u00e9rieurs \u00e0 ceux avanc\u00e9s par l\u2019industrie en mati\u00e8re de commerce illicite.   <\/em><\/p>\n<p style=\"text-align: justify;\">Pour \u00e9valuer le co\u00fbt financier du commerce illicite de tabac, par principe difficile \u00e0 \u00e9tudier, les gouvernements s\u2019en remettent souvent aux \u00e9tudes fournies par les industriels du tabac, \u00e0 d\u00e9faut d\u2019autres sources. Ce type de donn\u00e9es, comme de nombreuses autres relatives aux questions de sant\u00e9, sont particuli\u00e8rement manquantes dans les pays \u00e9mergents et en d\u00e9veloppement.<\/p>\n<p style=\"text-align: justify;\">Alors qu\u2019il envisageait d\u2019augmenter les taxes sur le tabac en 2020, le Ministre de la Sant\u00e9 pakistanais a commandit\u00e9 une \u00e9tude ind\u00e9pendante permettant d\u2019\u00e9valuer le poids r\u00e9el du commerce illicite de tabac dans ce pays [1].<\/p>\n<h2 style=\"text-align: justify;\"><strong>Des r\u00e9sultats divergents de ceux fournis par l\u2019industrie du tabac<\/strong><\/h2>\n<p style=\"text-align: justify;\">L\u2019\u00e9tude s\u2019est appuy\u00e9e sur deux volets distincts. Le premier s\u2019est concentr\u00e9 sur les d\u00e9clarations de 6014 consommateurs, en recueillant des photos de leur paquet de cigarettes au cours de la passation du questionnaire. Le second volet a analys\u00e9 les informations contenues sur ces photos de paquets (2416) et celles pr\u00e9sentes sur des paquets issus de centres de recyclages (6213), soit un ensemble de 8629 paquets \u00e9tudi\u00e9s selon cinq crit\u00e8res (texte et image d\u2019avertissements sanitaires, mention relative \u00e0 la vente interdite aux moins de 18 ans, pays de production, prix de vente). Un groupe d\u2019experts a permis de d\u00e9terminer les crit\u00e8res d\u2019identification des paquets vendus dans le commerce illicite.<\/p>\n<p style=\"text-align: justify;\">Les r\u00e9sultats de l\u2019enqu\u00eate conduite aupr\u00e8s des fumeurs indiquent une proportion de 17,8% de cigarettes provenant du commerce illicite, tandis que l\u2019\u00e9tude des crit\u00e8res sur les paquets en d\u00e9nombre 16,8%, la diff\u00e9rence entre les deux \u00e9tant jug\u00e9e non significative. Des variations importantes ont n\u00e9anmoins pu \u00eatre not\u00e9es dans les villes les plus frontali\u00e8res. L\u2019\u00e9tude a aussi montr\u00e9 que 13,8% des cigarettes \u00e9taient achet\u00e9es \u00e0 un prix inf\u00e9rieur au prix minimum de vente.<\/p>\n<p style=\"text-align: justify;\">Ces r\u00e9sultats sont coh\u00e9rents avec les autres \u00e9tudes du m\u00eame type conduites par des \u00e9quipes ind\u00e9pendantes de l\u2019industrie du tabac, qui \u00e9tablissent \u00e0 16,8% la part du commerce illicite dans les pays \u00e0 faibles revenus et \u00e0 9,8% dans les pays \u00e0 revenus \u00e9lev\u00e9s [2]. Une autre \u00e9tude de 2018 \u00e9valuait quant \u00e0 elle cette proportion \u00e0 9% au Pakistan. Des chiffres tr\u00e8s en de\u00e7\u00e0 des 25% \u00e0 42% de commerce illicite affich\u00e9s dans plusieurs rapports fournis au gouvernement par diff\u00e9rents instituts li\u00e9s \u00e0 l\u2019industrie du tabac.<\/p>\n<h2 style=\"text-align: justify;\"><strong>La n\u00e9cessit\u00e9 d\u2019\u00e9tudes ind\u00e9pendantes<\/strong><\/h2>\n<p style=\"text-align: justify;\">Les diff\u00e9rences entre les r\u00e9sultats des \u00e9tudes financ\u00e9es par l\u2019industrie du tabac et celles produites par des \u00e9quipes qui en sont ind\u00e9pendantes sont assez r\u00e9currentes ; celle-ci est particuli\u00e8rement frappante. Elle illustre la volont\u00e9 de l\u2019industrie du tabac d\u2019effrayer les gouvernements en agitant le spectre d\u2019une augmentation du commerce illicite en cas de hausses de taxes. La production d\u2019\u00e9tudes alarmistes contribue \u00e0 freiner les politiques de lutte contre le tabagisme, m\u00eame s\u2019il a pu \u00eatre d\u00e9montr\u00e9 en Pologne, \u00e0 Hong-Kong et en Colombie que les taux avanc\u00e9s par l\u2019industrie sont en r\u00e9alit\u00e9 jusqu\u2019\u00e0 deux ou trois fois inf\u00e9rieurs \u00e0 ceux avanc\u00e9s par les fabricants.<\/p>\n<p style=\"text-align: justify;\">Avec plus de 160 000 morts par an imputables au tabagisme, le Pakistan paye un lourd tribut au tabac tout en conservant un prix des cigarettes parmi les plus accessible au monde. Les taxes sur les produits de tabac ne repr\u00e9sentent que 53% du prix de vente, alors que le seuil minimum recommand\u00e9 par l\u2019OMS est de 70% [3]. Les tentatives de relever cette taxation sont r\u00e9guli\u00e8rement contr\u00e9es par l\u2019industrie, notamment dans ce pays o\u00f9 la production de tabac continue de peser sur les d\u00e9cisions sanitaires.<\/p>\n<p style=\"text-align: justify;\"><strong>Mots-cl\u00e9s :   Pakistan, commerce illicite, pays \u00e9mergents, taxation<\/strong><\/p>\n<p style=\"text-align: justify;\"><strong><a href=\"https:\/\/www.generationsanstabac.org\/\">\u00a9G\u00e9n\u00e9ration Sans Tabac<\/a><\/strong><\/p>\n<hr \/>\n<p style=\"text-align: justify;\">[1] Khan A, Dobbie F, Siddiqi K, Ansaari S, Abdullah SM, Iqbal R, Khan Z, Sohail S, Kanaan M, Huque R, Islam Z, Boeckmann M, Ross H, <a href=\"https:\/\/tobaccocontrol.bmj.com\/content\/early\/2021\/04\/14\/tobaccocontrol-2020-056386\"><em>Illicit cigarette trade in the cities of Pakistan: comparing findings between the consumer and waste recycle store surveys<\/em><\/a><em>. <\/em>Tob Control 2021;0:1\u20137.<\/p>\n<p style=\"text-align: justify;\">[2] Joossens L, Merriman D, Ross H, Raw M, <a href=\"https:\/\/onlinelibrary.wiley.com\/doi\/abs\/10.1111\/j.1360-0443.2010.03018.x\"><em>The impact of eliminating the global illicit cigarette trade on health and revenue<\/em><\/a>. Addiction 2010;105:1640\u20139.<\/p>\n<p style=\"text-align: justify;\">[3] G\u00e9n\u00e9ration Sans Tabac, <a href=\"https:\/\/www.generationsanstabac.org\/actualites\/pakistan-le-cout-economique-et-financier-du-tabagisme\/\"><em>Pakistan : le co\u00fbt \u00e9conomique et financier du tabagisme<\/em><\/a><em>. <\/em>Publi\u00e9 le 13 avril 2021, consult\u00e9 le 7 juin 2021.<\/p>\n<p style=\"text-align: justify;\"><span style=\"color: #999999;\"><strong><a style=\"color: #999999;\" href=\"http:\/\/www.cnct.fr\/\" target=\"_blank\" rel=\"noopener noreferrer\">Comit\u00e9 National Contre le Tabagisme |<\/a><\/strong><\/span><\/p>\n","protected":false},"excerpt":{"rendered":"<p>In Pakistan, a study combining data collected from tobacco users and data from analysis of recycled waste indicates results much lower than those put forward by the industry in terms of illicit trade.<\/p>","protected":false},"featured_media":20031,"template":"","tags":[],"thematique":[538],"class_list":["post-20393","actualites","type-actualites","status-publish","has-post-thumbnail","hentry","thematique-marches-paralleles"],"acf":[],"_links":{"self":[{"href":"https:\/\/www.generationsanstabac.org\/en\/wp-json\/wp\/v2\/actualites\/20393","targetHints":{"allow":["GET"]}}],"collection":[{"href":"https:\/\/www.generationsanstabac.org\/en\/wp-json\/wp\/v2\/actualites"}],"about":[{"href":"https:\/\/www.generationsanstabac.org\/en\/wp-json\/wp\/v2\/types\/actualites"}],"version-history":[{"count":0,"href":"https:\/\/www.generationsanstabac.org\/en\/wp-json\/wp\/v2\/actualites\/20393\/revisions"}],"wp:featuredmedia":[{"embeddable":true,"href":"https:\/\/www.generationsanstabac.org\/en\/wp-json\/wp\/v2\/media\/20031"}],"wp:attachment":[{"href":"https:\/\/www.generationsanstabac.org\/en\/wp-json\/wp\/v2\/media?parent=20393"}],"wp:term":[{"taxonomy":"post_tag","embeddable":true,"href":"https:\/\/www.generationsanstabac.org\/en\/wp-json\/wp\/v2\/tags?post=20393"},{"taxonomy":"thematique","embeddable":true,"href":"https:\/\/www.generationsanstabac.org\/en\/wp-json\/wp\/v2\/thematique?post=20393"}],"curies":[{"name":"wp","href":"https:\/\/api.w.org\/{rel}","templated":true}]}}