{"id":20388,"date":"2021-06-01T12:54:22","date_gmt":"2021-06-01T10:54:22","guid":{"rendered":"https:\/\/www.generationsanstabac.org\/actualites\/tabagisme-passif-augmente-35-risque-insuffisance-cardiaque\/"},"modified":"2021-06-01T12:54:22","modified_gmt":"2021-06-01T10:54:22","slug":"tabagisme-passif-augmente-35-risque-insuffisance-cardiaque","status":"publish","type":"actualites","link":"https:\/\/www.generationsanstabac.org\/en\/actualites\/tabagisme-passif-augmente-35-risque-insuffisance-cardiaque\/","title":{"rendered":"Passive smoking increases the risk of heart failure by 35%"},"content":{"rendered":"<p style=\"text-align: justify;\"><em>Selon de nouvelles donn\u00e9es<a href=\"#_ftn1\" name=\"_ftnref1\"><strong>[1]<\/strong><\/a> pr\u00e9sent\u00e9es le 16 mai 2021 au congr\u00e8s annuel de l\u2019American College of Cardiology, l\u2019exposition \u00e0 la fum\u00e9e secondaire (tabagisme passif) est associ\u00e9e \u00e0 un risque accru de d\u00e9velopper une insuffisance cardiaque, m\u00eame en l\u2019absence d\u2019autres facteurs de risque.<\/em><\/p>\n<p style=\"text-align: justify;\">L\u2019insuffisance cardiaque r\u00e9sulte de l\u2019incapacit\u00e9 du muscle cardiaque \u00e0 assurer normalement son r\u00f4le de propulsion du sang dans l\u2019organisme.<\/p>\n<p style=\"text-align: justify;\">Les chercheurs ont analys\u00e9 les donn\u00e9es de plus de 11 000 adultes am\u00e9ricains n\u2019ayant jamais fum\u00e9 et expos\u00e9s au tabagisme passif, dans le cadre du <a href=\"https:\/\/www.cdc.gov\/nchs\/nhanes\/about_nhanes.htm\">troisi\u00e8me examen national am\u00e9ricain de la sant\u00e9 et de la nutrition (NHANES<\/a>), avec suivi de cohorte repr\u00e9sentative au niveau national de 1988 \u00e0 1994.<\/p>\n<h2 style=\"text-align: justify;\"><strong>Un lien direct entre le tabagisme passif et le d\u00e9veloppement d&rsquo;une insuffisance cardiaque<\/strong><\/h2>\n<p style=\"text-align: justify;\">Les donn\u00e9es montrent que les non-fumeurs ayant \u00e9t\u00e9 expos\u00e9s \u00e0 la fum\u00e9e secondaire ont un risque accru de 35% de d\u00e9velopper une insuffisance cardiaque par rapport \u00e0 ceux n&rsquo;ayant jamais \u00e9t\u00e9 expos\u00e9s.<\/p>\n<p style=\"text-align: justify;\">L&rsquo;association entre exposition au tabagisme passif et insuffisance cardiaque subsiste une fois pris en compte les autres facteurs de risque comme des ant\u00e9c\u00e9dents d\u2019autres maladies cardiaques, un taux de cholest\u00e9rol \u00e9lev\u00e9 et un diab\u00e8te. Cette association est plus forte chez les hommes et chez les personnes ayant d\u00e9j\u00e0 pr\u00e9sent\u00e9 une crise cardiaque ou un accident vasculaire c\u00e9r\u00e9bral.<\/p>\n<p style=\"text-align: justify;\">Des \u00e9tudes ant\u00e9rieures avaient d\u00e9j\u00e0 d\u00e9montr\u00e9 l&rsquo;impact de l&rsquo;exposition \u00e0 la fum\u00e9e secondaire sur les personnes souffrant d\u00e9j\u00e0 d&rsquo;une insuffisance cardiaque notamment sur leur mortalit\u00e9, qualit\u00e9 de vie et difficult\u00e9s rencontr\u00e9es \u00e0 l\u2019effort. En revanche, cette \u00e9tude est la premi\u00e8re \u00e0 montrer une association entre l&rsquo;exposition au tabagisme passif et le d\u00e9veloppement d&rsquo;une insuffisance cardiaque en l\u2019absence d\u2019ant\u00e9c\u00e9dent.<\/p>\n<p style=\"text-align: justify;\">Les auteurs concluent sur la n\u00e9cessit\u00e9 d\u2019alerter davantage la population g\u00e9n\u00e9rale sur les risques cardio-vasculaires li\u00e9s au tabagisme passif, et plus particuli\u00e8rement les personnes souffrant d&rsquo;insuffisance cardiaque ou pr\u00e9sentant un risque \u00e9lev\u00e9 de d\u00e9velopper cette pathologie.<\/p>\n<h2 style=\"text-align: justify;\"><strong>Les effets d\u00e9l\u00e9t\u00e8res du tabagisme passif sur la sant\u00e9<\/strong><\/h2>\n<p style=\"text-align: justify;\">Selon <a href=\"https:\/\/www.who.int\/en\/news-room\/fact-sheets\/detail\/tobacco\">l&rsquo;Organisation Mondiale de la Sant\u00e9 (OMS),<\/a> le tabac tue pr\u00e9matur\u00e9ment plus de 8 millions de personnes chaque ann\u00e9e dans le monde, dont 1,2 million suite \u00e0 l&rsquo;exposition \u00e0 la fum\u00e9e secondaire.<\/p>\n<p style=\"text-align: justify;\">L&rsquo;exposition \u00e0 la fum\u00e9e secondaire a des effets d\u00e9l\u00e9t\u00e8res imm\u00e9diats sur le syst\u00e8me respiratoire et cardiovasculaire, provoquant des maladies coronariennes et des accidents vasculaires c\u00e9r\u00e9braux. Une exposition prolong\u00e9e provoque la survenue de certains cancers. Ainsi, l\u2019exposition au tabagisme passif des non-fumeurs augmente leur risque de cardiopathie isch\u00e9mique de 27 % et celui de cancer du poumon de 25% <a href=\"#_ftn2\" name=\"_ftnref2\">[2]<\/a>&#8211;<a href=\"#_ftn3\" name=\"_ftnref3\">[3]<\/a>.<\/p>\n<p style=\"text-align: justify;\">De plus, les personnes expos\u00e9es au tabagisme passif voient leur risque de d\u00e9velopper un cancer de la bouche augmenter de 51 %<a href=\"#_ftn4\" name=\"_ftnref4\">[4]<\/a>, et, pour les femmes, celui de pr\u00e9senter un cancer du sein augmenter d\u2019environ 30 %<a href=\"#_ftn5\" name=\"_ftnref5\">[5]<\/a>. Chez les nouveau-n\u00e9s, l\u2019exposition \u00e0 la fum\u00e9e secondaire double le risque de mort subite du nourrisson ; chez l\u2019enfant, elle augmente les risques d\u2019infections respiratoires,  d\u2019asthme, et d\u2019otites<a href=\"#_ftn6\" name=\"_ftnref6\">[6]<\/a>.<\/p>\n<p><strong>Mots cl\u00e9s : Tabagisme passif, sant\u00e9, c\u0153ur, maladie cardiaque, insuffisance cardiaque<\/strong><\/p>\n<p><strong><a href=\"https:\/\/www.generationsanstabac.org\/\">\u00a9G\u00e9n\u00e9ration Sans Tabac<\/a><\/strong><\/p>\n<hr \/>\n<p><a href=\"#_ftnref1\" name=\"_ftn1\">[1]<\/a> <a href=\"https:\/\/www.acc.org\/about-acc\/press-releases\/2021\/05\/05\/13\/54\/secondhand-smoke-linked-to-higher-odds-of-heart-failure\">Secondhand Smoke Linked to Higher Odds of Heart Failure<\/a>, American College of Cardiology, 5 mai 2021, consult\u00e9 le 11 mai 2021<\/p>\n<p><a href=\"#_ftnref2\" name=\"_ftn2\">[2]<\/a> Taylor R, Najafi F, Dobson A. Meta-analysis of studies of passive smoking and lung cancer: effects of study type and continent. Int J Epidemiol. 2007;36(5):1048-59.<\/p>\n<p><a href=\"#_ftnref3\" name=\"_ftn3\">[3]<\/a> Stayner L, Bena J, Sasco AJ, Smith R, Steenland K, Kreuzer M, et al. Lung cancer risk and workplace exposure to environmental tobacco smoke. Am J Public Health. 2007;97(3):545-51.<\/p>\n<p><a href=\"#_ftnref4\" name=\"_ftn4\">[4]<\/a> Mariano LC, Warnakulasuryia S, Straif K, et al. Secondhand smoke exposure and oral cancer risk: a systematic review and meta-analysis, Tob Control Epub ahead of print: [28\/04\/2021]. <a href=\"https:\/\/tobaccocontrol.bmj.com\/content\/tobaccocontrol\/early\/2021\/03\/18\/tobaccocontrol-2020-056393.full.pdf\">doi:10.1136\/tobaccocontrol-2020-056393<\/a><\/p>\n<p><a href=\"#_ftnref5\" name=\"_ftn5\">[5]<\/a> Johnson K. C. Accumulating evidence on passive and active smoking and breast cancer risk. Int J Cancer, 2005, 117 : 619-628.<\/p>\n<p><a href=\"#_ftnref6\" name=\"_ftn6\">[6]<\/a> Hill C. Les effets sur la sant\u00e9 du tabagisme passif. Bull Epid\u00e9miol Hebd. 2011;(20-21):233-5.<\/p>\n<p><span style=\"color: #999999;\"><strong><a style=\"color: #999999;\" href=\"http:\/\/www.cnct.fr\/\" target=\"_blank\" rel=\"noopener noreferrer\">Comit\u00e9 National Contre le Tabagisme |<\/a><\/strong><\/span><\/p>\n","protected":false},"excerpt":{"rendered":"<p>Exposure to secondhand smoke (passive smoking) is associated with an increased risk of developing heart failure, even in the absence of other risk factors, according to new data presented on May 16, 2021, at the American College of Cardiology Annual Meeting.<\/p>","protected":false},"featured_media":10532,"template":"","tags":[],"thematique":[474],"class_list":["post-20388","actualites","type-actualites","status-publish","has-post-thumbnail","hentry","thematique-sante"],"acf":[],"_links":{"self":[{"href":"https:\/\/www.generationsanstabac.org\/en\/wp-json\/wp\/v2\/actualites\/20388","targetHints":{"allow":["GET"]}}],"collection":[{"href":"https:\/\/www.generationsanstabac.org\/en\/wp-json\/wp\/v2\/actualites"}],"about":[{"href":"https:\/\/www.generationsanstabac.org\/en\/wp-json\/wp\/v2\/types\/actualites"}],"version-history":[{"count":0,"href":"https:\/\/www.generationsanstabac.org\/en\/wp-json\/wp\/v2\/actualites\/20388\/revisions"}],"wp:featuredmedia":[{"embeddable":true,"href":"https:\/\/www.generationsanstabac.org\/en\/wp-json\/wp\/v2\/media\/10532"}],"wp:attachment":[{"href":"https:\/\/www.generationsanstabac.org\/en\/wp-json\/wp\/v2\/media?parent=20388"}],"wp:term":[{"taxonomy":"post_tag","embeddable":true,"href":"https:\/\/www.generationsanstabac.org\/en\/wp-json\/wp\/v2\/tags?post=20388"},{"taxonomy":"thematique","embeddable":true,"href":"https:\/\/www.generationsanstabac.org\/en\/wp-json\/wp\/v2\/thematique?post=20388"}],"curies":[{"name":"wp","href":"https:\/\/api.w.org\/{rel}","templated":true}]}}