{"id":20381,"date":"2021-05-28T14:14:20","date_gmt":"2021-05-28T12:14:20","guid":{"rendered":"https:\/\/www.generationsanstabac.org\/actualites\/stabilisation-du-tabagisme-en-france-en-2020\/"},"modified":"2021-05-28T14:14:20","modified_gmt":"2021-05-28T12:14:20","slug":"stabilisation-du-tabagisme-en-france-en-2020","status":"publish","type":"actualites","link":"https:\/\/www.generationsanstabac.org\/en\/actualites\/stabilisation-du-tabagisme-en-france-en-2020\/","title":{"rendered":"Stabilization of smoking in France in 2020"},"content":{"rendered":"<p style=\"text-align: justify;\"><em>Le Barom\u00e8tre de Sant\u00e9 Publique France indique une pause dans la baisse du tabagisme, mais une augmentation de celui-ci parmi les populations d\u00e9favoris\u00e9es, ant\u00e9rieure \u00e0 la crise de la COVID-19.<\/em><\/p>\n<p style=\"text-align: justify;\">D\u00e9voil\u00e9s \u00e0 l\u2019occasion de la Journ\u00e9e mondiale sans tabac, le 31 mai, les derniers chiffres de la consommation de tabac publi\u00e9s par Sant\u00e9 Publique France sonnent comme une alerte. Apr\u00e8s plusieurs ann\u00e9es de baisse de la pr\u00e9valence de tabagisme entre 2014 et 2019, ils montrent une relative stagnation des consommations et confirment le poids des disparit\u00e9s sociales.<\/p>\n<h2 style=\"text-align: justify;\"><strong>Augmentation du tabagisme quotidien des populations d\u00e9favoris\u00e9es<\/strong><\/h2>\n<p style=\"text-align: justify;\">L\u2019\u00e9dition 2020 du Barom\u00e8tre de Sant\u00e9 Publique France a \u00e9t\u00e9, crise sanitaire oblige, exceptionnellement r\u00e9alis\u00e9e en deux temps, d\u2019abord du 8 janvier au 16 mars 2020, puis du 4 juin au 28 juillet [1]. Au total, 14 873 personnes ont \u00e9t\u00e9 interrog\u00e9es, ce qui en fait l\u2019une des principales enqu\u00eates de grande ampleur en France, bien qu\u2019elle s\u2019appuie sur des d\u00e9claratifs. Cette ann\u00e9e, les 76-85 ans ont \u00e9t\u00e9 int\u00e9gr\u00e9s \u00e0 l\u2019enqu\u00eate ; par souci de comparaison avec les ann\u00e9es ant\u00e9rieures, les r\u00e9sultats sont surtout analys\u00e9s pour la tranche des 18-75 ans.<\/p>\n<p style=\"text-align: justify;\">En 2020, 31,8% des 18-75 ans se d\u00e9claraient fumeurs (36,2% des hommes et 27,7% des femmes) ; 25,5% \u00e9taient des fumeurs quotidiens (29,1% des hommes et 22% des femmes), alors qu\u2019ils n\u2019\u00e9taient que 24% en 2019. Une augmentation jug\u00e9e non significative par les auteurs, qui pointent en revanche une augmentation sensible (de 29,8% \u00e0 33,3%) du tabagisme quotidien parmi le tiers de la population aux revenus les moins \u00e9lev\u00e9s. Cette variation se v\u00e9rifie tant sur le plan du revenu mensuel du foyer que sur ceux du niveau de dipl\u00f4me ou de l\u2019activit\u00e9 professionnelle des personnes interrog\u00e9es. La pr\u00e9valence de tabagisme quotidien diminue \u00e0 mesure que le revenu mensuel du foyer s\u2019\u00e9l\u00e8ve.<\/p>\n<p style=\"text-align: justify;\">Concernant la cigarette \u00e9lectronique, la proportion de personnes l\u2019ayant d\u00e9j\u00e0 exp\u00e9riment\u00e9e passe de 34,4% en 2019 \u00e0 37,4% en 2020 ; 5,4% des personnes d\u00e9clarent en avoir un usage actuel et 4,3% un usage quotidien, de fa\u00e7on similaire \u00e0 2019.<\/p>\n<h2 style=\"text-align: justify;\"><strong>Une tendance ant\u00e9rieure \u00e0 la crise sanitaire<\/strong><\/h2>\n<p style=\"text-align: justify;\">L\u2019interpr\u00e9tation de ces r\u00e9sultats minimise l\u2019impact du confinement de 2020 sur ces augmentations de consommation. La majeure partie de l\u2019enqu\u00eate a en effet eu lieu avant le premier confinement, ce qui conduit les auteurs \u00e0 estimer que la hausse des consommations a plut\u00f4t eu lieu entre 2019 et mars 2020. Ils attribuent cette hausse au contexte de crise sociale, sensible depuis fin 2018 avec le mouvement des Gilets Jaunes et touchant davantage les milieux d\u00e9favoris\u00e9s. Ils concluent \u00e0 la n\u00e9cessit\u00e9 de r\u00e9installer les conditions favorables \u00e0 une baisse du tabagisme, en renfor\u00e7ant les actions aupr\u00e8s des populations les plus vuln\u00e9rables.<\/p>\n<p style=\"text-align: justify;\">D\u2019autres \u00e9tudes ont par ailleurs montr\u00e9 que les cons\u00e9quences du premier confinement sur les consommations de tabac \u00e9taient tr\u00e8s variables : certaines personnes ont augment\u00e9 leur consommation, mais elles sont nombreuses \u00e0 avoir r\u00e9duit ou cess\u00e9 leur usage de tabac au cours de cette p\u00e9riode. Au printemps 2020, la baisse de la consommation se poursuivait. Un an plus tard, l\u2019impact des reconfinements et la longueur de la crise sanitaire semblent en revanche avoir accentu\u00e9 les consommations de tabac (et de m\u00e9dicaments psychotropes) des personnes psychologiquement les plus fragiles [2]. Une tendance qui ne sera v\u00e9ritablement v\u00e9rifi\u00e9e qu\u2019\u00e0 travers les \u00e9tudes que publiera Sant\u00e9 Publique France en 2022.<\/p>\n<p style=\"text-align: justify;\"><strong>Mots-cl\u00e9s : Barom\u00e8tre Sant\u00e9, France, Covid-19, Crise sanitaire, consommation tabac, pr\u00e9valence, <\/strong><\/p>\n<p><strong><a href=\"https:\/\/www.generationsanstabac.org\/\">\u00a9G\u00e9n\u00e9ration Sans Tabac<\/a><\/strong><\/p>\n<hr \/>\n<p>[1] Pasquereau A, Andler R, Guignard R, Soullier N, Gautier A, Richard JB, Nguyen-Thanh V, <a href=\"http:\/\/beh.santepubliquefrance.fr\/beh\/2021\/8\/2021_8_1.html\"><em>Consommation de tabac parmi les adultes en 2020 : re\u0301sultats du Barome\u0300tre de Sante\u0301 Publique France<\/em><\/a><em>. <\/em>Bull Epide\u0301miol Hebd. 2021;(8):132-9.<\/p>\n<p>[2] Association Addictions France, <a href=\"https:\/\/addictions-france.org\/actualites\/addictions-et-crise-sanitaire-enquete-bva-addictions-france-2-4453\/\"><em>Addictions et crise sanitaire &#8211; Enqu\u00eate nationale BVA\/Addictions France<\/em><\/a><em>. <\/em>Publi\u00e9 le 8 avril 2021, consult\u00e9 le 26 mai 2021.<\/p>\n<p><span style=\"color: #999999;\"><strong><a style=\"color: #999999;\" href=\"http:\/\/www.cnct.fr\/\" target=\"_blank\" rel=\"noopener noreferrer\">Comit\u00e9 National Contre le Tabagisme |<\/a><\/strong><\/span><\/p>\n","protected":false},"excerpt":{"rendered":"<p>The French Public Health Barometer indicates a pause in the decline in smoking, but an increase in smoking among disadvantaged populations, prior to the COVID-19 crisis.<\/p>","protected":false},"featured_media":20382,"template":"","tags":[],"thematique":[474],"class_list":["post-20381","actualites","type-actualites","status-publish","has-post-thumbnail","hentry","thematique-sante"],"acf":[],"_links":{"self":[{"href":"https:\/\/www.generationsanstabac.org\/en\/wp-json\/wp\/v2\/actualites\/20381","targetHints":{"allow":["GET"]}}],"collection":[{"href":"https:\/\/www.generationsanstabac.org\/en\/wp-json\/wp\/v2\/actualites"}],"about":[{"href":"https:\/\/www.generationsanstabac.org\/en\/wp-json\/wp\/v2\/types\/actualites"}],"version-history":[{"count":0,"href":"https:\/\/www.generationsanstabac.org\/en\/wp-json\/wp\/v2\/actualites\/20381\/revisions"}],"wp:featuredmedia":[{"embeddable":true,"href":"https:\/\/www.generationsanstabac.org\/en\/wp-json\/wp\/v2\/media\/20382"}],"wp:attachment":[{"href":"https:\/\/www.generationsanstabac.org\/en\/wp-json\/wp\/v2\/media?parent=20381"}],"wp:term":[{"taxonomy":"post_tag","embeddable":true,"href":"https:\/\/www.generationsanstabac.org\/en\/wp-json\/wp\/v2\/tags?post=20381"},{"taxonomy":"thematique","embeddable":true,"href":"https:\/\/www.generationsanstabac.org\/en\/wp-json\/wp\/v2\/thematique?post=20381"}],"curies":[{"name":"wp","href":"https:\/\/api.w.org\/{rel}","templated":true}]}}