{"id":20369,"date":"2021-05-17T07:45:28","date_gmt":"2021-05-17T05:45:28","guid":{"rendered":"https:\/\/www.generationsanstabac.org\/actualites\/en-floride-une-loi-sur-le-tabac-suscite-la-critique-des-organismes-de-sante\/"},"modified":"2021-05-17T07:45:28","modified_gmt":"2021-05-17T05:45:28","slug":"en-floride-une-loi-sur-le-tabac-suscite-la-critique-des-organismes-de-sante","status":"publish","type":"actualites","link":"https:\/\/www.generationsanstabac.org\/en\/actualites\/en-floride-une-loi-sur-le-tabac-suscite-la-critique-des-organismes-de-sante\/","title":{"rendered":"Florida Tobacco Law Draws Criticism From Health Agencies"},"content":{"rendered":"<p style=\"text-align: justify;\"><em>En Floride, le gouverneur r\u00e9publicain Ron DeSantis a sign\u00e9 une loi permettant de relever l\u2019\u00e2ge l\u00e9gal pour acheter des produits du tabac et de la nicotine \u00e0 21 ans. Les organisations de la sant\u00e9 ont toutefois exprim\u00e9 leur opposition \u00e0 la loi, jug\u00e9e incompl\u00e8te et insatisfaisante. <\/em><\/p>\n<p style=\"text-align: justify;\">En 2019, le Congr\u00e8s am\u00e9ricain avait adopt\u00e9 une loi visant \u00e0 interdire la vente de tabac aux moins de 21 ans, mais ne rev\u00eatant pas un caract\u00e8re obligatoire pour les Etats am\u00e9ricains. Le projet de loi SB 1080, vise en fait \u00e0 aligner la r\u00e9glementation de la Floride sur la loi f\u00e9d\u00e9rale. Il entrera en vigueur en octobre 2021.<\/p>\n<h2 style=\"text-align: justify;\"><strong>Une loi critiqu\u00e9e par les acteurs de la sant\u00e9 publique<\/strong><\/h2>\n<p style=\"text-align: justify;\">Le projet de loi, sign\u00e9 par Ron DeSantis, annonc\u00e9 par Donald Trump comme son potentiel vice-pr\u00e9sident si ce dernier venait \u00e0 \u00eatre \u00e9lu en 2024, a suscit\u00e9 le m\u00e9contentement des groupes de sant\u00e9 en Floride. Selon eux, la mise en place de cette loi, prenant le pas sur le droit local, emp\u00eachera l\u2019instauration de r\u00e9glementations locales plus ambitieuses, notamment sur les strat\u00e9gies de commercialisation et de marketing des produits du tabac et du vapotage. Par exemple, la ville de Daytona Beach en Floride, a publi\u00e9 une ordonnance restreignant les publicit\u00e9s ext\u00e9rieures des produits du tabac, ainsi que les actions de parrainage des fabricants. De la m\u00eame mani\u00e8re, plusieurs comt\u00e9s en Floride r\u00e9glementent les endroits o\u00f9 les produits aromatis\u00e9s du tabac peuvent \u00eatre expos\u00e9s dans les d\u00e9bits<a href=\"#_ftn1\" name=\"_ftnref1\">[1]<\/a>.<\/p>\n<h2 style=\"text-align: justify;\"><strong>Des exemptions de restrictions incompr\u00e9hensibles<\/strong><\/h2>\n<p style=\"text-align: justify;\">Les d\u00e9tracteurs du projet de loi sign\u00e9 par DeSantis pointent \u00e9galement un autre probl\u00e8me. Le texte exempt les membres de l\u2019arm\u00e9e de la restriction d\u2019\u00e2ge pour l\u2019achat de produits du tabac et du vapotage. Pour Rob Crane, pr\u00e9sident de l\u2019organisme de lutte antitabac Tobacco 21, ce passe-droit est un contre-sens. Selon, lui, \u00ab autoriser la vente de tabac et de nicotine aux militaires de moins de 21 ans sape la mission de service public de nos dirigeants militaires, et menace l\u2019entra\u00eenement comme la sant\u00e9 des troupes \u00bb<a href=\"#_ftn2\" name=\"_ftnref2\">[2]<\/a>.<\/p>\n<h2 style=\"text-align: justify;\"><strong>Une loi qui n\u2019int\u00e8gre pas suffisamment le caract\u00e8re industriel de l\u2019\u00e9pid\u00e9mie tabagique <\/strong><\/h2>\n<p style=\"text-align: justify;\">Enfin, la proposition de loi suscite la critique des d\u00e9fenseurs de la sant\u00e9 publique, en raison du fait qu\u2019elle ne revient pas sur la politique de r\u00e9pression des mineurs consommateurs de tabac. En effet, un certain nombre d\u2019Etats am\u00e9ricains ont mis en place d\u00e8s la fin des ann\u00e9es 80 une mesure visant \u00e0 p\u00e9naliser les mineurs surpris en tant d\u2019acheter, poss\u00e9der ou consommer des produits du tabac. La mesure, appel\u00e9e lois PUP (purchase, use and possession), est point\u00e9e du doigt pour son caract\u00e8re inefficace, et dans les faits davantage discriminant envers les minorit\u00e9s de couleur. Les opposants aux lois PUP critiquent le paradigme m\u00eame de cette derni\u00e8re, qui ne prend en compte dans le tabagisme des adolescents que la responsabilit\u00e9 de ceux-ci, sans tenir compte de la responsabilit\u00e9 directe des compagnies de tabac dans la diffusion d\u2019une \u00e9pid\u00e9mie industrielle et p\u00e9diatrique<a href=\"#_ftn3\" name=\"_ftnref3\">[3]<\/a>. En principe, les politiques efficaces de sant\u00e9 publique visent \u00e0 faire porter la responsabilit\u00e9 sur le revendeur, contraint de v\u00e9rifier syst\u00e9matiquement l\u2019\u00e2ge de l\u2019acheteur.<\/p>\n<h2 style=\"text-align: justify;\"><strong>Un premier projet de loi avort\u00e9<\/strong><\/h2>\n<p style=\"text-align: justify;\">Un an avant la signature de cette loi, l\u2019ancien s\u00e9nateur David Simmons avait port\u00e9 un projet de loi similaire, avec toutefois des diff\u00e9rences notables. Ainsi, le texte de loi proposait \u00e9galement l\u2019interdiction totale de la vente des cigarettes \u00e9lectroniques aromatis\u00e9es, et n\u2019avait pas la possibilit\u00e9 d\u2019emp\u00eacher les initiatives r\u00e9glementaires locales. Apr\u00e8s une forte opposition de l\u2019industrie de la nicotine, ce projet de loi a toutefois \u00e9t\u00e9 mis au ban par un veto de DeSantis, invoquant notamment le danger du d\u00e9veloppement d\u2019un commerce illicite<a href=\"#_ftn4\" name=\"_ftnref4\">[4]<\/a>. Le gouverneur de l\u2019Etat avait alors indiqu\u00e9 : \u00ab R\u00e9duire la consommation de tous les produits de la nicotine -y compris le vapotage- chez nos jeunes est un objectif important, mais il ne sera pas atteint par l\u2019\u00e9limination de produits l\u00e9gaux pour adultes, ni en d\u00e9truisant les petites entreprises qui offrent \u00e0 ces m\u00eames adultes des alternatives moins risqu\u00e9es aux cigarettes \u00bb<a href=\"#_ftn5\" name=\"_ftnref5\">[5]<\/a>. Pourtant, la moindre nocivit\u00e9 des nouveaux produits du tabac reste encore largement \u00e0 d\u00e9montrer, en particulier pour le tabac chauff\u00e9. Par ailleurs, la multiplication des ar\u00f4mes dans les cigarettes \u00e9lectroniques vise en partie \u00e0 cibler les jeunes g\u00e9n\u00e9rations, afin de les entra\u00eener dans une d\u00e9pendance nicotinique, allant \u00e0 l\u2019encontre des objectifs de sant\u00e9 publique.<\/p>\n<p><strong>Mots-cl\u00e9s : Floride, DeSantis, R\u00e9glementation, Mineurs<br \/>\n<\/strong><\/p>\n<p>\u00a9<span id=\"docid\">JOE MARINO\/UPI\/MAXPPP<\/span><\/p>\n<p><strong><a href=\"https:\/\/www.generationsanstabac.org\/\">\u00a9G\u00e9n\u00e9ration Sans Tabac<\/a><\/strong><\/p>\n<hr \/>\n<p style=\"text-align: justify;\"><a href=\"#_ftnref1\" name=\"_ftn1\">[1]<\/a> News Journal, <a href=\"https:\/\/eu.news-journalonline.com\/story\/news\/state\/2021\/05\/10\/gov-ron-desantis-signs-bill-raising-age-tobacco-vaping-21\/5018697001\/\">Gov. Ron DeSantis signs law raising Florida age to purchase nicotine devices to 21<\/a>, (consult\u00e9 le 12\/05\/2021)<\/p>\n<p style=\"text-align: justify;\"><a href=\"#_ftnref2\" name=\"_ftn2\">[2]<\/a> Florida Politics, <a href=\"https:\/\/floridapolitics.com\/archives\/421554-tobacco-21-advocates-say-floridas-bills-fall-short\/\">Florida&rsquo;s T21 bills would flout federal law, anti-smoking group says<\/a>, 21\/04\/2021, (consult\u00e9 le 12\/05\/2021)<\/p>\n<p style=\"text-align: justify;\"><a href=\"#_ftnref3\" name=\"_ftn3\">[3]<\/a> ChangeLab Solutions, <a href=\"https:\/\/www.changelabsolutions.org\/product\/pup-smoke\">PUP in Smoke, Why youth tobacco possession &amp; use penalties are ineffective &amp; inequitable<\/a>, (consult\u00e9 le 12\/05\/2021)<\/p>\n<p style=\"text-align: justify;\"><a href=\"#_ftnref4\" name=\"_ftn4\">[4]<\/a> Tampa Bay Times, <a href=\"https:\/\/www.tampabay.com\/news\/florida-politics\/2021\/04\/28\/legal-age-for-vaping-to-increase-to-21-in-bill-headed-to-desantis\/\">Legal age for vaping to increase to 21 in bill headed to DeSantis<\/a>, 03\/02\/2021, (consult\u00e9 le 12\/05\/2021)<\/p>\n<p style=\"text-align: justify;\"><a href=\"#_ftnref5\" name=\"_ftn5\">[5]<\/a> Vaping Post, <a href=\"https:\/\/www.vapingpost.com\/2021\/04\/30\/florida-senate-passes-tobacco-age-bill\/\">Florida Senate Passes Tobacco Age Bill<\/a>, 30\/04\/2021, (consult\u00e9 le 12\/05\/2021)<\/p>\n<p><span style=\"color: #999999;\"><strong><a style=\"color: #999999;\" href=\"http:\/\/www.cnct.fr\/\" target=\"_blank\" rel=\"noopener noreferrer\">Comit\u00e9 National Contre le Tabagisme |<\/a><\/strong><\/span><\/p>\n","protected":false},"excerpt":{"rendered":"<p>In Florida, Republican Governor Ron DeSantis signed a bill raising the legal age for purchasing tobacco and nicotine products to 21. Health organizations, however, have expressed opposition to the law, calling it incomplete and inadequate.<\/p>","protected":false},"featured_media":10506,"template":"","tags":[],"thematique":[502,474],"class_list":["post-20369","actualites","type-actualites","status-publish","has-post-thumbnail","hentry","thematique-justice","thematique-sante"],"acf":[],"_links":{"self":[{"href":"https:\/\/www.generationsanstabac.org\/en\/wp-json\/wp\/v2\/actualites\/20369","targetHints":{"allow":["GET"]}}],"collection":[{"href":"https:\/\/www.generationsanstabac.org\/en\/wp-json\/wp\/v2\/actualites"}],"about":[{"href":"https:\/\/www.generationsanstabac.org\/en\/wp-json\/wp\/v2\/types\/actualites"}],"version-history":[{"count":0,"href":"https:\/\/www.generationsanstabac.org\/en\/wp-json\/wp\/v2\/actualites\/20369\/revisions"}],"wp:featuredmedia":[{"embeddable":true,"href":"https:\/\/www.generationsanstabac.org\/en\/wp-json\/wp\/v2\/media\/10506"}],"wp:attachment":[{"href":"https:\/\/www.generationsanstabac.org\/en\/wp-json\/wp\/v2\/media?parent=20369"}],"wp:term":[{"taxonomy":"post_tag","embeddable":true,"href":"https:\/\/www.generationsanstabac.org\/en\/wp-json\/wp\/v2\/tags?post=20369"},{"taxonomy":"thematique","embeddable":true,"href":"https:\/\/www.generationsanstabac.org\/en\/wp-json\/wp\/v2\/thematique?post=20369"}],"curies":[{"name":"wp","href":"https:\/\/api.w.org\/{rel}","templated":true}]}}