{"id":20338,"date":"2021-04-16T07:57:27","date_gmt":"2021-04-16T05:57:27","guid":{"rendered":"https:\/\/www.generationsanstabac.org\/actualites\/consequences-sante-exposition-tabac-a-tous-les-ages-de-lenfance\/"},"modified":"2021-04-16T07:57:27","modified_gmt":"2021-04-16T05:57:27","slug":"consequences-sante-exposition-tabac-a-tous-les-ages-de-lenfance","status":"publish","type":"actualites","link":"https:\/\/www.generationsanstabac.org\/en\/actualites\/consequences-sante-exposition-tabac-a-tous-les-ages-de-lenfance\/","title":{"rendered":"Health consequences of tobacco exposure at all ages of childhood"},"content":{"rendered":"<p style=\"text-align: justify;\"><em>Une \u00e9tude fait la synth\u00e8se des diff\u00e9rents dommages de l\u2019exposition au tabac sur la sant\u00e9 des enfants, dont certains sont d\u00e9montr\u00e9s depuis de nombreuses ann\u00e9es [1]. Des cons\u00e9quences sanitaires qui s\u2019observent aussi bien avant qu\u2019apr\u00e8s la naissance, puis touchent les adolescents. <\/em><\/p>\n<h2 style=\"text-align: justify;\">La gravit\u00e9 de l\u2019exposition au tabagisme passif durant la grossesse<\/h2>\n<p style=\"text-align: justify;\">La consommation de tabac chez les femmes enceintes et les adolescents en France est l\u2019une des plus importantes d\u2019Europe. Une enqu\u00eate nationale de 2016 estime qu\u2019environ 30% de femmes enceintes fument avant leur grossesse et que la moiti\u00e9 d\u2019entre elles fument encore au 3<sup>\u00e8me<\/sup> trimestre de grossesse [2]. Une majorit\u00e9 de ces fumeuses durant la grossesse fument aussi apr\u00e8s l\u2019accouchement et contribuent ainsi, avec ou sans l\u2019autre parent, \u00e0 exposer les enfants au tabagisme environnemental (ou tabagisme passif).<\/p>\n<p style=\"text-align: justify;\">Les principales cons\u00e9quences sur le f\u0153tus de cette exposition au tabac avant la naissance sont bien document\u00e9es : certaines malformations (cardiopathies cong\u00e9nitales, anomalies osseuses, de la face et du tube digestif) ; mort f\u0153tale <em>in utero<\/em> (+50%)<em> <\/em>; petit poids \u00e0 la naissance (x 2) ; augmentation du risque de pr\u00e9maturit\u00e9 (environ +10%) ; fausses couches pr\u00e9coces.<\/p>\n<h2 style=\"text-align: justify;\">Des risques aussi pr\u00e9sents apr\u00e8s la naissance<\/h2>\n<p style=\"text-align: justify;\">Certaines cons\u00e9quences de cette exposition pr\u00e9natale sont aussi observables apr\u00e8s la naissance : risques accrus de mort subite du nourrisson (x 2 \u00e0 4), d\u2019asthme, de pathologies et d\u2019infections respiratoires, de surpoids et d\u2019ob\u00e9sit\u00e9 (x 1,5 \u00e0 2). L\u2019intensit\u00e9 et la dur\u00e9e de consommation, ainsi que l\u2019arr\u00eat du tabac durant la grossesse, influent sur ces dommages sanitaires.<\/p>\n<p style=\"text-align: justify;\">Tout au cours de l\u2019enfance, l\u2019exposition \u00e0 la fum\u00e9e de tabac au sein du domicile augmente chez les enfants les risques de mort subite du nourrisson (x 2 \u00e0 3), d\u2019asthme, de pathologies et d\u2019infections respiratoires (bronchiolites), ainsi que de pathologies oto-rhino-laryng\u00e9es (ORL).<\/p>\n<p style=\"text-align: justify;\">Les pathologies rencontr\u00e9es chez les adolescents ayant commenc\u00e9 \u00e0 fumer sont les m\u00eames que celles des adultes et surviennent plus tardivement : elles sont cardiovasculaires, respiratoires, m\u00e9taboliques (diab\u00e8te type II), neurologiques (d\u00e9mences) et comportent aussi des cancers, des parodontites (gencives), des troubles de la fertilit\u00e9 et des fragilit\u00e9s osseuses et cutan\u00e9es. En 2017, 25% des lyc\u00e9ens \u00e9taient fumeurs, 59% d\u2019entre eux avaient d\u00e9j\u00e0 fum\u00e9 au moins une cigarette et 52% avaient d\u00e9j\u00e0 exp\u00e9riment\u00e9 la cigarette \u00e9lectronique [3].<\/p>\n<h2 style=\"text-align: justify;\">Parvenir \u00e0 une g\u00e9n\u00e9ration sans tabac<\/h2>\n<p style=\"text-align: justify;\">Le Programme national de lutte contre le tabac (PNLT) 2018-2022 pr\u00e9voit de parvenir d\u2019ici 2032 \u00e0 la premi\u00e8re g\u00e9n\u00e9ration sans tabac, \u00e0 savoir un taux d\u2019adultes fumeurs inf\u00e9rieur \u00e0 5% parmi les personnes n\u00e9es \u00e0 partir de 2014 [4].<\/p>\n<p style=\"text-align: justify;\">Pour parvenir \u00e0 cet objectif, l\u2019ensemble des mesures de protection contre le tabagisme, n\u00e9cessitent d\u2019\u00eatre d\u00e9ploy\u00e9es durablement et de mani\u00e8re coordonn\u00e9e afin d\u2019en renforcer les effets. Celles-ci doivent \u00e9galement \u00eatre d\u00e9clin\u00e9es, si besoin, en fonction de certains publics prioritaires. Ainsi \u00e0 titre d\u2019illustration : les femmes et leur conjoint gagneraient \u00e0 \u00eatre davantage sensibilis\u00e9s, bien avant la grossesse, sur les cons\u00e9quences de l\u2019exposition au tabagisme passif in utero et environnemental.<\/p>\n<p><strong>Mots-cl\u00e9s : enfants \u2013 grossesse \u2013 pathologies \u2013 exposition \u2013 tabagisme environnemental<\/strong><\/p>\n<p><strong><a href=\"https:\/\/www.generationsanstabac.org\/\">\u00a9G\u00e9n\u00e9ration Sans Tabac<\/a><\/strong><\/p>\n<hr \/>\n<p>[1] Torchin H, Diguisto C. Cons\u00e9quences somatiques de l\u2019exposition au tabac chez l\u2019enfant et l\u2019adolescent. <em>La Revue du Praticien<\/em>, vol. 71, mars 2021.<\/p>\n<p>[2] Demiguel V, Bonnet C, Andler R, et al. E\u0301volution de la consommation de tabac a\u0300 l\u2019occasion d\u2019une grossesse en France en 2016. <em>Bulletin Epid\u00e9miologique Hebdomadaire<\/em>, 2018;(35-36):694-703. http:\/\/invs.santepubliquefrance.fr\/ ou http:\/\/bit.ly\/3qxLz7A<\/p>\n<p>[3] Spilka S, Le Ne\u0301zet O, Janssen E, Brissot A, Shah J, Chyderiotis S. Les drogues \u00e0 17 ans : analyse de l\u2019enqu\u00eate ESCAPAD 2017. <em>Tendances<\/em>, OFDT, f\u00e9vrier 2018.<\/p>\n<p>[4] Ministe\u0300re des Solidarite\u0301s et de la Sante\u0301, ministe\u0300re de l\u2019Action et des Comptes publics. <em>Programme national de lutte contre le tabac 2018-2022.<\/em> https:\/\/solidarites- sante.gouv.fr\/ ou http:\/\/bit.ly\/2MLHNbl<\/p>\n<p><span style=\"color: #999999;\"><strong><a style=\"color: #999999;\" href=\"http:\/\/www.cnct.fr\/\" target=\"_blank\" rel=\"noopener noreferrer\">Comit\u00e9 National Contre le Tabagisme |<\/a><\/strong><\/span><\/p>\n","protected":false},"excerpt":{"rendered":"<p>A study summarizes the various harms of tobacco exposure to children&#039;s health, some of which have been demonstrated for many years. These health consequences are observed both before and after birth, and then affect adolescents.<\/p>","protected":false},"featured_media":10455,"template":"","tags":[],"thematique":[474],"class_list":["post-20338","actualites","type-actualites","status-publish","has-post-thumbnail","hentry","thematique-sante"],"acf":[],"_links":{"self":[{"href":"https:\/\/www.generationsanstabac.org\/en\/wp-json\/wp\/v2\/actualites\/20338","targetHints":{"allow":["GET"]}}],"collection":[{"href":"https:\/\/www.generationsanstabac.org\/en\/wp-json\/wp\/v2\/actualites"}],"about":[{"href":"https:\/\/www.generationsanstabac.org\/en\/wp-json\/wp\/v2\/types\/actualites"}],"version-history":[{"count":0,"href":"https:\/\/www.generationsanstabac.org\/en\/wp-json\/wp\/v2\/actualites\/20338\/revisions"}],"wp:featuredmedia":[{"embeddable":true,"href":"https:\/\/www.generationsanstabac.org\/en\/wp-json\/wp\/v2\/media\/10455"}],"wp:attachment":[{"href":"https:\/\/www.generationsanstabac.org\/en\/wp-json\/wp\/v2\/media?parent=20338"}],"wp:term":[{"taxonomy":"post_tag","embeddable":true,"href":"https:\/\/www.generationsanstabac.org\/en\/wp-json\/wp\/v2\/tags?post=20338"},{"taxonomy":"thematique","embeddable":true,"href":"https:\/\/www.generationsanstabac.org\/en\/wp-json\/wp\/v2\/thematique?post=20338"}],"curies":[{"name":"wp","href":"https:\/\/api.w.org\/{rel}","templated":true}]}}