{"id":20307,"date":"2021-03-16T14:28:00","date_gmt":"2021-03-16T13:28:00","guid":{"rendered":"https:\/\/www.generationsanstabac.org\/actualites\/importance-lutte-antitabac-sante-developpement-enfants\/"},"modified":"2021-03-16T14:28:00","modified_gmt":"2021-03-16T13:28:00","slug":"importance-lutte-antitabac-sante-developpement-enfants","status":"publish","type":"actualites","link":"https:\/\/www.generationsanstabac.org\/en\/actualites\/importance-lutte-antitabac-sante-developpement-enfants\/","title":{"rendered":"The importance of tobacco control on children&#039;s health and development"},"content":{"rendered":"<p style=\"text-align: justify;\"><em>Un nouveau <\/em><a href=\"https:\/\/apps.who.int\/iris\/bitstream\/handle\/10665\/340162\/9789240022218-eng.pdf?sequence=1&amp;isAllowed=y\"><em>rapport<\/em><\/a><em> de l\u2019Organisation Mondiale de la Sant\u00e9 (OMS)<a href=\"#_ftn1\" name=\"_ftnref1\"><strong>[1]<\/strong><\/a> met en \u00e9vidence les risques pour la sant\u00e9 que pose le tabac aux enfants, en particulier aux nourrissons et aux jeunes enfants, et le fort effet protecteur des mesures de lutte antitabac. Il appelle \u00e0 sensibiliser les d\u00e9cideurs \u00e0 l\u2019importance de mesures \u00e9prouv\u00e9es de lutte antitabac pour prot\u00e9ger la sant\u00e9 et le d\u00e9veloppement des enfants, notamment \u00e0 travers l\u2019interdiction de la publicit\u00e9 en faveur du tabac, la mise en place des lieux sans tabac et l\u2019augmentation des taxes sur le tabac.<\/em><\/p>\n<p style=\"text-align: justify;\">On d\u00e9nombre plus de 1,1 milliard de fumeurs r\u00e9guliers dans le monde et, chaque ann\u00e9e, 8 millions de personnes d\u00e9c\u00e8dent pr\u00e9matur\u00e9ment de maladies li\u00e9es au tabac. Selon un nouveau <a href=\"https:\/\/apps.who.int\/iris\/bitstream\/handle\/10665\/340162\/9789240022218-eng.pdf?sequence=1&amp;isAllowed=y\">rapport<\/a> de l\u2019OMS, la fum\u00e9e secondaire tue environ 1,2 million de personnes chaque ann\u00e9e et 65 000 de ces d\u00e9c\u00e8s \u00e9vitables concernent des enfants de moins de 15 ans<a href=\"#_ftn2\" name=\"_ftnref2\">[2]<\/a>. Le tabac alt\u00e8re la sant\u00e9 des enfants de diverses mani\u00e8res. In utero, ils peuvent \u00eatre expos\u00e9s au tabagisme passif lorsque la m\u00e8re consomme directement du tabac ou est expos\u00e9e elle-m\u00eame au tabagisme passif.  L&rsquo;exposition pr\u00e9natale \u00e0 la fum\u00e9e de tabac peut entra\u00eener des anomalies cong\u00e9nitales, une naissance pr\u00e9matur\u00e9e, un retard de croissance et une mortinaissance. Apr\u00e8s la naissance, l&rsquo;exposition \u00e0 la fum\u00e9e secondaire augmente les risques de d\u00e9c\u00e8s n\u00e9onatal et infantile ainsi que les infections des voies respiratoires. De plus, l&rsquo;exposition pr\u00e9coce \u00e0 la fum\u00e9e de tabac augmente la probabilit\u00e9 que l&rsquo;enfant devienne fumeur plus tard dans la vie. Les enfants dont les parents fument sont pr\u00e8s de 70% plus susceptibles d&rsquo;essayer de fumer \u00e0 l&rsquo;\u00e2ge de 15 ans<a href=\"#_ftn3\" name=\"_ftnref3\">[3]<\/a>.<\/p>\n<h2 style=\"text-align: justify;\">Les politiques antitabac globales et compl\u00e8tes sont essentielles pour les jeunes enfants<\/h2>\n<p style=\"text-align: justify;\">Sur la base des trait\u00e9s internationaux, en particulier la Convention relative aux droits de l\u2019enfant<a href=\"#_ftn4\" name=\"_ftnref4\">[4]<\/a>, il existe un consensus selon lequel chaque enfant devrait avoir le droit de grandir prot\u00e9g\u00e9s des effets n\u00e9fastes du tabac sur la sant\u00e9. Les enfants, en particulier lorsqu&rsquo;ils sont jeunes, d\u00e9pendent enti\u00e8rement des d\u00e9cisions prises par les adultes en ce qui concerne l&rsquo;exposition au tabac et \u00e0 la fum\u00e9e secondaire. Les politiques de lutte antitabac peuvent aider \u00e0 orienter ces d\u00e9cisions. Diff\u00e9rentes mesures vont dans ce sens : information du public sur les dangers du tabagisme et de l&rsquo;exposition \u00e0 la fum\u00e9e secondaire, prise en charge de l\u2019arr\u00eat du tabac, interdiction de fumer dans les lieux publics et dans les voitures, r\u00e9duction du tabagisme parental par une diminution de l&rsquo;attractivit\u00e9 et accessibilit\u00e9 des produits du tabac via les augmentations de prix et restrictions de commercialisation etc.<\/p>\n<p style=\"text-align: justify;\">Les augmentations des taxes sur le tabac sont consid\u00e9r\u00e9es comme la mesure la plus efficace pour r\u00e9duire la pr\u00e9valence du tabagisme. Pourtant seuls 14% de la population mondiale vivent dans des pays o\u00f9 les taxes sur le tabac sont aux niveaux recommand\u00e9s par l&rsquo;OMS<a href=\"#_ftn5\" name=\"_ftnref5\">[5]<\/a>.<\/p>\n<p style=\"text-align: justify;\">L\u2019instauration des lieux totalement sans tabac repr\u00e9sente quant \u00e0 elle la disposition la plus adapt\u00e9e pour prot\u00e9ger la sant\u00e9 des enfants de l\u2019exposition au tabagisme passif. Cette derni\u00e8re mesure est tr\u00e8s soutenue par l\u2019ensemble de la population, non-fumeur comme fumeur. L\u2019\u00e9valuation des exp\u00e9riences d\u2019instauration d\u2019interdictions compl\u00e8tes de fumer dans les lieux \u00e0 usage collectif montre des r\u00e9ductions importantes des naissances pr\u00e9matur\u00e9es et des hospitalisations pour asthme et infections graves des voies respiratoires<a href=\"#_ftn6\" name=\"_ftnref6\">[6]<\/a>. Malgr\u00e9 l\u2019efficacit\u00e9 de ces mesures, seuls 62 pays avaient mis en \u0153uvre de telles l\u00e9gislations compl\u00e8tes en 2019.<\/p>\n<p style=\"text-align: justify;\">Les auteurs du rapport rappellent les autres cons\u00e9quences du tabagisme pour les enfants. La consommation de tabac, en particulier chez les jeunes, pr\u00e9sente des risques majeurs pour la sant\u00e9 et le d\u00e9veloppement des g\u00e9n\u00e9rations actuelles et futures. Le fardeau suppl\u00e9mentaire pesant sur les familles et les syst\u00e8mes de sant\u00e9 entrave le d\u00e9veloppement \u00e9conomique des pays, menace les objectifs de d\u00e9veloppement durable et accro\u00eet les in\u00e9galit\u00e9s.  Les auteurs de l\u2019\u00e9tude appellent \u00e9galement les d\u00e9cideurs politiques \u00e0 rester vigilants sur les cons\u00e9quences potentielles des nouveaux produits du tabac tels le tabac chauff\u00e9, commercialis\u00e9 de mani\u00e8re agressive aupr\u00e8s des enfants et des adolescents. De m\u00eame ils alertent sur les cons\u00e9quences du marketing d\u00e9ploy\u00e9 par les fabricants \u00e0 l\u2019attention des jeunes pour la diffusion des produits du vapotage.<\/p>\n<p style=\"text-align: justify;\"><strong>Mots cl\u00e9s : OMS, Enfants, Sant\u00e9, Lutte antitabac,<\/strong><\/p>\n<p><strong><a href=\"https:\/\/www.generationsanstabac.org\/\">\u00a9G\u00e9n\u00e9ration Sans Tabac<\/a><\/strong><\/p>\n<hr \/>\n<p><a href=\"#_ftnref1\" name=\"_ftn1\">[1]<\/a> World Health Organization. (\u200e2021)\u200e. Tobacco control to improve child health and development: thematic brief. World Health Organization. <a href=\"https:\/\/apps.who.int\/iris\/handle\/10665\/340162\">https:\/\/apps.who.int\/iris\/handle\/10665\/340162<\/a>. License: CC BY-NC-SA 3.0 IGO<\/p>\n<p><a href=\"#_ftnref2\" name=\"_ftn2\">[2]<\/a> <a href=\"https:\/\/vizhub.healthdata.org\/gbd-compare\/\">Global Burden of Disease Study<\/a> [online database]. Seattle, United States: Institute for Health Metrics and Evaluation; 2018<\/p>\n<p><a href=\"#_ftnref3\" name=\"_ftn3\">[3]<\/a> Laverty AA, Filippidis FT, TaylorRobinson D, Millett C, Bush A, Hopkinson NS. Smoking uptake in UK children: analysis of the UK Millennium Cohort Study. Thorax. 2019;74:607\u201310. doi:10.1136\/ thoraxjnl-2018-212254.<\/p>\n<p><a href=\"#_ftnref4\" name=\"_ftn4\">[4]<\/a> UNICEF. The United Nations Convention on the Rights of the Child. London: UNICEF UK; 1990<\/p>\n<p><a href=\"#_ftnref5\" name=\"_ftn5\">[5]<\/a> WHO. WHO report on the global tobacco epidemic 2019: offer help to quit tobacco use. Geneva: WHO; 2019<\/p>\n<p><a href=\"#_ftnref6\" name=\"_ftn6\">[6]<\/a> Hone T, Szklo AS, Filippidis FT, Laverty AA, Satamini I, Been JV et al. Smokefree legislation and neonatal and infant mortality in Brazil: longitudinal quasi-experimental study. Tob Control. 2020;29(3):312-9. doi:10.1136\/ tobaccocontrol-2019-054923.<\/p>\n<p><span style=\"color: #999999;\"><strong><a style=\"color: #999999;\" href=\"http:\/\/www.cnct.fr\/\" target=\"_blank\" rel=\"noopener noreferrer\">Comit\u00e9 National Contre le Tabagisme |<\/a><\/strong><\/span><\/p>\n","protected":false},"excerpt":{"rendered":"<p>A new report from the World Health Organization (WHO) highlights the health risks tobacco poses to children, particularly infants and young children, and the strong protective effect of tobacco control measures. It calls for policymakers to be made aware of the importance of proven tobacco control measures to protect children&#039;s health and development, including bans on tobacco advertising, the establishment of smoke-free places, and increased tobacco taxes.<\/p>","protected":false},"featured_media":20308,"template":"","tags":[],"thematique":[491,474],"class_list":["post-20307","actualites","type-actualites","status-publish","has-post-thumbnail","hentry","thematique-politiques-publiques","thematique-sante"],"acf":[],"_links":{"self":[{"href":"https:\/\/www.generationsanstabac.org\/en\/wp-json\/wp\/v2\/actualites\/20307","targetHints":{"allow":["GET"]}}],"collection":[{"href":"https:\/\/www.generationsanstabac.org\/en\/wp-json\/wp\/v2\/actualites"}],"about":[{"href":"https:\/\/www.generationsanstabac.org\/en\/wp-json\/wp\/v2\/types\/actualites"}],"version-history":[{"count":0,"href":"https:\/\/www.generationsanstabac.org\/en\/wp-json\/wp\/v2\/actualites\/20307\/revisions"}],"wp:featuredmedia":[{"embeddable":true,"href":"https:\/\/www.generationsanstabac.org\/en\/wp-json\/wp\/v2\/media\/20308"}],"wp:attachment":[{"href":"https:\/\/www.generationsanstabac.org\/en\/wp-json\/wp\/v2\/media?parent=20307"}],"wp:term":[{"taxonomy":"post_tag","embeddable":true,"href":"https:\/\/www.generationsanstabac.org\/en\/wp-json\/wp\/v2\/tags?post=20307"},{"taxonomy":"thematique","embeddable":true,"href":"https:\/\/www.generationsanstabac.org\/en\/wp-json\/wp\/v2\/thematique?post=20307"}],"curies":[{"name":"wp","href":"https:\/\/api.w.org\/{rel}","templated":true}]}}