{"id":20276,"date":"2021-02-16T08:57:14","date_gmt":"2021-02-16T07:57:14","guid":{"rendered":"https:\/\/www.generationsanstabac.org\/actualites\/la-place-de-la-femme-dans-la-lutte-contre-le-tabagisme-en-europe\/"},"modified":"2021-02-16T08:57:14","modified_gmt":"2021-02-16T07:57:14","slug":"la-place-de-la-femme-dans-la-lutte-contre-le-tabagisme-en-europe","status":"publish","type":"actualites","link":"https:\/\/www.generationsanstabac.org\/en\/actualites\/la-place-de-la-femme-dans-la-lutte-contre-le-tabagisme-en-europe\/","title":{"rendered":"The role of women in the fight against smoking in Europe"},"content":{"rendered":"<p style=\"text-align: justify;\"><em>Un rapport de l\u2019Organisation mondiale de la sant\u00e9 pointe la situation sanitaire probl\u00e9matique de l\u2019Europe en mati\u00e8re de tabagisme f\u00e9minin. De la m\u00eame mani\u00e8re que l\u2019industrie du tabac d\u00e9veloppe des strat\u00e9gies marketing sp\u00e9cifiques pour cibler les femmes, le rapport souligne la n\u00e9cessit\u00e9 pour la lutte antitabac de mieux tenir compte de la question du genre<a href=\"#_ftn1\" name=\"_ftnref1\"><strong>[1]<\/strong><\/a>. <\/em><\/p>\n<p style=\"text-align: justify;\">L\u2019Europe est la r\u00e9gion mondiale dans laquelle les femmes fument le plus, avec une pr\u00e9valence tabagique estim\u00e9e \u00e0 19%. Pour les 13-15 ans, cette proportion est une fois et demie sup\u00e9rieure \u00e0 la moyenne mondiale (12% contre 8%). En vingt ans, la pr\u00e9valence tabagique des femmes n\u2019a que tr\u00e8s modestement recul\u00e9, passant de 23 \u00e0 19%. Dans le m\u00eame intervalle de temps, le taux de fumeurs parmi les hommes a consid\u00e9rablement diminu\u00e9, passant de 46% \u00e0 34%. D\u2019ici 2025, la pr\u00e9valence tabagique f\u00e9minin ne devrait diminuer que d\u2019un point suppl\u00e9mentaire.<\/p>\n<h2 style=\"text-align: justify;\"><strong>Le tabagisme des femmes : un enjeu sanitaire europ\u00e9en majeur <\/strong><\/h2>\n<p style=\"text-align: justify;\">En tant qu\u2019\u00e9pid\u00e9mie industrielle, le tabagisme, dans ses niveaux de consommation comme dans ses effets sanitaires suit une courbe, observant le mod\u00e8le suivant : phase initiale, d\u00e9veloppement rapide, plateau, d\u00e9clin<a href=\"#_ftn2\" name=\"_ftnref2\">[2]<\/a>. Compte tenu des effets de long terme de la consommation de tabac, on estime qu\u2019il existe un d\u00e9lai de trente ans entre la courbe de la consommation de tabac, et la courbe de mortalit\u00e9 associ\u00e9e au tabagisme. Ainsi, en France, entre 1980 et 2010, le nombre de d\u00e9c\u00e8s li\u00e9s \u00e0 la consommation de tabac chez les femmes a \u00e9t\u00e9 multipli\u00e9 par 7, passant de 2700 \u00e0 19 000<a href=\"#_ftn3\" name=\"_ftnref3\">[3]<\/a>. Cependant, le pic de consommation tabagique des femmes ayant \u00e9t\u00e9 atteint \u00e0 la fin des ann\u00e9es 80 et au d\u00e9but des ann\u00e9es 90, les pleines cons\u00e9quences sanitaires du tabagisme f\u00e9minin sont encore \u00e0 venir, posant un probl\u00e8me de sant\u00e9 publique majeur.<\/p>\n<h2 style=\"text-align: justify;\"><strong>Les femmes : \u00ab une mine d\u2019or dans notre jardin<a href=\"#_ftn4\" name=\"_ftnref4\">[4]<\/a> \u00bb<\/strong><\/h2>\n<p style=\"text-align: justify;\">L\u2019industrie du tabac a d\u00e9ploy\u00e9 un marketing prot\u00e9iforme pour propager l\u2019\u00e9pid\u00e9mie tabagique aupr\u00e8s des femmes. En particulier, \u00e0 travers les placements de produits dans les films ou le design des paquets et des cigarettes, les fabricants ont cherch\u00e9 \u00e0 faire de la cigarette un v\u00e9ritable accessoire de f\u00e9minit\u00e9. Plus r\u00e9cemment, les cigarettiers ont investi le marketing digital, afin de s\u2019adresser aux femmes, notamment \u00e0 travers les r\u00e9seau d\u2019influenceurs web. Si le ph\u00e9nom\u00e8ne n\u2019\u00e9pargne pas les hommes, il demeure toutefois tr\u00e8s majoritairement f\u00e9minin : on estime que 85% des influenceurs sont des femmes. Enfin, les fabricants, dans un souci d\u2019image publique, cherchent r\u00e9guli\u00e8rement \u00e0 se pr\u00e9senter comme des entreprises progressistes, alli\u00e9es de la cause des femmes, en finan\u00e7ant diverses organisations (associations de lutte contre les violences faites aux femmes, associations locales, sportives, etc).<\/p>\n<h2 style=\"text-align: justify;\"><strong>L\u2019invisibilisation des femmes dans le discours antitabac<\/strong><\/h2>\n<p style=\"text-align: justify;\">Selon le rapport, les r\u00e9ponses apport\u00e9es par la lutte antitabac ne s\u2019adressent pas assez sp\u00e9cifiquement aux femmes pour \u00eatre pleinement efficaces. Ainsi, alors que l\u2019ensemble des paquets de cigarettes vendus dans toute l\u2019Union europ\u00e9enne doivent faire figurer des images de pr\u00e9vention, on observe de fortes disparit\u00e9s entre hommes et femmes. En effet, 91% des images illustrant les risques graves et mortels du tabagisme sur les paquets sont incarn\u00e9es par des hommes. Lorsque les hommes sont mis en sc\u00e8ne, ils le sont tr\u00e8s majoritairement dans le r\u00f4le du malade, de la victime directe du tabagisme (81%). Dans 19% des cas, ils repr\u00e9sentent un proche de la victime, ou le soignant. En revanche, lorsque les femmes sont mises en sc\u00e8nes, elles n\u2019incarnent la malade que dans 31% des cas. Dans 38% des cas, les femmes sont dans un r\u00f4le de soignante, et dans 31% plac\u00e9es dans des situations de risques pour l\u2019enfant ou d\u2019infertilit\u00e9.<\/p>\n<h2 style=\"text-align: justify;\"><strong>Adapter les politiques antitabac aux questions de genre<\/strong><\/h2>\n<p style=\"text-align: justify;\">Comme le soulignent les auteurs de ce rapport, un certain nombre de progr\u00e8s peuvent \u00eatre r\u00e9alis\u00e9s. Sur le plan de la pr\u00e9vention d\u2019abord, des campagnes m\u00e9diatiques adapt\u00e9es aux genres peuvent \u00eatre une piste de r\u00e9flexion. Les femmes \u00e9tant en Europe plus susceptibles que les hommes de rester au domicile, en raison d\u2019une r\u00e9partition encore genr\u00e9e des t\u00e2ches domestiques, une r\u00e9glementation plus volontariste en mati\u00e8re d\u2019interdiction tabagique peut \u00eatre b\u00e9n\u00e9fique pour les femmes. Il est estim\u00e9 que 64% des victimes de tabagisme passif dans le monde sont des femmes. De la m\u00eame mani\u00e8re, les auteurs avancent l\u2019importance d\u2019avoir une offre d\u2019accompagnement \u00e0 l\u2019arr\u00eat plus accessible et plus adapt\u00e9 aux femmes. Par ailleurs, le rapport insiste sur la n\u00e9cessit\u00e9 pour les pouvoirs publics de chercher \u00e0 syst\u00e9matiquement associer des dirigeantes, des organisations de femmes aux d\u00e9cisions antitabac et \u00e0 la mise en place de politiques de contr\u00f4le.<\/p>\n<p><strong>Mots cl\u00e9s : Femmes, Genre<br \/>\n<\/strong><\/p>\n<p><strong><a href=\"https:\/\/www.generationsanstabac.org\/\">\u00a9G\u00e9n\u00e9ration Sans Tabac<\/a><\/strong><\/p>\n<hr \/>\n<p style=\"text-align: justify;\"><a href=\"#_ftnref1\" name=\"_ftn1\">[1]<\/a> Organisation mondiale de la sant\u00e9, <a href=\"https:\/\/apps.who.int\/iris\/bitstream\/handle\/10665\/339328\/WHO-EURO-2021-1847-41598-56811-eng.pdf\">Through a gender lenswomen and tobacco in the WHO european region<\/a>, f\u00e9vrier 2021, (en anglais)<\/p>\n<p style=\"text-align: justify;\"><a href=\"#_ftnref2\" name=\"_ftn2\">[2]<\/a> Lopez AD, Collishaw NE, Piha T. <a href=\"https:\/\/www.ncbi.nlm.nih.gov\/pmc\/articles\/PMC1759359\/pdf\/v003p00242.pdf\">A descriptive model of the cigarette epidemic in developed countries. <em>Tob Control<\/em>. 1994<\/a>;3(3):242-247.<\/p>\n<p style=\"text-align: justify;\"><a href=\"#_ftnref3\" name=\"_ftn3\">[3]<\/a> Laureen Ribassin-Majed, Catherine Hill; Trends in tobacco-attributable mortality in France, <em>European Journal of Public Health<\/em>, Volume 25, Issue 5, 1 October 2015, Pages 824\u2013828, <a href=\"https:\/\/doi.org\/10.1093\/eurpub\/ckv078\">https:\/\/doi.org\/10.1093\/eurpub\/ckv078<\/a><\/p>\n<p style=\"text-align: justify;\"><a href=\"#_ftnref4\" name=\"_ftn4\">[4]<\/a> Cette citation est issue d\u2019une d\u00e9claration d\u2019un dirigeant d\u2019une firme de tabac, en 1928, quand les cigarettiers voient dans le march\u00e9 f\u00e9minin un potentiel gigantesque de d\u00e9veloppement \u00e9conomique (<a href=\"https:\/\/www.la-croix.com\/Actualite\/France\/Les-femmes-cibles-de-choix-de-l-industrie-du-tabac-_NG_-2010-05-24-603290\">Les femmes, cibles de choix de l\u2019industrie du tabac<\/a>, La Croix, 24\/05\/2010, consult\u00e9 le 15\/02\/2021)<\/p>\n<p><span style=\"color: #999999;\"><strong><a style=\"color: #999999;\" href=\"http:\/\/www.cnct.fr\/\" target=\"_blank\" rel=\"noopener noreferrer\">Comit\u00e9 National Contre le Tabagisme |<\/a><\/strong><\/span><\/p>\n","protected":false},"excerpt":{"rendered":"<p>A report from the World Health Organization highlights Europe&#039;s problematic health situation regarding female smoking. Just as the tobacco industry develops specific marketing strategies to target women, the report underscores the need for tobacco control to better address gender issues.<\/p>","protected":false},"featured_media":20277,"template":"","tags":[],"thematique":[507,474],"class_list":["post-20276","actualites","type-actualites","status-publish","has-post-thumbnail","hentry","thematique-marketing-publicite","thematique-sante"],"acf":[],"_links":{"self":[{"href":"https:\/\/www.generationsanstabac.org\/en\/wp-json\/wp\/v2\/actualites\/20276","targetHints":{"allow":["GET"]}}],"collection":[{"href":"https:\/\/www.generationsanstabac.org\/en\/wp-json\/wp\/v2\/actualites"}],"about":[{"href":"https:\/\/www.generationsanstabac.org\/en\/wp-json\/wp\/v2\/types\/actualites"}],"version-history":[{"count":0,"href":"https:\/\/www.generationsanstabac.org\/en\/wp-json\/wp\/v2\/actualites\/20276\/revisions"}],"wp:featuredmedia":[{"embeddable":true,"href":"https:\/\/www.generationsanstabac.org\/en\/wp-json\/wp\/v2\/media\/20277"}],"wp:attachment":[{"href":"https:\/\/www.generationsanstabac.org\/en\/wp-json\/wp\/v2\/media?parent=20276"}],"wp:term":[{"taxonomy":"post_tag","embeddable":true,"href":"https:\/\/www.generationsanstabac.org\/en\/wp-json\/wp\/v2\/tags?post=20276"},{"taxonomy":"thematique","embeddable":true,"href":"https:\/\/www.generationsanstabac.org\/en\/wp-json\/wp\/v2\/thematique?post=20276"}],"curies":[{"name":"wp","href":"https:\/\/api.w.org\/{rel}","templated":true}]}}