{"id":20266,"date":"2021-02-04T14:20:41","date_gmt":"2021-02-04T13:20:41","guid":{"rendered":"https:\/\/www.generationsanstabac.org\/actualites\/plan-cancer-europeen-la-commission-pour-une-europe-sans-tabac-dici-2040\/"},"modified":"2021-02-04T14:20:41","modified_gmt":"2021-02-04T13:20:41","slug":"plan-cancer-europeen-la-commission-pour-une-europe-sans-tabac-dici-2040","status":"publish","type":"actualites","link":"https:\/\/www.generationsanstabac.org\/en\/actualites\/plan-cancer-europeen-la-commission-pour-une-europe-sans-tabac-dici-2040\/","title":{"rendered":"European Cancer Plan: The Commission for a tobacco-free Europe by 2040"},"content":{"rendered":"<p style=\"text-align: justify;\"><em>Le 4 f\u00e9vrier marque la journ\u00e9e mondiale contre le cancer. Avec 40% des cas de cancers attribu\u00e9s \u00e0 des causes \u00e9vitables, l&rsquo;Union europ\u00e9enne (UE) recommande dans son nouveau plan cancer, publi\u00e9 le 3 f\u00e9vrier 2021<a href=\"#_ftn1\" name=\"_ftnref1\"><strong>[1]<\/strong><\/a>, de renforcer les politiques de lutte antitabac pour cr\u00e9er une Europe sans tabac d&rsquo;ici 2040. <\/em><\/p>\n<p style=\"text-align: justify;\">Le cancer est la premi\u00e8re cause de mortalit\u00e9 en France et la deuxi\u00e8me dans l\u2019Union europ\u00e9enne : 1,3 million de d\u00e9c\u00e8s et 2,7 millions de nouveaux cas en 2020 (UE). Si rien n\u2019est fait, le nombre de vies perdues par cancer devrait augmenter de plus de 24% d&rsquo;ici 2035, ce qui en fera la principale cause de d\u00e9c\u00e8s. Il est estim\u00e9 que 40% des citoyens de l&rsquo;UE seront confront\u00e9s au cancer \u00e0 un moment de leur vie, avec un impact \u00e9conomique annuel estim\u00e9 \u00e0 environ 100 milliards d&rsquo;euros. La consommation de tabac reste la principale cause de cancer \u00e9vitable, 27% de tous les cancers \u00e9tant attribu\u00e9s au tabagisme. Ces derniers pr\u00e9sentent en outre souvent de moins bons pronostics de survie. En \u00e9liminant le tabagisme, neuf cas de cancer du poumon sur dix pourraient \u00eatre \u00e9vit\u00e9s.<\/p>\n<p style=\"text-align: justify;\">Gr\u00e2ce \u00e0 une application plus rigoureuse du cadre de lutte antitabac dans l\u2019UE et \u00e0 son adaptation aux nouveaux produits, le plan europ\u00e9en de lutte contre le cancer propose des actions \u00e0 partir de cette ann\u00e9e pour aider \u00e0 cr\u00e9er une Europe sans tabac, o\u00f9 moins de 5% de la population consomme du tabac d&rsquo;ici 2040, contre environ 25% aujourd&rsquo;hui.<\/p>\n<h2 style=\"text-align: justify;\">Le renforcement du dispositif europ\u00e9en et une meilleure application des r\u00e9glementations en place<\/h2>\n<p style=\"text-align: justify;\">Il est indiqu\u00e9 dans le nouveau plan que les instruments r\u00e9glementaires au niveau de l&rsquo;UE seront renforc\u00e9s pour atteindre l\u2019objectif d\u2019une Europe sans tabac d\u2019ici 2040. Des mesures d\u00e9cisives seront prises en r\u00e9visant la <a href=\"https:\/\/ec.europa.eu\/health\/tobacco\/products_fr\">directive sur les produits du tabac<\/a>, la <a href=\"https:\/\/ec.europa.eu\/taxation_customs\/business\/excise-duties-alcohol-tobacco-energy\/excise-duties-tobacco_fr#:~:text=La%20directive%202011%2F64%2FUE,d'accise%20sur%20les%20cigarettes.&amp;text=un%20%C3%A9l%C3%A9ment%20sp%C3%A9cifique%20compris%20entre,maximal%20de%20vente%20au%20d%C3%A9tail.\">directive sur la taxation du tabac<\/a> et le <a href=\"https:\/\/ec.europa.eu\/commission\/presscorner\/detail\/fr\/IP_08_241\">cadre juridique sur les achats transfrontaliers de tabac par des particuliers<\/a>. Cela comprend :<\/p>\n<ul>\n<li style=\"text-align: justify;\">l\u2019instauration d\u2019un emballage neutre pour l\u2019ensemble des pays membres;<\/li>\n<li style=\"text-align: justify;\">une interdiction totale des ar\u00f4mes;<\/li>\n<li style=\"text-align: justify;\">l\u2019am\u00e9lioration de l&rsquo;\u00e9valuation des ingr\u00e9dients contenus dans les cigarettes;<\/li>\n<li style=\"text-align: justify;\">l&rsquo;extension de la fiscalit\u00e9 aux nouveaux produits du tabac et;<\/li>\n<li style=\"text-align: justify;\">la lutte contre la publicit\u00e9, la promotion et le parrainage du tabac sur Internet et les r\u00e9seaux sociaux.<\/li>\n<\/ul>\n<p style=\"text-align: justify;\">D&rsquo;ici 2023, la Commission pr\u00e9conise \u00e9galement d\u2019\u00e9tendre les <a href=\"https:\/\/eur-lex.europa.eu\/LexUriServ\/LexUriServ.do?uri=OJ:C:2009:296:0004:0014:FR:PDF\">recommandations<\/a> du Conseil de l\u2019UE sur les environnements sans tabac pour y inclure la cigarette \u00e9lectronique et les produits du tabac chauff\u00e9s avec un \u00e9largissement du dispositif vers les lieux publics ext\u00e9rieurs. Le nouveau plan cancer souhaite cr\u00e9er une dynamique pour mieux appliquer les mesures dans les strat\u00e9gies nationales de lutte antitabac des \u00c9tats membres. Ceci concerne en particulier le respect de l\u2019interdiction de vente de ces produits aux mineurs et les aides \u00e0 l\u2019arr\u00eat du tabac pour les fumeurs. Cette approche s\u2019inscrit dans la mise en \u0153uvre de la <a href=\"https:\/\/www.who.int\/fctc\/text_download\/fr\/\">Convention-cadre de l&rsquo;OMS pour la lutte antitabac<\/a>, qui comporte par ailleurs des obligations en mati\u00e8re de protection des politiques publiques \u00e0 l\u2019\u00e9gard du lobbying de l\u2019industrie du tabac. Ceci passe en particulier par le respect du principe de transparence, \u00e0 l\u2019instar, par exemple, du registre de transparence de l\u2019Union europ\u00e9enne.<\/p>\n<p style=\"text-align: justify;\"><strong>Mots cl\u00e9s : Europe, plan cancer, tabac, 2040<\/strong><\/p>\n<p><strong><a href=\"https:\/\/www.generationsanstabac.org\/\">\u00a9G\u00e9n\u00e9ration Sans Tabac<\/a><\/strong><\/p>\n<hr \/>\n<p><a href=\"#_ftnref1\" name=\"_ftn1\">[1]<\/a> Communication from the Commission to the European Parliament and the Council, <a href=\"https:\/\/ec.europa.eu\/health\/sites\/health\/files\/non_communicable_diseases\/docs\/eu_cancer-plan_en.pdf\">Europe&rsquo;s Beating Cancer Plan<\/a>, European Commission, Bruxelles, 3 f\u00e9vrier 2021<\/p>\n<p><span style=\"color: #999999;\"><strong><a style=\"color: #999999;\" href=\"http:\/\/www.cnct.fr\/\" target=\"_blank\" rel=\"noopener noreferrer\">Comit\u00e9 National Contre le Tabagisme |<\/a><\/strong><\/span><\/p>\n","protected":false},"excerpt":{"rendered":"<p>February 4th marks World Cancer Day. With 401,000 cancer cases attributed to preventable causes, the European Union (EU) recommends in its new cancer plan, published on February 3, 2021, strengthening tobacco control policies to create a tobacco-free Europe by 2040.<\/p>","protected":false},"featured_media":20267,"template":"","tags":[],"thematique":[491,474],"class_list":["post-20266","actualites","type-actualites","status-publish","has-post-thumbnail","hentry","thematique-politiques-publiques","thematique-sante"],"acf":[],"_links":{"self":[{"href":"https:\/\/www.generationsanstabac.org\/en\/wp-json\/wp\/v2\/actualites\/20266","targetHints":{"allow":["GET"]}}],"collection":[{"href":"https:\/\/www.generationsanstabac.org\/en\/wp-json\/wp\/v2\/actualites"}],"about":[{"href":"https:\/\/www.generationsanstabac.org\/en\/wp-json\/wp\/v2\/types\/actualites"}],"version-history":[{"count":0,"href":"https:\/\/www.generationsanstabac.org\/en\/wp-json\/wp\/v2\/actualites\/20266\/revisions"}],"wp:featuredmedia":[{"embeddable":true,"href":"https:\/\/www.generationsanstabac.org\/en\/wp-json\/wp\/v2\/media\/20267"}],"wp:attachment":[{"href":"https:\/\/www.generationsanstabac.org\/en\/wp-json\/wp\/v2\/media?parent=20266"}],"wp:term":[{"taxonomy":"post_tag","embeddable":true,"href":"https:\/\/www.generationsanstabac.org\/en\/wp-json\/wp\/v2\/tags?post=20266"},{"taxonomy":"thematique","embeddable":true,"href":"https:\/\/www.generationsanstabac.org\/en\/wp-json\/wp\/v2\/thematique?post=20266"}],"curies":[{"name":"wp","href":"https:\/\/api.w.org\/{rel}","templated":true}]}}