{"id":20265,"date":"2021-02-04T12:11:01","date_gmt":"2021-02-04T11:11:01","guid":{"rendered":"https:\/\/www.generationsanstabac.org\/actualites\/consommation-tabac-adolescents-13-15-ans-dans-le-monde\/"},"modified":"2021-02-04T12:11:01","modified_gmt":"2021-02-04T11:11:01","slug":"consommation-tabac-adolescents-13-15-ans-dans-le-monde","status":"publish","type":"actualites","link":"https:\/\/www.generationsanstabac.org\/en\/actualites\/consommation-tabac-adolescents-13-15-ans-dans-le-monde\/","title":{"rendered":"Decline in smoking among 13-15 year-olds worldwide, still too limited and uneven"},"content":{"rendered":"<p style=\"text-align: justify;\"><em>Une r\u00e9cente \u00e9tude a \u00e9valu\u00e9 la pr\u00e9valence du tabagisme chez les jeunes adolescents de 13 \u00e0 15 ans entre 1999 et 2018 dans 143 pays. L\u2019\u00e9volution \u00e0 la baisse de la pr\u00e9valence, pendant ces deux d\u00e9cennies, demeure cependant in\u00e9gale, insuffisante tandis que la situation stagne voire se d\u00e9grade dans 40% des pays \u00e9tudi\u00e9s<a href=\"#_ftn1\" name=\"_ftnref1\"><strong>[1]<\/strong><\/a>.<\/em><\/p>\n<p style=\"text-align: justify;\">L&rsquo;\u00e9tude publi\u00e9e dans le journal The Lancet Child &amp; Adolescent Health<a href=\"#_ftn2\" name=\"_ftnref2\">[2]<\/a> a utilis\u00e9 les donn\u00e9es les plus r\u00e9centes des enqu\u00eates mondiales sur le tabagisme sur les adolescents \u00e2g\u00e9s de 13 \u00e0 15 ans de 143 pays ou territoires qui avaient r\u00e9alis\u00e9 au moins une enqu\u00eate entre le 1er janvier 2010 et le 31 d\u00e9cembre 2018, et les donn\u00e9es de 140 pays qui ont r\u00e9alis\u00e9 deux enqu\u00eates ou plus entre le 1er janvier 1999 et le 31 d\u00e9cembre 2018. L&rsquo;\u00e9tude r\u00e9v\u00e8le que la pr\u00e9valence de jeunes ayant fum\u00e9 une cigarette au moins au cours des 30 derniers jours a diminu\u00e9 dans 80 pays (57%) mais est rest\u00e9 inchang\u00e9e ou a augment\u00e9 dans 60 pays (43%).<\/p>\n<p style=\"text-align: justify;\">Malgr\u00e9 une r\u00e9duction globale de la consommation de cigarettes au cours des deux derni\u00e8res d\u00e9cennies, pr\u00e8s d&rsquo;un gar\u00e7on sur 6 (17,9%) et plus d&rsquo;une fille sur 10 (11,5%) de cette tranche d\u2019\u00e2ge dans le monde ont consomm\u00e9 du tabac au moins une fois au cours du mois \u00e9coul\u00e9 lors de l\u2019enqu\u00eate, entre 2010 et 2018.<\/p>\n<h2 style=\"text-align: justify;\">D\u2019importantes disparit\u00e9s selon les r\u00e9gions, les sexes et le type de produits<\/h2>\n<p style=\"text-align: justify;\">La baisse a \u00e9t\u00e9 plus mesur\u00e9e dans la r\u00e9gion europ\u00e9enne avec une baisse globale de la consommation de 5% entre 1999 et 2018 chez les 13-15 ans. Cependant, la r\u00e9gion dans son ensemble pr\u00e9sente une forte pr\u00e9valence tabagique chez les filles, avec plus de 23% de jeunes filles fumeuses en Bulgarie et en Italie. Certains pays de l\u2019est de l\u2019Europe ont connu \u00e9galement une hausse de la consommation chez les adolescents ce que les auteurs attribuent au faible co\u00fbt des cigarettes, \u00e0 la mauvaise application des interdictions de fumer dans les lieux publics, \u00e0 la faiblesse des mesures d\u2019interdiction de la publicit\u00e9 et de promotion du tabac ou \u00e0 la vente de cigarettes \u00e0 l&rsquo;unit\u00e9.<\/p>\n<p style=\"text-align: justify;\">L&rsquo;\u00e9tude a \u00e9galement examin\u00e9 la consommation d&rsquo;autres produits du tabac et de la nicotine, tels que le tabac \u00e0 chiquer, \u00e0 priser, les cigares, les cigarillos, le tabac \u00e0 chicha ou les cigarettes \u00e9lectroniques. La pr\u00e9valence de la consommation de ces autres produits \u00e9tait la plus \u00e9lev\u00e9e dans la r\u00e9gion de la M\u00e9diterran\u00e9e orientale (16,7% chez les gar\u00e7ons et 9,0% chez les filles). Par exemple, en Arabie saoudite, la pr\u00e9valence de la consommation d&rsquo;autres produits du tabac a augment\u00e9 de 33,3% tous les 10 ans depuis 1999.<\/p>\n<h2 style=\"text-align: justify;\">La n\u00e9cessit\u00e9 d\u2019une bonne application des mesures de lutte antitabac<\/h2>\n<p style=\"text-align: justify;\">Selon les chercheurs, les diff\u00e9rences entre les r\u00e9gions r\u00e9sultent de l\u2019existence ou pas et de l\u2019effectivit\u00e9 des mesures de lutte antitabac. Ainsi, l&rsquo;Uruguay, \u00e0 l&rsquo;avant-garde de la lutte antitabac, avec l\u2019introduction d\u2019une interdiction compl\u00e8te de la promotion et de la publicit\u00e9 du tabac et de larges avertissements sanitaires graphiques, a vu sa consommation de tabac chez les adolescents passer de 20% en 2007 \u00e0 8% en 2014.<\/p>\n<p style=\"text-align: justify;\">Selon les auteurs, les politiques publiques actuelles n\u00e9cessitent d\u2019\u00eatre compl\u00e9t\u00e9es pour prendre en compte l\u2019existence de nouveaux produits du tabac et de la nicotine au cours de ces derni\u00e8res d\u00e9cennies. \u00c0 titre d\u2019illustration, la consommation de la chicha s\u2019est r\u00e9pandue dans un grand nombre de pays et a litt\u00e9ralement explos\u00e9 dans la r\u00e9gion de la M\u00e9diterran\u00e9e orientale. Cette \u00e9volution r\u00e9sulte notamment de la prolif\u00e9ration de nouvelles saveurs aromatis\u00e9es et de la perception erron\u00e9e selon laquelle le tabac \u00e0 chica serait moins nocif que les cigarettes traditionnelles.<\/p>\n<p style=\"text-align: justify;\"><strong>Mots cl\u00e9s : Tabagisme, adolescents, nouveaux produits<\/strong><\/p>\n<p><strong><a href=\"https:\/\/www.generationsanstabac.org\/\">\u00a9G\u00e9n\u00e9ration Sans Tabac<\/a><\/strong><\/p>\n<hr \/>\n<p><a href=\"#_ftnref1\" name=\"_ftn1\">[1]<\/a> <a href=\"https:\/\/www.eurekalert.org\/pub_releases\/2021-02\/tl-pss_1020221.php\"><em>The Lancet Child &amp; Adolescent Health: 40% of countries show no progress in reducing cigarette smoking in adolescents over last 20 years<\/em><\/a>, Communiqu\u00e9 de presse EurekAlert, 2 f\u00e9vrier 2021, consult\u00e9 le 3 f\u00e9vrier 2021<\/p>\n<p><a href=\"#_ftnref2\" name=\"_ftn2\">[2]<\/a> Chuanwei Ma, MSc, Prof Bo Xi, MD, Zilin Li, BSc, Han Wu, MSc, Min Zhao, MD, Yajun Liang, MD et al. Prevalence and trends in tobacco use among adolescents aged 13\u201315 years in 143 countries, 1999\u20132018: findings from the Global Youth Tobacco Surveys, The Lancet Child &amp; Adolescent Health, February 02 2021, 2021 <a href=\"https:\/\/www.thelancet.com\/journals\/lanchi\/article\/PIIS2352-4642(20)30390-4\/fulltext\">doi.org\/10.1016\/S2352-4642(20)30390-4<\/a><\/p>\n<p><span style=\"color: #999999;\"><strong><a style=\"color: #999999;\" href=\"http:\/\/www.cnct.fr\/\" target=\"_blank\" rel=\"noopener noreferrer\">Comit\u00e9 National Contre le Tabagisme |<\/a><\/strong><\/span><\/p>\n","protected":false},"excerpt":{"rendered":"<p>A recent study assessed the prevalence of smoking among young adolescents aged 13 to 15 between 1999 and 2018 in 143 countries. The downward trend in prevalence over these two decades, however, remains uneven and insufficient, with the situation stagnating or even deteriorating in 40% of the countries studied.<\/p>","protected":false},"featured_media":10365,"template":"","tags":[],"thematique":[474],"class_list":["post-20265","actualites","type-actualites","status-publish","has-post-thumbnail","hentry","thematique-sante"],"acf":[],"_links":{"self":[{"href":"https:\/\/www.generationsanstabac.org\/en\/wp-json\/wp\/v2\/actualites\/20265","targetHints":{"allow":["GET"]}}],"collection":[{"href":"https:\/\/www.generationsanstabac.org\/en\/wp-json\/wp\/v2\/actualites"}],"about":[{"href":"https:\/\/www.generationsanstabac.org\/en\/wp-json\/wp\/v2\/types\/actualites"}],"version-history":[{"count":0,"href":"https:\/\/www.generationsanstabac.org\/en\/wp-json\/wp\/v2\/actualites\/20265\/revisions"}],"wp:featuredmedia":[{"embeddable":true,"href":"https:\/\/www.generationsanstabac.org\/en\/wp-json\/wp\/v2\/media\/10365"}],"wp:attachment":[{"href":"https:\/\/www.generationsanstabac.org\/en\/wp-json\/wp\/v2\/media?parent=20265"}],"wp:term":[{"taxonomy":"post_tag","embeddable":true,"href":"https:\/\/www.generationsanstabac.org\/en\/wp-json\/wp\/v2\/tags?post=20265"},{"taxonomy":"thematique","embeddable":true,"href":"https:\/\/www.generationsanstabac.org\/en\/wp-json\/wp\/v2\/thematique?post=20265"}],"curies":[{"name":"wp","href":"https:\/\/api.w.org\/{rel}","templated":true}]}}