{"id":20247,"date":"2021-01-20T10:12:09","date_gmt":"2021-01-20T09:12:09","guid":{"rendered":"https:\/\/www.generationsanstabac.org\/actualites\/espagne-organisations-de-sante-veulent-une-generation-sans-tabac-2030\/"},"modified":"2021-01-20T10:12:09","modified_gmt":"2021-01-20T09:12:09","slug":"espagne-organisations-de-sante-veulent-une-generation-sans-tabac-2030","status":"publish","type":"actualites","link":"https:\/\/www.generationsanstabac.org\/en\/actualites\/espagne-organisations-de-sante-veulent-une-generation-sans-tabac-2030\/","title":{"rendered":"Spain: Health organizations want a tobacco-free generation by 2030"},"content":{"rendered":"<p style=\"text-align: justify;\"><em><i data-stringify-type=\"italic\">Le ministre espagnol de la sant\u00e9 et une vingtaine d\u2019associations de sant\u00e9 ont soutenu une <\/i><i data-stringify-type=\"italic\"><a class=\"c-link\" href=\"https:\/\/nofumadores.org\/end-game-del-tabaco-en-espana-2030\/\" target=\"_blank\" rel=\"noopener noreferrer\" data-stringify-link=\"https:\/\/nofumadores.org\/end-game-del-tabaco-en-espana-2030\/\" data-sk=\"tooltip_parent\">d\u00e9claration<\/a><\/i><i data-stringify-type=\"italic\"> demandant au gouvernement espagnol de poser les bases de la premi\u00e8re g\u00e9n\u00e9ration sans tabac d\u2019ici 2030. \u00c0 cette date, la d\u00e9claration fixe pour objectif d&rsquo;abaisser \u00e0 5% ou moins le pourcentage de fumeurs et de consommateurs de nouveaux produits \u00e0 base de nicotine et \u00e0 2% ou moins en 2040<\/i><\/em><a href=\"#_ftn1\" name=\"_ftnref1\"><em><strong>[1]<\/strong><\/em><\/a><em>.  <\/em><\/p>\n<p style=\"text-align: justify;\">La d\u00e9claration comprend une s\u00e9rie de mesures \u00e0 court, moyen et long terme visant \u00e0 prot\u00e9ger le droit \u00e0 la sant\u00e9 des citoyens espagnols, conform\u00e9ment aux obligations du gouvernement en vertu de la <a href=\"https:\/\/apps.who.int\/iris\/bitstream\/handle\/10665\/42812\/9242591017.pdf;jsessionid=E81CDE28E317FC9975BA4B75A33E422E?sequence=1\">Convention-cadre de l\u2019OMS pour la lutte antitabac (CCLAT)<\/a>. Contrairement \u00e0 certains de ses voisins europ\u00e9ens qui ont mis en place un arsenal de mesures pour lutter contre le tabagisme, l\u2019Espagne n\u2019a pas d\u00e9velopp\u00e9 de strat\u00e9gie claire ces derni\u00e8res ann\u00e9es. En 2020, plus de 32% de la population \u00e2g\u00e9e de 15 ans et plus consommaient quotidiennement du tabac et le tabagisme est \u00e0 l\u2019origine de plus de 60 000 d\u00e9c\u00e8s pr\u00e9matur\u00e9s dans le pays.<\/p>\n<p style=\"text-align: justify;\">En 2010, l&rsquo;Espagne a interdit de fumer dans les lieux publics int\u00e9rieurs, les lieux de travail int\u00e9rieurs et les transports en commun et a abrog\u00e9 les dispositions autorisant les fumoirs. Cependant la l\u00e9gislation en vigueur n\u2019est pas respect\u00e9e et le secteur de l\u2019accueil et de la restauration a g\u00e9n\u00e9ralis\u00e9 l\u2019am\u00e9nagement de terrasses ext\u00e9rieures ferm\u00e9es o\u00f9 les gens fument. Une situation qui profite \u00e0 l\u2019industrie du tabac selon les associations qui exigent une mise en conformit\u00e9 rapidement<a href=\"#_ftn2\" name=\"_ftnref2\">[2]<\/a>.<\/p>\n<h2 style=\"text-align: justify;\">De nouvelles mesures de lutte antitabac \u00e0 venir d\u2019ici f\u00e9vrier 2021 en Espagne<\/h2>\n<p style=\"text-align: justify;\">Le ministre de la sant\u00e9 et les organisations ont formul\u00e9 une s\u00e9rie de nouvelles mesures dont les d\u00e9tails devraient \u00eatre annonc\u00e9s le 27 f\u00e9vrier prochain au Congr\u00e8s des d\u00e9put\u00e9s.  Elles pr\u00e9voient l&rsquo;\u00e9limination de nombreux points de vente (distributeurs automatiques, stations-service, h\u00f4tels\u2026), seuls les buralistes seront habilit\u00e9s \u00e0 vendre du tabac avec un contr\u00f4le renforc\u00e9 de l\u2019\u00e2ge des acheteurs.  L\u2019ensemble des produits du tabac et de la nicotine seront soumis \u00e0 ces restrictions. La d\u00e9claration va plus loin en appelant \u00e0 un abandon progressif de la vente de produits du tabac en interdisant aux d\u00e9taillants de tabac de vendre des produits du tabac aux personnes n\u00e9es apr\u00e8s 2007. En d\u2019autres termes, ceux qui atteindront 18 ans en 2025 ou apr\u00e8s constitueraient la premi\u00e8re g\u00e9n\u00e9ration sans tabac d\u2019Espagne.<\/p>\n<p style=\"text-align: justify;\">Les associations exigent aussi du gouvernement espagnol la mise en place de politiques fiscales efficaces afin de r\u00e9duire la pr\u00e9valence du tabagisme, notamment chez les jeunes. Elles citent en exemple la politique fiscalede la France et son prix du paquet de cigarettes actuellement \u00e0 10 euros. Une augmentation soutenue des prix garantirait \u00e9galement que les politiques de pr\u00e9vention du tabagisme des pays voisins ne soient pas sap\u00e9es partiellement par des achats transfrontaliers. Les associations appellent \u00e9galement le gouvernement \u00e0 suivre certains de ses partenaires europ\u00e9ens qui ont adopt\u00e9 un conditionnement neutre pour les produits du tabac.<\/p>\n<p style=\"text-align: justify;\"><strong>Mots cl\u00e9s : Espagne, G\u00e9n\u00e9ration Sans tabac,<\/strong><\/p>\n<p><strong><a href=\"https:\/\/www.generationsanstabac.org\/\">\u00a9G\u00e9n\u00e9ration Sans Tabac<\/a><\/strong><\/p>\n<hr \/>\n<p><a href=\"#_ftnref1\" name=\"_ftn1\">[1]<\/a> Laurent Huber, Ubaldo Cuadrado Garc\u00eda de Arboleya, Raquel Fern\u00e1ndez Megina and Leonardo Visconti, <a href=\"https:\/\/blogs.bmj.com\/tc\/2021\/01\/19\/spain-civil-rights-and-public-health-organizations-press-government-for-a-tobacco-endgame-by-2030\/\"><em>Spain: Civil Rights and Public Health Organizations Press Government for a Tobacco Endgame by 2030<\/em><\/a>, Tobacco Control Blog, 19 janvier 2021 consult\u00e9 le jour-m\u00eame<\/p>\n<p><a href=\"#_ftnref2\" name=\"_ftn2\">[2]<\/a> <a href=\"https:\/\/www.facua.org\/es\/noticia.php?Id=16304\">Asociaciones m\u00e9dicas y civiles exigen un final de partida para el tabaco en 2030<\/a>, Facua, 30 d\u00e9cembre 2020, consult\u00e9 le 19 janvier 2021<\/p>\n<p><strong><a href=\"http:\/\/www.cnct.fr\/\" target=\"_blank\" rel=\"noopener noreferrer\"><span style=\"color: #999999;\">Comit\u00e9 National Contre le Tabagisme |<\/span><\/a><\/strong><\/p>\n","protected":false},"excerpt":{"rendered":"<p>The Spanish Minister of Health and some 20 health associations have endorsed a declaration calling on the Spanish government to lay the foundations for the first tobacco-free generation by 2030. By that date, the declaration sets a target of reducing the percentage of smokers and users of new nicotine products to 5% or less and to 2% or less by 2040.  <\/p>","protected":false},"featured_media":10347,"template":"","tags":[],"thematique":[491,474],"class_list":["post-20247","actualites","type-actualites","status-publish","has-post-thumbnail","hentry","thematique-politiques-publiques","thematique-sante"],"acf":[],"_links":{"self":[{"href":"https:\/\/www.generationsanstabac.org\/en\/wp-json\/wp\/v2\/actualites\/20247","targetHints":{"allow":["GET"]}}],"collection":[{"href":"https:\/\/www.generationsanstabac.org\/en\/wp-json\/wp\/v2\/actualites"}],"about":[{"href":"https:\/\/www.generationsanstabac.org\/en\/wp-json\/wp\/v2\/types\/actualites"}],"version-history":[{"count":0,"href":"https:\/\/www.generationsanstabac.org\/en\/wp-json\/wp\/v2\/actualites\/20247\/revisions"}],"wp:featuredmedia":[{"embeddable":true,"href":"https:\/\/www.generationsanstabac.org\/en\/wp-json\/wp\/v2\/media\/10347"}],"wp:attachment":[{"href":"https:\/\/www.generationsanstabac.org\/en\/wp-json\/wp\/v2\/media?parent=20247"}],"wp:term":[{"taxonomy":"post_tag","embeddable":true,"href":"https:\/\/www.generationsanstabac.org\/en\/wp-json\/wp\/v2\/tags?post=20247"},{"taxonomy":"thematique","embeddable":true,"href":"https:\/\/www.generationsanstabac.org\/en\/wp-json\/wp\/v2\/thematique?post=20247"}],"curies":[{"name":"wp","href":"https:\/\/api.w.org\/{rel}","templated":true}]}}