{"id":20218,"date":"2020-12-21T09:05:22","date_gmt":"2020-12-21T08:05:22","guid":{"rendered":"https:\/\/www.generationsanstabac.org\/actualites\/atlas-du-tabac-2020-apercu-de-la-lutte-antitabac-dans-union-europeenne\/"},"modified":"2020-12-21T09:05:22","modified_gmt":"2020-12-21T08:05:22","slug":"atlas-du-tabac-2020-apercu-de-la-lutte-antitabac-dans-union-europeenne","status":"publish","type":"actualites","link":"https:\/\/www.generationsanstabac.org\/en\/actualites\/atlas-du-tabac-2020-apercu-de-la-lutte-antitabac-dans-union-europeenne\/","title":{"rendered":"Tobacco Atlas 2020: Overview of tobacco control in the European Union"},"content":{"rendered":"<p style=\"text-align: justify;\"><em>Avec le <\/em><a href=\"https:\/\/www.dkfz.de\/de\/tabakkontrolle\/download\/Publikationen\/sonstVeroeffentlichungen\/Tabakatlas-Deutschland-2020_dp.pdf\"><em>Tobacco Atlas Germany 2020<\/em><\/a><em>, le Centre allemand de recherche sur le cancer (<\/em><a href=\"https:\/\/www.dkfz.de\/en\/index.html\"><em>DKFZ<\/em><\/a><em>) a pr\u00e9sent\u00e9 en d\u00e9cembre 2020, pour la troisi\u00e8me fois depuis 2015, un r\u00e9sum\u00e9 des donn\u00e9es et faits actuels sur la consommation de tabac dans l\u2019Union Europ\u00e9enne et sur l\u2019application des mesures de lutte antitabac<a href=\"#_ftn1\" name=\"_ftnref1\"><strong>[1]<\/strong><\/a>.<\/em><\/p>\n<p style=\"text-align: justify;\">Les donn\u00e9es utilis\u00e9es pour cet atlas se r\u00e9f\u00e8rent \u00e0 <a href=\"https:\/\/www.europeancancerleagues.org\/tobacco-control-scale\/\">l\u2019enqu\u00eate 2019 du contr\u00f4le du tabac<\/a>, aux l\u00e9gislations en vigueur dans les pays au 1er janvier 2020 et aux prix du tabac en 2018.<\/p>\n<h2 style=\"text-align: justify;\">Un arsenal de mesures efficaces pour r\u00e9duire la consommation<\/h2>\n<p style=\"text-align: justify;\">Le rapport d\u00e9taille les politiques efficaces de lutte antitabac probantes qui r\u00e9duisent la pr\u00e9valence du tabagisme :<\/p>\n<ul style=\"text-align: justify;\">\n<li>Les avertissements sanitaires sur les paquets de cigarettes et les emballages neutres contribuent \u00e0 pr\u00e9venir l\u2019entr\u00e9e dans le tabagisme des jeunes, motivent les fumeurs \u00e0 arr\u00eater et r\u00e9duisent le risque de rechute des anciens fumeurs ;<\/li>\n<li>Les interdictions combin\u00e9es de publicit\u00e9, de promotion et de parrainage. Pour \u00eatre efficaces, les interdictions de publicit\u00e9 doivent \u00eatre globales, concerner toutes les formes de publicit\u00e9 et de promotion et tous les produits du tabac ;<\/li>\n<li>L\u2019extension des espaces sans tabac\/sans fum\u00e9e ;<\/li>\n<li>Les hausses significatives de taxes : une <a href=\"https:\/\/www.who.int\/tobacco\/economics\/taxation\/en\/\">hausse des taxes<\/a> de 10% entraine en moyenne une baisse de la consommation de tabac de 4% dans les pays \u00e0 revenu \u00e9lev\u00e9 et de 5% dans les pays \u00e0 faible revenu<a href=\"#_ftn2\" name=\"_ftnref2\">[2]<\/a>;<\/li>\n<li>Une bonne prise en charge des aides \u00e0 l\u2019arr\u00eat : seuls 10 pays de l\u2019UE proposent une prise en charge (au moins partielle) des th\u00e9rapies de substitution nicotinique.<\/li>\n<\/ul>\n<p style=\"text-align: justify;\">Les donn\u00e9es montrent \u00e9galement que les politiques relatives au tabac doivent inclure l\u2019ensemble des produits du tabac et de la nicotine (cigarettes \u00e9lectroniques, tabac chauff\u00e9, tabac \u00e0 rouler, cigares, tabac \u00e0 chicha\u2026), notamment au niveau de la taxation pour \u00e9viter les transferts de consommation.<\/p>\n<h2 style=\"text-align: justify;\">Des mesures mal appliqu\u00e9es selon les pays, l\u2019UE doit poursuivre ses efforts<\/h2>\n<p style=\"text-align: justify;\">Dans l\u2019UE, la lutte antitabac fait toujours face \u00e0 un lobbying intense de l&rsquo;industrie plus ou moins important selon les pays, qui s\u2019est syst\u00e9matiquement oppos\u00e9e \u00e0 la mise en \u0153uvre de ces mesures de sant\u00e9 publique<a href=\"#_ftn3\" name=\"_ftnref3\">[3]<\/a>. Les dispositions en Europe, pr\u00e9sent\u00e9es dans l\u2019Atlas, ne sont pas toujours correctement appliqu\u00e9es dans tous les pays.<\/p>\n<p style=\"text-align: justify;\">En mati\u00e8re de fiscalit\u00e9, seuls 18 \u00c9tats membres ont atteint le plus haut niveau de mise en \u0153uvre de la taxation du tabac selon la d\u00e9finition de l&rsquo;OMS. Malgr\u00e9 les objectifs fix\u00e9s par la directive europ\u00e9enne 2011\/64\/UE relative \u00e0 la taxation des produits du tabac, ces taxes varient consid\u00e9rablement au sein de l&rsquo;Union car la fiscalit\u00e9 des produits du tabac rel\u00e8ve toujours de la comp\u00e9tence des \u00c9tats membres.<\/p>\n<p style=\"text-align: justify;\">Seuls sept \u00c9tats membres de l&rsquo;UE et sept autres pays de la R\u00e9gion europ\u00e9enne de l&rsquo;OMS ont mis en \u0153uvre une l\u00e9gislation compl\u00e8te d\u2019interdiction de fumer dans les lieux clos \u00e0 usage collectif, sans exception, et sans am\u00e9nagement de fumoirs, adoptant ainsi les bonnes pratiques recommand\u00e9es par l&rsquo;Organisation mondiale de la sant\u00e9.<\/p>\n<p style=\"text-align: justify;\">En mati\u00e8re de conditionnement, l\u2019ensemble des \u00c9tats membres apposent dor\u00e9navant des avertissements combin\u00e9s : textes et visuels sur les paquets de cigarettes et autres produits du tabac, appliquant ici les bonnes pratiques adopt\u00e9es dans le cadre du trait\u00e9. Seuls sept pays de la r\u00e9gion europ\u00e9enne de l&rsquo;OMS ont introduit l&#8217;emballage neutre.<\/p>\n<h2 style=\"text-align: justify;\"><strong>Une pr\u00e9valence tabagique qui reste \u00e9lev\u00e9e en Europe<\/strong><\/h2>\n<p style=\"text-align: justify;\">La pr\u00e9valence tabagique demeure \u00e9lev\u00e9e en Europe. En 2017, 30% de la population des 15 ans et plus fument. Les variations sont importantes : de 5% en Su\u00e8de \u00e0 45% en Hongrie. Bien que la proportion de fumeurs dans les \u00c9tats membres ait baiss\u00e9 en moyenne de presque 19% entre 2006 et 2017, il existe de tr\u00e8s grandes disparit\u00e9s selon les pays : en Su\u00e8de et au Royaume-Uni, la proportion de fumeurs a baiss\u00e9 de plus de moiti\u00e9 alors qu\u2019en France, Bulgarie, R\u00e9publique Tch\u00e8que Slov\u00e9nie elle n\u2019a que tr\u00e8s faiblement diminu\u00e9 ou a m\u00eame augment\u00e9.<\/p>\n<p style=\"text-align: justify;\">De m\u00eame, en 2018, environ 17% des adolescents de 15 ans au sein de l\u2019Union Europ\u00e9enne, avaient fum\u00e9 au moins une cigarette au cours des 30 derniers jours. Ce taux variait de 10% en Irlande, Royaume-Uni ou Su\u00e8de \u00e0 26% en Bulgarie voire 31% en Lituanie. En France ce taux \u00e9tait de 16%.  Nombre de pays de l\u2019UE sont aujourd\u2019hui engag\u00e9s dans une perspective de g\u00e9n\u00e9ration sans tabac dans les ann\u00e9es \u00e0 venir, soulignant l\u2019importance d\u2019avoir une politique de lutte contre le tabagisme soutenu et continue pour y parvenir.<\/p>\n<p><strong>Mots cl\u00e9s : Lutte antitabac, Union Europ\u00e9enne, tabagisme, Atlas du tabac<\/strong><\/p>\n<p><a href=\"https:\/\/www.generationsanstabac.org\/\">\u00a9G\u00e9n\u00e9ration Sans Tabac<\/a><\/p>\n<hr \/>\n<p><a href=\"#_ftnref1\" name=\"_ftn1\">[1]<\/a> German Cancer Research Center (ed.) (2020) <a href=\"https:\/\/www.dkfz.de\/de\/tabakkontrolle\/download\/Publikationen\/sonstVeroeffentlichungen\/TA2020_Tobacco-Control-in-Europe.pdf?m=1606813228&amp;\">Tobacco Control in Europe. Excerpt from the Tobacco Atlas Germany 2020<\/a>. Heidelberg, Germany<\/p>\n<p><a href=\"#_ftnref2\" name=\"_ftn2\">[2]<\/a> Bader, Pearl et al. \u201cEffects of tobacco taxation and pricing on smoking behavior in high risk populations: a knowledge synthesis.\u201d <em>International journal of environmental research and public health<\/em> vol. 8,11 (2011): 4118-39. doi:10.3390\/ijerph8114118<\/p>\n<p><a href=\"#_ftnref3\" name=\"_ftn3\">[3]<\/a> Roberto Bertollini, Sofia Ribeiro, Kristina Mauer-Stender, Gauden Galea, Tobacco control in Europe: a policy review, European Respiratory Review 2016 25: 151-157; DOI: 10.1183\/16000617.0021-2016<\/p>\n<p><span style=\"color: #999999;\"><strong><a style=\"color: #999999;\" href=\"http:\/\/www.cnct.fr\/\" target=\"_blank\" rel=\"noopener noreferrer\">Comit\u00e9 National Contre le Tabagisme |<\/a><\/strong><\/span><\/p>\n","protected":false},"excerpt":{"rendered":"<p>With the Tobacco Atlas Germany 2020, the German Cancer Research Center (DKFZ) presented in December 2020, for the third time since 2015, a summary of current data and facts on tobacco consumption in the European Union and the implementation of tobacco control measures.<\/p>","protected":false},"featured_media":15507,"template":"","tags":[],"thematique":[491],"class_list":["post-20218","actualites","type-actualites","status-publish","has-post-thumbnail","hentry","thematique-politiques-publiques"],"acf":[],"_links":{"self":[{"href":"https:\/\/www.generationsanstabac.org\/en\/wp-json\/wp\/v2\/actualites\/20218","targetHints":{"allow":["GET"]}}],"collection":[{"href":"https:\/\/www.generationsanstabac.org\/en\/wp-json\/wp\/v2\/actualites"}],"about":[{"href":"https:\/\/www.generationsanstabac.org\/en\/wp-json\/wp\/v2\/types\/actualites"}],"version-history":[{"count":0,"href":"https:\/\/www.generationsanstabac.org\/en\/wp-json\/wp\/v2\/actualites\/20218\/revisions"}],"wp:featuredmedia":[{"embeddable":true,"href":"https:\/\/www.generationsanstabac.org\/en\/wp-json\/wp\/v2\/media\/15507"}],"wp:attachment":[{"href":"https:\/\/www.generationsanstabac.org\/en\/wp-json\/wp\/v2\/media?parent=20218"}],"wp:term":[{"taxonomy":"post_tag","embeddable":true,"href":"https:\/\/www.generationsanstabac.org\/en\/wp-json\/wp\/v2\/tags?post=20218"},{"taxonomy":"thematique","embeddable":true,"href":"https:\/\/www.generationsanstabac.org\/en\/wp-json\/wp\/v2\/thematique?post=20218"}],"curies":[{"name":"wp","href":"https:\/\/api.w.org\/{rel}","templated":true}]}}