{"id":20213,"date":"2020-12-17T09:14:07","date_gmt":"2020-12-17T08:14:07","guid":{"rendered":"https:\/\/www.generationsanstabac.org\/actualites\/pakistan-etude\/"},"modified":"2020-12-17T09:14:07","modified_gmt":"2020-12-17T08:14:07","slug":"pakistan-etude","status":"publish","type":"actualites","link":"https:\/\/www.generationsanstabac.org\/en\/actualites\/pakistan-etude\/","title":{"rendered":"Study: Smokers support new anti-smoking measures in Pakistan"},"content":{"rendered":"<p style=\"text-align: justify;\">Une enqu\u00eate men\u00e9e au Pakistan a cherch\u00e9 \u00e0 \u00e9valuer le degr\u00e9 de soutien de la population et notamment des fumeurs pakistanais \u00e0 la mise en place de politiques antitabac<a href=\"#_ftn1\" name=\"_ftnref1\">[1]<\/a>. R\u00e9sultat : ces derniers pl\u00e9biscitent fortement ces mesures. Comme le souligne l\u2019enqu\u00eate, le soutien de la population aux mesures de politiques antitabac est l\u2019une des conditions de leur r\u00e9ussite.<\/p>\n<p style=\"text-align: justify;\">Les chercheurs ont conduit leur \u00e9tude dans dix villes du Pakistan, en s\u00e9lectionnant al\u00e9atoirement des m\u00e9nages comprenant un fumeur. Plusieurs mesures ont \u00e9t\u00e9 soumises \u00e0 leur appr\u00e9ciation : l\u2019interdiction totale de vente de tabac dans les dix prochaines ann\u00e9es, le passage de l\u2019\u00e2ge l\u00e9gal pour l\u2019achat de produits du tabac de 18 \u00e0 21 ans, l\u2019augmentation des taxes sur le tabac afin de financer les soins de sant\u00e9, et l\u2019interdiction de fumer dans les voitures en pr\u00e9sence de mineurs.<\/p>\n<h2 style=\"text-align: justify;\"><strong>Les mesures antitabac pl\u00e9biscit\u00e9es au Pakistan<\/strong><\/h2>\n<p style=\"text-align: justify;\">Entre septembre 2019 et mars 2020, plus de 6000 personnes ont \u00e9t\u00e9 interrog\u00e9es. Ces propositions apparaissent ainsi soutenues par l\u2019\u00e9chantillon interrog\u00e9. Ainsi, 86,5% des sond\u00e9s se d\u00e9claraient favorables \u00e0 l\u2019interdiction de fumer dans les voitures en pr\u00e9sence d\u2019enfants, 82% \u00e0 l\u2019interdiction compl\u00e8te de la vente de tabac dans les dix ans, 77,9% pour l\u2019interdiction d\u2019achat de tabac avant 21 ans, 68,1% pour une augmentation des taxes sur les produits du tabac. Comme le pr\u00e9cise l\u2019\u00e9tude, le soutien \u00e0 ces mesures pouvait varier selon plusieurs facteurs, comme l\u2019\u00e2ge de la personne interrog\u00e9e, son \u00e9ducation, et ses niveaux de consommation de tabac.<\/p>\n<h2 style=\"text-align: justify;\"><strong>Faire \u00e9voluer le cadre r\u00e9glementaire<br \/>\n<\/strong><\/h2>\n<p style=\"text-align: justify;\">Compte tenu de ces r\u00e9sultats, les auteurs de l\u2019enqu\u00eate invitent les d\u00e9cideurs politiques pakistanais \u00e0 renforcer les politiques antitabac. Comme le mentionnait <a href=\"https:\/\/www.generationsanstabac.org\/actualites\/pakistan-culture-tabac\/\">un r\u00e9cent article<\/a> de G\u00e9n\u00e9ration Sans Tabac, le tabac est encore consid\u00e9r\u00e9 au Pakistan comme un levier de croissance \u00e9conomique, davantage que comme une probl\u00e9matique centrale de sant\u00e9 publique. Ce paradigme a un co\u00fbt particuli\u00e8rement \u00e9lev\u00e9 pour la population : chaque ann\u00e9e, 163 000 personnes meurent pr\u00e9matur\u00e9ment des cons\u00e9quences de la consommation de tabac.<\/p>\n<p style=\"text-align: justify;\"><strong>Mots cl\u00e9s : Pakistan, Etude<br \/>\n<\/strong><\/p>\n<p style=\"text-align: justify;\"><a href=\"https:\/\/www.generationsanstabac.org\/\">\u00a9G\u00e9n\u00e9ration Sans Tabac<\/a><\/p>\n<hr \/>\n<p style=\"text-align: justify;\"><a href=\"#_ftnref1\" name=\"_ftn1\">[1]<\/a> Siddiqi K, Siddiqui F, Boeckmann M, et al, Attitudes of smokers towards tobacco control policies: findings from the Studying Tobacco users of Pakistan (STOP) survey, Tobacco Control Published Online First: 14 December 2020. doi: 10.1136\/tobaccocontrol-2020-055995<\/p>\n<p style=\"text-align: justify;\"><span style=\"color: #999999;\"><strong><a style=\"color: #999999;\" href=\"http:\/\/www.cnct.fr\/\" target=\"_blank\" rel=\"noopener noreferrer\">Comit\u00e9 National Contre le Tabagisme |<\/a><\/strong><\/span><\/p>\n","protected":false},"excerpt":{"rendered":"<p>A survey conducted in Pakistan sought to assess the level of support among the population, particularly Pakistani smokers, for the implementation of anti-smoking policies. The result: the latter strongly support these measures. As the survey highlights, public support for anti-smoking policy measures is one of the conditions for their success.<\/p>","protected":false},"featured_media":19693,"template":"","tags":[],"thematique":[491],"class_list":["post-20213","actualites","type-actualites","status-publish","has-post-thumbnail","hentry","thematique-politiques-publiques"],"acf":[],"_links":{"self":[{"href":"https:\/\/www.generationsanstabac.org\/en\/wp-json\/wp\/v2\/actualites\/20213","targetHints":{"allow":["GET"]}}],"collection":[{"href":"https:\/\/www.generationsanstabac.org\/en\/wp-json\/wp\/v2\/actualites"}],"about":[{"href":"https:\/\/www.generationsanstabac.org\/en\/wp-json\/wp\/v2\/types\/actualites"}],"version-history":[{"count":0,"href":"https:\/\/www.generationsanstabac.org\/en\/wp-json\/wp\/v2\/actualites\/20213\/revisions"}],"wp:featuredmedia":[{"embeddable":true,"href":"https:\/\/www.generationsanstabac.org\/en\/wp-json\/wp\/v2\/media\/19693"}],"wp:attachment":[{"href":"https:\/\/www.generationsanstabac.org\/en\/wp-json\/wp\/v2\/media?parent=20213"}],"wp:term":[{"taxonomy":"post_tag","embeddable":true,"href":"https:\/\/www.generationsanstabac.org\/en\/wp-json\/wp\/v2\/tags?post=20213"},{"taxonomy":"thematique","embeddable":true,"href":"https:\/\/www.generationsanstabac.org\/en\/wp-json\/wp\/v2\/thematique?post=20213"}],"curies":[{"name":"wp","href":"https:\/\/api.w.org\/{rel}","templated":true}]}}