{"id":20201,"date":"2020-12-10T10:34:58","date_gmt":"2020-12-10T09:34:58","guid":{"rendered":"https:\/\/www.generationsanstabac.org\/actualites\/le-vrai-cout-du-tabac-pour-tous-act-lance-sa-campagne\/"},"modified":"2020-12-10T10:34:58","modified_gmt":"2020-12-10T09:34:58","slug":"le-vrai-cout-du-tabac-pour-tous-act-lance-sa-campagne","status":"publish","type":"actualites","link":"https:\/\/www.generationsanstabac.org\/en\/actualites\/le-vrai-cout-du-tabac-pour-tous-act-lance-sa-campagne\/","title":{"rendered":"&#039;The true cost of tobacco for all&#039;: ACT launches campaign"},"content":{"rendered":"<p style=\"text-align: justify;\"><em>Le 9 d\u00e9cembre s\u2019est tenue la conf\u00e9rence de presse de l\u2019Alliance contre le tabac (ACT). La f\u00e9d\u00e9ration d\u2019associations de lutte contre le tabagisme en France lance sa campagne \u00ab le vrai co\u00fbt du tabac pour tous \u00bb, afin d\u2019informer et de sensibiliser le grand public sur le co\u00fbt r\u00e9el de l\u2019industrie du tabac. <\/em><\/p>\n<p style=\"text-align: justify;\">Cette campagne s\u2019ins\u00e8re dans un programme plus g\u00e9n\u00e9ral de d\u00e9normalisation port\u00e9 par l\u2019Alliance, visant \u00e0 d\u00e9banaliser la perception de la consommation du tabac et celle de son industrie.<\/p>\n<h2 style=\"text-align: justify;\"><strong>Un travail de p\u00e9dagogie pour faire avancer la r\u00e9glementation<\/strong><\/h2>\n<p style=\"text-align: justify;\">Lo\u00efc Josseran, pr\u00e9sident, et Marion Catellin, directrice de l\u2019ACT, ont soulign\u00e9 l\u2019importance pour cette campagne de d\u00e9construire un certain nombre d\u2019id\u00e9es re\u00e7ues sur le tabac, d\u00e9lib\u00e9r\u00e9ment diffus\u00e9es et entretenues par son industrie. Ce travail de p\u00e9dagogie est particuli\u00e8rement essentiel \u00e0 la lutte contre le tabagisme : la persistance de fausses informations sur le tabac est identifi\u00e9e comme l\u2019un des obstacles \u00e0 la mise en place de mesures efficaces et \u00e9prouv\u00e9es, comme la hausse des taxes sur le tabac.<\/p>\n<p><img fetchpriority=\"high\" decoding=\"async\" class=\"aligncenter wp-image-3209\" src=\"https:\/\/www.generationsanstabac.org\/wp-content\/uploads\/2024\/07\/Infographie_ACT_Vdef-11024_1.jpg\" alt=\"infographie-vrai-cout-tabac-act\" width=\"580\" height=\"820\" \/><\/p>\n<h2 style=\"text-align: justify;\"><strong>La lutte contre le tabac, \u00ab \u00e7a nous concerne tous \u00bb<\/strong><\/h2>\n<p style=\"text-align: justify;\">Un des objectifs de l\u2019ACT est de proposer une approche renouvel\u00e9e sur la question du tabac, en proposant une information factuelle et ludique, afin de montrer que la lutte contre le tabagisme est un sujet de sant\u00e9 publique qui concerne l\u2019ensemble des citoyens et de la collectivit\u00e9. En particulier, l\u2019Alliance a rappel\u00e9 que le co\u00fbt social net du tabagisme est \u00e9valu\u00e9 en France \u00e0 120 milliards d\u2019euros par an, repr\u00e9sentant 1800 euros annuels par personne, tandis que l\u2019industrie du tabac cherche \u00e0 minimiser sa contribution financi\u00e8re pour la collectivit\u00e9 par des pratiques d\u2019optimisation fiscale <a href=\"#_ftn1\" name=\"_ftnref1\">[1]<\/a>.<\/p>\n<p><iframe title=\"Le vrai co\u00fbt du tabac\" width=\"500\" height=\"281\" src=\"https:\/\/www.youtube.com\/embed\/N-d4eJiA1i8?feature=oembed\" frameborder=\"0\" allow=\"accelerometer; autoplay; clipboard-write; encrypted-media; gyroscope; picture-in-picture; web-share\" referrerpolicy=\"strict-origin-when-cross-origin\" allowfullscreen><\/iframe><\/p>\n<h2 style=\"text-align: justify;\"><strong>La perception du tabagisme en quelques chiffres<\/strong><\/h2>\n<p style=\"text-align: justify;\">L\u2019ACT a fait appel \u00e0 l\u2019institut de sondages BVA afin de mettre en place un indicateur permettant d\u2019\u00e9valuer la perception sociale du tabagisme en France. Les enqu\u00eates men\u00e9es par BVA permettent de dire que, si le tabagisme est associ\u00e9 \u00e0 une image n\u00e9gative (83% des fran\u00e7ais consid\u00e8rent que le tabac est une d\u00e9pendance, et seulement 17% comme une libert\u00e9), l\u2019institut montre que les cigarettiers sont encore fortement per\u00e7us comme une industrie comme une autre. Par ailleurs, un certain nombre d\u2019id\u00e9es re\u00e7ues demeurent ancr\u00e9es dans les repr\u00e9sentations collectives. Ainsi, \u00e0 titre d\u2019exemples, 71% des fumeurs pensent, \u00e0 tort, que faire du sport permet de nettoyer leurs poumons. De m\u00eame 56% des Fran\u00e7ais pensent que la vente des produits du tabac rapporte plus \u00e0 la collectivit\u00e9 que \u00e7a ne lui co\u00fbte en d\u00e9penses de sant\u00e9.  Or selon Pierre Kopp, \u00e9conomiste de la sant\u00e9 qui a travaill\u00e9 sur l\u2019\u00e9valuation du co\u00fbt des drogues en France, le tabac co\u00fbte 14 milliards nets au budget de l\u2019Etat, soit davantage que le budget du minist\u00e8re de la Culture.<\/p>\n<p style=\"text-align: justify;\">Le travail de BVA vise en outre \u00e0 \u00e9valuer en direct l\u2019efficacit\u00e9 de la campagne d\u2019information et de d\u00e9normalisation entrepris par l\u2019Alliance contre le tabac. Ces enqu\u00eates permettront d\u2019\u00e9tablir en temps r\u00e9el l\u2019efficacit\u00e9 de la campagne de d\u00e9normalisation entrepris par l\u2019Alliance.<\/p>\n<p><a href=\"https:\/\/alliancecontreletabac.org\/\" target=\"_blank\" rel=\"noopener\">Le site de l&rsquo;ACT<\/a><\/p>\n<p style=\"text-align: justify;\"><strong>Mots cl\u00e9s : ACT, Alliance contre le tabac, co\u00fbt du tabac, campagne<\/strong><\/p>\n<p><a href=\"https:\/\/www.generationsanstabac.org\/\">\u00a9G\u00e9n\u00e9ration Sans Tabac<\/a><\/p>\n<hr \/>\n<p><a href=\"#_ftnref1\" name=\"_ftn1\">[1]<\/a> <a href=\"https:\/\/www.youtube.com\/watch?v=N-d4eJiA1i8\">Le vrai co\u00fbt du tabac<\/a>, l\u2019Alliance contre le tabac, 8 d\u00e9cembre 2020<\/p>\n<p><span style=\"color: #999999;\"><strong><a style=\"color: #999999;\" href=\"http:\/\/www.cnct.fr\/\" target=\"_blank\" rel=\"noopener noreferrer\">Comit\u00e9 National Contre le Tabagisme |<\/a><\/strong><\/span><\/p>\n","protected":false},"excerpt":{"rendered":"<p>The Alliance Against Tobacco (ACT) held a press conference on December 9. The federation of anti-smoking associations in France is launching its &quot;The True Cost of Tobacco for All&quot; campaign to inform and raise public awareness about the true cost of the tobacco industry.<\/p>","protected":false},"featured_media":15062,"template":"","tags":[],"thematique":[491],"class_list":["post-20201","actualites","type-actualites","status-publish","has-post-thumbnail","hentry","thematique-politiques-publiques"],"acf":[],"_links":{"self":[{"href":"https:\/\/www.generationsanstabac.org\/en\/wp-json\/wp\/v2\/actualites\/20201","targetHints":{"allow":["GET"]}}],"collection":[{"href":"https:\/\/www.generationsanstabac.org\/en\/wp-json\/wp\/v2\/actualites"}],"about":[{"href":"https:\/\/www.generationsanstabac.org\/en\/wp-json\/wp\/v2\/types\/actualites"}],"version-history":[{"count":0,"href":"https:\/\/www.generationsanstabac.org\/en\/wp-json\/wp\/v2\/actualites\/20201\/revisions"}],"wp:featuredmedia":[{"embeddable":true,"href":"https:\/\/www.generationsanstabac.org\/en\/wp-json\/wp\/v2\/media\/15062"}],"wp:attachment":[{"href":"https:\/\/www.generationsanstabac.org\/en\/wp-json\/wp\/v2\/media?parent=20201"}],"wp:term":[{"taxonomy":"post_tag","embeddable":true,"href":"https:\/\/www.generationsanstabac.org\/en\/wp-json\/wp\/v2\/tags?post=20201"},{"taxonomy":"thematique","embeddable":true,"href":"https:\/\/www.generationsanstabac.org\/en\/wp-json\/wp\/v2\/thematique?post=20201"}],"curies":[{"name":"wp","href":"https:\/\/api.w.org\/{rel}","templated":true}]}}