{"id":20198,"date":"2020-12-08T14:18:04","date_gmt":"2020-12-08T13:18:04","guid":{"rendered":"https:\/\/www.generationsanstabac.org\/actualites\/suisse-restriction-de-la-publicite-pour-le-tabac\/"},"modified":"2020-12-08T14:18:04","modified_gmt":"2020-12-08T13:18:04","slug":"suisse-restriction-de-la-publicite-pour-le-tabac","status":"publish","type":"actualites","link":"https:\/\/www.generationsanstabac.org\/en\/actualites\/suisse-restriction-de-la-publicite-pour-le-tabac\/","title":{"rendered":"Switzerland: Restriction of tobacco advertising"},"content":{"rendered":"<p style=\"text-align: justify;\"><em>Apr\u00e8s plusieurs ann\u00e9es de d\u00e9bats, le Conseil national suisse s\u2019est pench\u00e9 le 7 et 8 d\u00e9cembre sur l\u2019examen de la nouvelle l\u00e9gislation sur les produits du tabac<a href=\"#_ftn1\" name=\"_ftnref1\"><strong>[1]<\/strong><\/a> qui vise \u00e0 prot\u00e9ger les jeunes contre la publicit\u00e9 pour produits du tabac et de la nicotine. <i data-stringify-type=\"italic\">Les industriels du tabac d\u00e9ploient un lobby massif \u00e0 l\u2019attention des <\/i>parlementaires<i data-stringify-type=\"italic\"> pour contrer l\u2019adoption de ce texte.<\/i><\/em><\/p>\n<p style=\"text-align: justify;\">Un premier projet de loi avait \u00e9chou\u00e9 devant le Parlement en 2016, principalement en raison de la mesure d&rsquo;interdiction de publicit\u00e9 pour le tabac. Le Conseil f\u00e9d\u00e9ral a revu en cons\u00e9quence sa copie en novembre 2018, \u00e9liminant les nouvelles restrictions de publicit\u00e9 du premier projet. Lass\u00e9e du report des projets de loi et de leur manque d\u2019ambition, plusieurs associations de sant\u00e9 publique ont alors lanc\u00e9 en 2019 une initiative populaire \u00ab <a href=\"https:\/\/enfantssanstabac.ch\/\">Oui \u00e0 la protection des enfants et des jeunes contre la publicit\u00e9 pour le tabac<\/a>\u00bb qui a pour but d\u2019emp\u00eacher toutes les publicit\u00e9s pour les produits du tabac qui atteignent les enfants et les jeunes.<\/p>\n<p style=\"text-align: justify;\">En septembre 2019, le Conseil des \u00c9tats a propos\u00e9 d&rsquo;interdire la publicit\u00e9 dans les magazines et sur <a href=\"https:\/\/fr.wikipedia.org\/wiki\/Internet\">internet<\/a>, ainsi que le parrainage par l&rsquo;industrie du tabac d&rsquo;\u00e9v\u00e8nements internationaux ou organis\u00e9s par la Conf\u00e9d\u00e9ration, les <a href=\"https:\/\/fr.wikipedia.org\/wiki\/Canton_(Suisse)\">cantons<\/a> ou les <a href=\"https:\/\/fr.wikipedia.org\/wiki\/Commune_(Suisse)\">communes<\/a>. Cette proposition connait cependant de s\u00e9rieuses limites car la promotion et le parrainage serait toujours possible pour un public majeur. C\u2019est pourtant sur cette version sur le Conseil National est appel\u00e9 \u00e0 se prononcer. Plusieurs groupes politiques conservateurs s\u2019opposent \u00e0 ces mesures en arguant que le projet constitue une ing\u00e9rence dans la libert\u00e9 commerciale des entreprises et dans les choix des citoyens ou que \u00ab la protection des mineurs ne doit pas \u00eatre utilis\u00e9e comme pr\u00e9texte pour introduire de nouvelles interdictions de publicit\u00e9 pour les produits l\u00e9gaux\u2026 \u00bb<a href=\"#_ftn2\" name=\"_ftnref2\">[2]<\/a>.<\/p>\n<h2 style=\"text-align: justify;\"><strong>Une ing\u00e9rence continue des industriels du tabac dans les r\u00e9glementations<\/strong><\/h2>\n<p style=\"text-align: justify;\">Les fabricants de tabac b\u00e9n\u00e9ficient de relais au sein de la classe politique. De nombreux parlementaires s\u2019opposent syst\u00e9matiquement aux tentatives de r\u00e9glementation. En amont des d\u00e9bats du 7 et 8 d\u00e9cembre, l\u2019industrie du tabac a fait parvenir ses \u00ab recommandations \u00bb<a href=\"#_ftn3\" name=\"_ftnref3\">[3]<\/a> aux membres de quatre des six groupes parlementaires du Conseil national. Les fabricants de tabac s\u2019opposent \u00e0 l\u2019interdiction de la publicit\u00e9 pour les produits du tabac et de la nicotine par voie d\u2019affichage et sur internet. Ils s\u2019opposent \u00e9galement \u00e0 l\u2019interdiction des additifs (menthol) dans les produits du tabac et ne veulent aucune restriction du parrainage pour les produits du tabac et de la nicotine. Enfin, ils sont hostiles \u00e0 l\u2019adh\u00e9sion de la Suisse \u00e0 la Convention-Cadre de l\u2019OMS, trait\u00e9 international dont les mesures de lutte contre le tabagisme seraient juridiquement contraignantes pour le pays.<\/p>\n<p style=\"text-align: justify;\">La Suisse est l\u2019un des derniers pays du monde \u00e0 ne pas avoir ratifi\u00e9 la Convention-cadre (CCLAT), qu&rsquo;elle a pourtant sign\u00e9e en 2004. Elle accueille le si\u00e8ge social de deux grandes multinationales du  tabac, JTI (\u00e0 Gen\u00e8ve)  et PMI (\u00e0 Lausanne). Cette derni\u00e8re soci\u00e9t\u00e9 a aussi son centre mondial de recherche en Suisse (\u00e0 Neuch\u00e2tel). Les trois multinationales, BAT, JTI et PMI, ont des usines de fabrication de cigarettes en Suisse, dont environ les deux tiers de la production sont export\u00e9s. En s\u2019opposant \u00e0 la CCLAT, les l\u2019industriels du tabac s\u2019opposent \u00e0 la mise en place de mesures dont l\u2019efficacit\u00e9 a \u00e9t\u00e9 d\u00e9montr\u00e9e pour r\u00e9duire la consommation de tabac. Le trait\u00e9 de la CCLAT a \u00e9t\u00e9 \u00e9valu\u00e9 et il a \u00e9t\u00e9 d\u00e9montr\u00e9 que sa mise en \u0153uvre avait permis et permettait de sauver des millions de vies. Actuellement, plus d\u2019un quart de la population suisse fume (27 %). La part des fumeurs est de 32% chez les 15-24 ans et 36% pour les 25-34 ans. Ces proportions tr\u00e8s \u00e9lev\u00e9es restent inchang\u00e9es depuis dix ans<a href=\"#_ftn4\" name=\"_ftnref4\">[4]<\/a>. Chaque ann\u00e9e, le tabagisme est \u00e0 l\u2019origine de 9 500 d\u00e9c\u00e8s pr\u00e9matur\u00e9s dans le pays. Et il est possible que ces chiffres soient fortement sous-estim\u00e9s par rapport \u00e0 la r\u00e9alit\u00e9.<a href=\"#_ftn4\" name=\"_ftnref4\">[5]<\/a><\/p>\n<p style=\"text-align: justify;\"><strong>Mots cl\u00e9s : Suisse, publicit\u00e9, promotion, produits du tabac<\/strong><\/p>\n<p style=\"text-align: justify;\"><a href=\"https:\/\/www.generationsanstabac.org\/\">\u00a9G\u00e9n\u00e9ration Sans Tabac<\/a><\/p>\n<hr \/>\n<p><a href=\"#_ftnref1\" name=\"_ftn1\">[1]<\/a> La publicit\u00e9 pour le tabac devrait \u00eatre restreinte, Le Matin, 7 d\u00e9cembre 2020, consult\u00e9 le 8 d\u00e9cembre 2020<\/p>\n<p><a href=\"#_ftnref2\" name=\"_ftn2\">[2]<\/a> <a href=\"https:\/\/www.srf.ch\/news\/schweiz\/tabakprodukte-gesetz-kompromiss-bei-tabakwerbung-zeichnet-sich-ab\"><em>Kompromiss bei Tabakwerbung zeichnet sich ab<\/em><\/a>,  Schweizer Radio und Fernsehen, 8 d\u00e9cembre 2020, consult\u00e9 le jour m\u00eame<\/p>\n<p><a href=\"#_ftnref3\" name=\"_ftn3\">[3]<\/a> <a href=\"https:\/\/avenue.argusdatainsights.ch\/Article\/AvenueClip?artikelHash=725be237bb704ff797090cb419dc67f0_5631BC9456E7E7CA92DDBE33B17B6C96&amp;artikelDateiId=271013579\"><em>Publicit\u00e9 pour le tabac et protection contre le tabagisme passif: le lobby du tabac exige un recul radical du Conseil national<\/em><\/a>, Association suisse pour la pr\u00e9vention du tabagisme, 4 d\u00e9cembre 2020, consult\u00e9 le 8 d\u00e9cembre 2020<\/p>\n<p><a href=\"#_ftnref4\" name=\"_ftn4\"><strong>[4]<\/strong><\/a> G\u00e9n\u00e9ration Sans Tabac, <a href=\"https:\/\/www.generationsanstabac.org\/actualites\/en-suisse-36-des-25-34-ans-sont-fumeurs\/\"><em>En Suisse, 36% des 25- 34 ans sont fumeurs<\/em><\/a>, 21 f\u00e9vrier 2020, consult\u00e9 le 8 d\u00e9cembre 2020<\/p>\n<p><a href=\"#_ftnref4\" name=\"_ftn4\"><strong>[5]<\/strong><\/a> Jakob J, Cornuz J, Diethelm P. Prevalence of tobacco smoking in Switzerland: do reported numbers underestimate reality.<b data-stringify-type=\"bold\"> <\/b>Swiss Med Wkly. 2017;147:w14437.<\/p>\n<p><span style=\"color: #999999;\"><strong><a style=\"color: #999999;\" href=\"http:\/\/www.cnct.fr\/\" target=\"_blank\" rel=\"noopener noreferrer\">Comit\u00e9 National Contre le Tabagisme |<\/a><\/strong><\/span><\/p>\n","protected":false},"excerpt":{"rendered":"<p>After several years of debate, the Swiss National Council considered the new tobacco legislation on December 7 and 8, which aims to protect young people from tobacco and nicotine advertising. Tobacco companies are lobbying parliamentarians extensively to oppose the adoption of this legislation.<\/p>","protected":false},"featured_media":19511,"template":"","tags":[],"thematique":[499,507],"class_list":["post-20198","actualites","type-actualites","status-publish","has-post-thumbnail","hentry","thematique-lobby","thematique-marketing-publicite"],"acf":[],"_links":{"self":[{"href":"https:\/\/www.generationsanstabac.org\/en\/wp-json\/wp\/v2\/actualites\/20198","targetHints":{"allow":["GET"]}}],"collection":[{"href":"https:\/\/www.generationsanstabac.org\/en\/wp-json\/wp\/v2\/actualites"}],"about":[{"href":"https:\/\/www.generationsanstabac.org\/en\/wp-json\/wp\/v2\/types\/actualites"}],"version-history":[{"count":0,"href":"https:\/\/www.generationsanstabac.org\/en\/wp-json\/wp\/v2\/actualites\/20198\/revisions"}],"wp:featuredmedia":[{"embeddable":true,"href":"https:\/\/www.generationsanstabac.org\/en\/wp-json\/wp\/v2\/media\/19511"}],"wp:attachment":[{"href":"https:\/\/www.generationsanstabac.org\/en\/wp-json\/wp\/v2\/media?parent=20198"}],"wp:term":[{"taxonomy":"post_tag","embeddable":true,"href":"https:\/\/www.generationsanstabac.org\/en\/wp-json\/wp\/v2\/tags?post=20198"},{"taxonomy":"thematique","embeddable":true,"href":"https:\/\/www.generationsanstabac.org\/en\/wp-json\/wp\/v2\/thematique?post=20198"}],"curies":[{"name":"wp","href":"https:\/\/api.w.org\/{rel}","templated":true}]}}