{"id":20192,"date":"2020-12-08T09:24:17","date_gmt":"2020-12-08T08:24:17","guid":{"rendered":"https:\/\/www.generationsanstabac.org\/actualites\/cloture-du-14e-congres-de-la-societe-francophone-de-tabacologie\/"},"modified":"2020-12-08T09:24:17","modified_gmt":"2020-12-08T08:24:17","slug":"cloture-du-14e-congres-de-la-societe-francophone-de-tabacologie","status":"publish","type":"actualites","link":"https:\/\/www.generationsanstabac.org\/en\/actualites\/cloture-du-14e-congres-de-la-societe-francophone-de-tabacologie\/","title":{"rendered":"Closing of the 14th congress of the French-speaking Society of Tobacco"},"content":{"rendered":"<h1>Le th\u00e8me de cette ann\u00e9e \u00e9tait \u00ab\u202fTabagisme\u202f: le d\u00e9but de la fin\u2026\u202f\u00bb<\/h1>\n<p style=\"text-align: justify;\">En p\u00e9riode de Covid-19, le 14e congr\u00e8s de la Soci\u00e9t\u00e9 Francophone de Tabacologie (SFT) s\u2019est d\u00e9roul\u00e9, en 100 % virtuel, les 26 et 27 novembre 2020[<a href=\"http:\/\/www.csft2020.fr\">1<\/a>]. L\u2019ouverture du congr\u00e8s a \u00e9t\u00e9 effectu\u00e9e par\u202f:<\/p>\n<ul style=\"text-align: justify;\">\n<li>La Doctoresse Anne Laurence Le Faou, Pr\u00e9sidente de la SFT ;<\/li>\n<li>Le Professeur J\u00e9r\u00f4me Salomon, Direction G\u00e9n\u00e9rale de la Sant\u00e9 ;<\/li>\n<li>Le Docteur Nicolas Prisse, Mission interminist\u00e9rielle de lutte contre les drogues et les conduites addictives (MILDECA) ;<\/li>\n<li>La Professeure Genevi\u00e8ve Ch\u00eane, Sant\u00e9 Publique France ;<\/li>\n<li>Daniel Thomas, Pr\u00e9sident du comit\u00e9 scientifique et d\u2019organisation du congr\u00e8s.<\/li>\n<\/ul>\n<p style=\"text-align: justify;\">D\u2019autres soci\u00e9t\u00e9s savantes ont particip\u00e9 ainsi que la Soci\u00e9t\u00e9 Fran\u00e7aise de Cardiologie, la Soci\u00e9t\u00e9 de Pneumologie de Langue Fran\u00e7aise, la Soci\u00e9t\u00e9 Fran\u00e7aise de M\u00e9decine Vasculaire et le Coll\u00e8ge National des Gyn\u00e9cologues et Obst\u00e9triciens Fran\u00e7ais, des infirmi\u00e8res et des coll\u00e8gues francophones belges, luxembourgeois.<\/p>\n<h2>De nombreux \u00e9changes riches et diversifi\u00e9s<\/h2>\n<p style=\"text-align: justify;\">Le th\u00e8me de ce congr\u00e8s \u00ab\u202fTabagisme\u202f: le d\u00e9but de la fin\u2026\u202f\u00bb, sous la forme d\u2019une figure de style, se veut \u00eatre optimiste. Selon le dernier barom\u00e8tre de Sant\u00e9 Publique France, J\u00e9r\u00f4me Salomon informe que le nombre de fumeurs conna\u00eet une baisse de 4,5 points (-16 %) depuis 2014, la pr\u00e9valence du tabagisme quotidien, passant en 5 ans de 28,5% \u00e0 24,0%\u202f. Le combat est encore rude \u00e0 mener, d\u2019autant plus en cette p\u00e9riode de confinement, o\u00f9 27% des fumeurs quotidiens ont augment\u00e9 leur consommation de 5 cigarettes par jour pendant que 19% diminuaient leur consommation de tabac[<a href=\"https:\/\/www.generationsanstabac.org\/actualites\/bilan-de-la-5e-edition-du-mois-sans-tabac\/\" target=\"_blank\" rel=\"noopener noreferrer\">2<\/a>]. Il est pr\u00e9cis\u00e9 \u00e9galement que des in\u00e9galit\u00e9s perdurent et s\u2019accentuent, dans la consommation de tabac, entre les hauts et bas revenus\u202f: 18 % pour les plus ais\u00e9s et 30 % pour les plus pauvres.<\/p>\n<p style=\"text-align: justify;\">Les deux principaux objectifs de la SFT sont de d\u00e9velopper des connaissances et de renforcer les liens entre les diff\u00e9rents acteurs. Lors de ce congr\u00e8s, plusieurs probl\u00e9matiques ont \u00e9t\u00e9 abord\u00e9es, abondant dans ce sens, telles que les effets de l\u2019association du tabac et de la Covid-19, les donn\u00e9es r\u00e9centes sur la consommation du tabac, la cigarette \u00e9lectronique et les sympt\u00f4mes associ\u00e9s, l\u2019impact environnemental, l\u2019Assistance m\u00e9dicale \u00e0 la procr\u00e9ation (AMP), l\u2019importance d\u2019un suivi et d\u2019un accompagnement des femmes vers l\u2019arr\u00eat du tabac, en amont et tout au long de leur grossesse ainsi qu\u2019apr\u00e8s l\u2019accouchement. Un livret est disponible en ligne. Il pr\u00e9sente le programme et un r\u00e9sum\u00e9 des interventions r\u00e9alis\u00e9es sur ces deux jours, accessible <a href=\"http:\/\/societe-francophone-de-tabacologie.org\/congres1.html\" target=\"_blank\" rel=\"noopener noreferrer\">ici<\/a>.<\/p>\n<h2>Pr\u00e9sentation de la SFT<\/h2>\n<p style=\"text-align: justify;\">La Soci\u00e9t\u00e9 Francophone de Tabacologie est un organisme d\u2019int\u00e9r\u00eat g\u00e9n\u00e9ral. Elle encourage les recherches scientifiques sur le tabac, son utilisation, ses impacts sur la sant\u00e9 et sa d\u00e9pendance ainsi que les conduites similaires. Elle diffuse \u00e9galement les recherches effectu\u00e9es et leur application. Elle encourage l\u2019enseignement de la tabacologie. La SFT m\u00e8ne diverses actions[<a href=\"http:\/\/societe-francophone-de-tabacologie.org\/dl\/SFT-presentation2020.pdf\" target=\"_blank\" rel=\"noopener noreferrer\">3<\/a>]\u202f:<\/p>\n<ul style=\"text-align: justify;\">\n<li>La mise \u00e0 disposition d\u2019un annuaire des consultations de tabacologie pour les membres de la SFT ;<\/li>\n<li>La publication de \u00ab\u202fLa Lettre de la SFT\u202f\u00bb, soit 10 num\u00e9ros par an ;<\/li>\n<li>Un congr\u00e8s national annuel\u202f: www.csfr2020.fr ;<\/li>\n<li>Un prix est d\u00e9cern\u00e9 au meilleur m\u00e9moire des DIU de tabacologie ;<\/li>\n<li>Des collaborations avec la Direction G\u00e9n\u00e9rale de la Sant\u00e9, la MILDECA, Sant\u00e9 Publique France, la CNAM, l\u2019Alliance contre le Tabac, la F\u00e9d\u00e9ration Fran\u00e7aise d\u2019Addictologie et de nombreuses Soci\u00e9t\u00e9 savantes.<\/li>\n<\/ul>\n<p style=\"text-align: justify;\">Le prochain congr\u00e8s national se tiendra du jeudi 25 au vendredi 26 novembre 2021, au Palais des congr\u00e8s de Reims[<a href=\"http:\/\/societe-francophone-de-tabacologie.org\/congres1.html\" target=\"_blank\" rel=\"noopener noreferrer\">4<\/a>].<\/p>\n<p><span style=\"color: #666699;\"><a style=\"color: #666699;\" href=\"https:\/\/www.generationsanstabac.org\/\">\u00a9G\u00e9n\u00e9ration Sans Tabac<\/a><\/span><\/p>\n<hr \/>\n<p>[1] CSFT 2020, <a href=\"http:\/\/www.csft2020.fr\"><em>14e congr\u00e8s de la Soci\u00e9t\u00e9 Francophone de Tabacologie<\/em><\/a>, www.csft2020.fr (consult\u00e9 le 7 d\u00e9cembre 2020).<\/p>\n<p>[2] DNF, <a href=\"https:\/\/www.generationsanstabac.org\/actualites\/bilan-de-la-5e-edition-du-mois-sans-tabac\/\" target=\"_blank\" rel=\"noopener noreferrer\"><em>5e \u00e9dition du Mois Sans Tabac<\/em><\/a>, www.generationsanstabac.org (le 4 d\u00e9cembre 2020, consult\u00e9 le 7 d\u00e9cembre 2020).<\/p>\n<p>[3] Soci\u00e9t\u00e9 francophone de tabacologie, <a href=\"http:\/\/societe-francophone-de-tabacologie.org\/dl\/SFT-presentation2020.pdf\" target=\"_blank\" rel=\"noopener noreferrer\"><em>SFT, pr\u00e9sentation 2020<\/em><\/a>, www.societe-francophone-de-tabacologie.org (consult\u00e9 le 7 d\u00e9cembre 2020).<\/p>\n<p>[4] Soci\u00e9t\u00e9 francophone de tabacologie, <a href=\"http:\/\/societe-francophone-de-tabacologie.org\/congres1.html\" target=\"_blank\" rel=\"noopener noreferrer\"><em>Congr\u00e8s nationaux de la SFT<\/em><\/a>, www.societe-francophone-de-tabacologie.org (consult\u00e9 le 7 d\u00e9cembre 2020).<\/p>\n<p><span style=\"color: #e8e8e8;\"><strong><a style=\"color: #e8e8e8;\" href=\"http:\/\/dnf.asso.fr\/\/\" target=\"_blank\" rel=\"noopener noreferrer\"> DNF &#8211; Pour un Monde ZeroTabac |<\/a><\/strong><\/span><\/p>\n","protected":false},"excerpt":{"rendered":"<p>During the Covid-19 period, the 14th congress of the Soci\u00e9t\u00e9 Francophone de Tabalogie (SFT) took place, in 100 % virtual, on November 26 and 27, 2020.<\/p>","protected":false},"featured_media":20193,"template":"","tags":[],"thematique":[474],"class_list":["post-20192","actualites","type-actualites","status-publish","has-post-thumbnail","hentry","thematique-sante"],"acf":[],"_links":{"self":[{"href":"https:\/\/www.generationsanstabac.org\/en\/wp-json\/wp\/v2\/actualites\/20192","targetHints":{"allow":["GET"]}}],"collection":[{"href":"https:\/\/www.generationsanstabac.org\/en\/wp-json\/wp\/v2\/actualites"}],"about":[{"href":"https:\/\/www.generationsanstabac.org\/en\/wp-json\/wp\/v2\/types\/actualites"}],"version-history":[{"count":0,"href":"https:\/\/www.generationsanstabac.org\/en\/wp-json\/wp\/v2\/actualites\/20192\/revisions"}],"wp:featuredmedia":[{"embeddable":true,"href":"https:\/\/www.generationsanstabac.org\/en\/wp-json\/wp\/v2\/media\/20193"}],"wp:attachment":[{"href":"https:\/\/www.generationsanstabac.org\/en\/wp-json\/wp\/v2\/media?parent=20192"}],"wp:term":[{"taxonomy":"post_tag","embeddable":true,"href":"https:\/\/www.generationsanstabac.org\/en\/wp-json\/wp\/v2\/tags?post=20192"},{"taxonomy":"thematique","embeddable":true,"href":"https:\/\/www.generationsanstabac.org\/en\/wp-json\/wp\/v2\/thematique?post=20192"}],"curies":[{"name":"wp","href":"https:\/\/api.w.org\/{rel}","templated":true}]}}