{"id":20164,"date":"2020-11-27T08:33:10","date_gmt":"2020-11-27T07:33:10","guid":{"rendered":"https:\/\/www.generationsanstabac.org\/actualites\/irlande-est-sur-la-bonne-voie-pour-etre-sans-tabac-dici-2025\/"},"modified":"2020-11-27T08:33:10","modified_gmt":"2020-11-27T07:33:10","slug":"irlande-est-sur-la-bonne-voie-pour-etre-sans-tabac-dici-2025","status":"publish","type":"actualites","link":"https:\/\/www.generationsanstabac.org\/en\/actualites\/irlande-est-sur-la-bonne-voie-pour-etre-sans-tabac-dici-2025\/","title":{"rendered":"Ireland on track to be tobacco-free by 2025"},"content":{"rendered":"<p style=\"text-align: justify;\"><em>Le gouvernement irlandais a publi\u00e9 le <\/em><em>rapport 2019 sur l&rsquo;Irlande sans tabac<\/em><em>, qui pr\u00e9sente des propositions visant \u00e0 r\u00e9duire le taux de tabagisme \u00e0 moins de 5% pour l\u2019ensemble de la population. Le Ministre d&rsquo;\u00c9tat charg\u00e9 de la sant\u00e9 publique, du bien-\u00eatre et de la strat\u00e9gie nationale antidrogue, Frank Feighan, a d\u00e9clar\u00e9 que le pays est sur la bonne voie et qu&rsquo;il est possible pour l\u2019Irlande d&rsquo;atteindre cet objectif <a href=\"#_ftn1\" name=\"_ftnref1\"><strong>[1]<\/strong><\/a>. <\/em><\/p>\n<p style=\"text-align: justify;\">Dans le cadre du <a href=\"https:\/\/www.gov.ie\/en\/publication\/e8f9b1-healthy-ireland-framework-2019-2025\/\">Healthy Ireland Framework<\/a>, une feuille de route pour construire une Irlande plus saine a \u00e9t\u00e9 lanc\u00e9e. Les deux th\u00e8mes cl\u00e9s de la politique de lutte antitabac sont la protection des plus jeunes et la d\u00e9normalisation du tabagisme. Le rapport paru le 23 novembre 2020 int\u00e8gre les dispositions de la l\u00e9gislation : <a href=\"https:\/\/assets.gov.ie\/39086\/884ae414fa434c2c9ff12447d50e2c21.pdf\">Public Health (Tobacco and Nicotine Inhaling Products) Bill<\/a> et un certain nombre de r\u00e9alisations cl\u00e9s de 2019<a href=\"#_ftn2\" name=\"_ftnref2\">[2]<\/a> :<\/p>\n<ul style=\"text-align: justify;\">\n<li>L\u2019inclusion d&rsquo;une question sur le tabagisme dans le recensement de 2021 pour fournir des informations plus d\u00e9taill\u00e9es sur la pr\u00e9valence tabagique dans tout le pays afin de cibler les campagnes anti-tabac et l&rsquo;aide \u00e0 l\u2019arr\u00eat aux diverses populations de fumeurs.<\/li>\n<li>Le d\u00e9veloppement de campus sans tabac, y compris le lancement du campus sans tabac de Sports Ireland, interdisant de fumer \u00e0 l\u2019ext\u00e9rieur de tous les b\u00e2timents du campus.<\/li>\n<li>Une meilleure application de l&rsquo;interdiction de vente des produits du tabac dans les lieux ou \u00e9v\u00e9nements destin\u00e9s aux enfants.<\/li>\n<li>Une r\u00e9duction de la publicit\u00e9 pour les produits \u00e0 base de nicotine dans les lieux ou \u00e9v\u00e9nements destin\u00e9s aux enfants.<\/li>\n<li>L&rsquo;augmentation du prix par des hausses de taxes au niveau du droit d&rsquo;accise minimum sur les produits du tabac. A cet \u00e9gard, les acteurs de la sant\u00e9 appellent le gouvernement a adopt\u00e9 des mesures fiscales fortes en portant le prix du paquet de 20 cigarettes \u00e0 20\u20ac d\u2019ici 2025 et demandent une plus forte fiscalit\u00e9 des cigarettes \u00e9lectroniques afin de prot\u00e9ger les jeunes de la d\u00e9pendance \u00e0 la nicotine<a href=\"#_ftn3\" name=\"_ftnref3\">[3]<\/a>.<\/li>\n<\/ul>\n<p style=\"text-align: justify;\">En 2015, 23% de la population totale de l\u2019Irlande consommait des produits du tabac. Le nombre de fumeurs a depuis diminu\u00e9 en moyenne de 1 \u00e0 2% chaque ann\u00e9e pour s\u2019\u00e9tablir \u00e0 17% de la population aujourd\u2019hui.<\/p>\n<p><strong>Mots cl\u00e9 : Irlande, G\u00e9n\u00e9ration Sans Tabac<\/strong><\/p>\n<p><a href=\"https:\/\/www.generationsanstabac.org\/\">\u00a9G\u00e9n\u00e9ration Sans Tabac<\/a><\/p>\n<hr \/>\n<p><a href=\"#_ftnref1\" name=\"_ftn1\">[1]<\/a> Marita Moloney<a href=\"https:\/\/www.newstalk.com\/news\/ireland-on-the-right-track-to-be-tobacco-free-by-2025-says-junior-minister-1110964\"><em>, Ireland is \u00ab\u00a0on the right track\u00a0\u00bb to be tobacco-free by 2025, according to a junior minister<\/em><\/a><strong>, <\/strong>Newtalk, 24 novembre 2020, consult\u00e9 le 26 novembre 2020<\/p>\n<p><a href=\"#_ftnref2\" name=\"_ftn2\">[2]<\/a> <a href=\"https:\/\/www.gov.ie\/en\/press-release\/d5813-minister-donnelly-and-minister-feighan-welcome-the-publication-of-the-tobacco-free-ireland-annual-report-with-a-call-to-quit-smoking\/\"><em>Minister Donnelly and Minister Feighan welcome the publication of the Tobacco Free Ireland Annual Report with a call to quit smoking, site du gouvernement irlandais<\/em><\/a>, 24 novembre 2020, consult\u00e9 le 26 novembre 2020<\/p>\n<p><a href=\"#_ftnref3\" name=\"_ftn3\">[3]<\/a> G\u00e9n\u00e9ration Sans Tabac, Irlande. <a href=\"https:\/\/www.generationsanstabac.org\/actualites\/irlande-les-cardiologues-appellent-a-une-augmentation-des-taxes-sur-le-vapotage-et-les-cigarettes\/\">Les cardiologues appellent \u00e0 une augmentation des taxes sur le vapotage et les cigarettes<\/a>, 9 octobre 2020, consult\u00e9 le 27 novembre 2020<\/p>\n<p><span style=\"color: #999999;\"><strong><a style=\"color: #999999;\" href=\"http:\/\/www.cnct.fr\/\" target=\"_blank\" rel=\"noopener noreferrer\">Comit\u00e9 National Contre le Tabagisme |<\/a><\/strong><\/span><\/p>\n","protected":false},"excerpt":{"rendered":"<p>The Irish government has published the 2019 Tobacco-Free Ireland Report, which outlines proposals to reduce smoking rates to less than 5% for the entire population. Minister of State for Public Health, Wellbeing and the National Drug Strategy, Frank Feighan, said the country is on the right track and that achieving this target is achievable.<\/p>","protected":false},"featured_media":20165,"template":"","tags":[],"thematique":[491,474],"class_list":["post-20164","actualites","type-actualites","status-publish","has-post-thumbnail","hentry","thematique-politiques-publiques","thematique-sante"],"acf":[],"_links":{"self":[{"href":"https:\/\/www.generationsanstabac.org\/en\/wp-json\/wp\/v2\/actualites\/20164","targetHints":{"allow":["GET"]}}],"collection":[{"href":"https:\/\/www.generationsanstabac.org\/en\/wp-json\/wp\/v2\/actualites"}],"about":[{"href":"https:\/\/www.generationsanstabac.org\/en\/wp-json\/wp\/v2\/types\/actualites"}],"version-history":[{"count":0,"href":"https:\/\/www.generationsanstabac.org\/en\/wp-json\/wp\/v2\/actualites\/20164\/revisions"}],"wp:featuredmedia":[{"embeddable":true,"href":"https:\/\/www.generationsanstabac.org\/en\/wp-json\/wp\/v2\/media\/20165"}],"wp:attachment":[{"href":"https:\/\/www.generationsanstabac.org\/en\/wp-json\/wp\/v2\/media?parent=20164"}],"wp:term":[{"taxonomy":"post_tag","embeddable":true,"href":"https:\/\/www.generationsanstabac.org\/en\/wp-json\/wp\/v2\/tags?post=20164"},{"taxonomy":"thematique","embeddable":true,"href":"https:\/\/www.generationsanstabac.org\/en\/wp-json\/wp\/v2\/thematique?post=20164"}],"curies":[{"name":"wp","href":"https:\/\/api.w.org\/{rel}","templated":true}]}}