{"id":20143,"date":"2020-11-20T10:49:34","date_gmt":"2020-11-20T09:49:34","guid":{"rendered":"https:\/\/www.generationsanstabac.org\/actualites\/la-vente-de-tabac-en-supermarche-prochainement-autorisee-en-tunisie\/"},"modified":"2020-11-20T10:49:34","modified_gmt":"2020-11-20T09:49:34","slug":"la-vente-de-tabac-en-supermarche-prochainement-autorisee-en-tunisie","status":"publish","type":"actualites","link":"https:\/\/www.generationsanstabac.org\/en\/actualites\/la-vente-de-tabac-en-supermarche-prochainement-autorisee-en-tunisie\/","title":{"rendered":"Tobacco sales in supermarkets soon to be authorized in Tunisia"},"content":{"rendered":"<p style=\"text-align: justify;\"><em>Les Tunisiens pourront bient\u00f4t se procurer des cigarettes dans les supermarch\u00e9s, suite \u00e0 la signature en ao\u00fbt 2020 d\u2019un protocole d\u2019accord entre la R\u00e9gie nationale des tabacs et des allumettes (RNTA) et la Chambre syndicale des grandes surfaces.<\/em><\/p>\n<p style=\"text-align: justify;\">Le 31 ao\u00fbt 2020, la R\u00e9gie nationale des tabacs et des allumettes, entreprise publique qui d\u00e9tient les monopoles de fabrication et de commercialisation du tabac en Tunisie, a sign\u00e9 un protocole d\u2019accord avec la Chambre syndicale des grandes surfaces du pays concernant la vente de cigarettes dans les supermarch\u00e9s tunisiens. L\u2019objectif de ce protocole d\u2019accord y est clairement mentionn\u00e9 : \u00ab [il]\u202fdoit permettre aux grandes surfaces d\u2019op\u00e9rer la distribution du tabac\u202f\u00bb[<a href=\"http:\/\/www.rnta.tn\/actualites\/protocole-daccord-signe-entre-la-rnta-et-la-chambre-nationale-des-grandes-surfaces\" target=\"_blank\" rel=\"noopener noreferrer\">1<\/a>].<\/p>\n<p style=\"text-align: justify;\">Si la vente de cigarettes dans les supermarch\u00e9s n\u2019est heureusement pas \u00e0 l\u2019ordre du jour en France, elle est en revanche l\u00e9gale dans plusieurs pays europ\u00e9ens, \u00e0 l\u2019instar de l\u2019Allemagne. En outre, plusieurs de nos voisins, dont l\u2019Allemagne et l\u2019Espagne, autorisent aussi la vente de cigarettes dans des distributeurs automatiques, une pratique de vente dangereuse car elle ne permet pas d\u2019exercer un contr\u00f4le certain sur l\u2019\u00e2ge des consommateurs[<a href=\"https:\/\/www.francetvinfo.fr\/replay-radio\/c-est-comment-ailleurs\/c-est-comment-ailleurs-la-vente-de-cigarettes-en-europe_2380137.html\" target=\"_blank\" rel=\"noopener noreferrer\">2<\/a>].<\/p>\n<h2>Le tabagisme en Tunisie\u202f: un v\u00e9ritable enjeu de sant\u00e9 publique<\/h2>\n<p style=\"text-align: justify;\">\u00c9videmment, on peut attendre d\u2019un tel accord des cons\u00e9quences majeures en mati\u00e8re de sant\u00e9 publique et de tabagisme au sein de la soci\u00e9t\u00e9 tunisienne, qui se positionnait d\u00e9j\u00e0 en 2018 au premier rang des pays du monde arabe en termes de pr\u00e9valence du tabagisme chez les hommes, selon l\u2019universitaire y\u00e9m\u00e9nite Mustapha Absi[<a href=\"http:\/\/www.letemps.com.tn\/article\/107956\/la-tunisie-compte-le-taux-de-fumeurs-hommes-le-plus-%C3%A9lev%C3%A9\" target=\"_blank\" rel=\"noopener noreferrer\">3<\/a>]. Les chiffres du tabagisme chez les adolescents et les jeunes adultes sont notamment inqui\u00e9tants\u202f:\u202fselon Habib Ghedira, charg\u00e9 de la coordination d\u2019une strat\u00e9gie de lutte antitabac conjointe entre le minist\u00e8re de la Sant\u00e9 publique tunisien et l\u2019Organisation mondiale de la Sant\u00e9, \u00ab\u202fchez les 12 \u00e0 20 ans, 55,8 % des gar\u00e7ons et 17,7 % des filles sont des fumeurs\u202f\u00bb[<a href=\"http:\/\/kapitalis.com\/tunisie\/2017\/07\/19\/tunisie-bientot-interdiction-de-fumer-dans-les-espaces-publics\" target=\"_blank\" rel=\"noopener noreferrer\">4<\/a>].<\/p>\n<h2>Un accord certainement motiv\u00e9 par un int\u00e9r\u00eat financier \u00e0 court terme, mais qui repr\u00e9sente un tr\u00e8s mauvais calcul \u00e0 moyen et long terme<\/h2>\n<p style=\"text-align: justify;\">Alors que l\u2019\u00c9tat tunisien est engag\u00e9 depuis des ann\u00e9es dans la lutte contre le tabagisme, le fait qu\u2019une entreprise publique signe un accord facilitant la distribution des cigarettes et plus largement du tabac surprend. La production et la vente l\u00e9gales de tabac en Tunisie \u00e9tant des monopoles de l\u2019\u00c9tat \u00e0 travers la RNTA, l\u2019\u00c9tat tunisien esp\u00e8re certainement r\u00e9aliser des profits suppl\u00e9mentaires en facilitant et en \u00e9largissant la distribution du tabac, alors que les profits actuels de la RNTA contribuent d\u00e9j\u00e0 \u00e0 hauteur de 9 % au budget de l\u2019\u00c9tat[<a href=\"https:\/\/www.tunisienumerique.com\/vente-de-tabac-dans-les-supermarches-coup-dur-pour-les-contrebandiers-et-les-speculateurs\/\" target=\"_blank\" rel=\"noopener noreferrer\">5<\/a>].<\/p>\n<p style=\"text-align: justify;\">Cependant, si l\u2019\u00c9tat tunisien peut esp\u00e9rer profiter financi\u00e8rement de cet accord \u00e0 court terme, le r\u00e9sultat \u00e9conomique de cette d\u00e9cision ne peut qu\u2019\u00eatre n\u00e9gatif \u00e0 moyen et long terme. En effet, faciliter et \u00e9largir l\u2019acc\u00e8s au tabac va sans doute conduire \u00e0 une consommation accrue de tabac dans le pays, et le co\u00fbt sanitaire et social du tabac d\u00e9passe tr\u00e8s largement la recette obtenue via les taxes sur les produits du tabac, partout dans le monde.<\/p>\n<p style=\"text-align: justify;\">Ainsi le monopole sur les circuits de production et de commercialisation du tabac exerc\u00e9 par l\u2019\u00c9tat tunisien \u00e0 travers la RNTA se r\u00e9v\u00e8le-t-il tr\u00e8s probl\u00e9matique, dans la mesure o\u00f9 des enjeux financiers parasitent les intentions gouvernementales de lutte antitabac.<\/p>\n<p><a style=\"color: #666699;\" href=\"https:\/\/www.generationsanstabac.org\/\">\u00a9G\u00e9n\u00e9ration Sans Tabac<\/a><\/p>\n<hr \/>\n<p>[1] <a href=\"http:\/\/www.rnta.tn\/actualites\/protocole-daccord-signe-entre-la-rnta-et-la-chambre-nationale-des-grandes-surfaces\" target=\"_blank\" rel=\"noopener noreferrer\"><em>Protocole d\u2019accord sign\u00e9 entre la RNTA et la Chambre nationale des grandes surfaces<\/em><\/a>, rnta.tn (le 16 septembre 2020, consult\u00e9 le 17 novembre 2020).<\/p>\n<p>[2] G\u00e9rald Roux, <a href=\"https:\/\/www.francetvinfo.fr\/replay-radio\/c-est-comment-ailleurs\/c-est-comment-ailleurs-la-vente-de-cigarettes-en-europe_2380137.html\" target=\"_blank\" rel=\"noopener noreferrer\"><em>C&rsquo;est comment ailleurs ? La vente de cigarettes en Europe<\/em><\/a>, Franceinfo (le 4 octobre 2017, consult\u00e9 le 17 novembre 2020).<\/p>\n<p>[3] <a href=\"http:\/\/www.letemps.com.tn\/article\/107956\/la-tunisie-compte-le-taux-de-fumeurs-hommes-le-plus-%C3%A9lev%C3%A9\" target=\"_blank\" rel=\"noopener noreferrer\"><em>La Tunisie compte le taux de fumeurs hommes le plus \u00e9lev\u00e9<\/em><\/a>, Le Temps (le 4 mai 2018, consult\u00e9 le 17 novembre 2020).<\/p>\n<p>[4] Hassen Mzoughi, <a href=\"http:\/\/kapitalis.com\/tunisie\/2017\/07\/19\/tunisie-bientot-interdiction-de-fumer-dans-les-espaces-publics\" target=\"_blank\" rel=\"noopener noreferrer\"><em>Bient\u00f4t, interdiction de fumer dans les espaces publics<\/em><\/a>, Kapitalis (le 19 juillet 2017, consult\u00e9 le 17 novembre 2020).<\/p>\n<p>[5] Mohamed Ben Abderrazek, <a href=\"https:\/\/www.tunisienumerique.com\/vente-de-tabac-dans-les-supermarches-coup-dur-pour-les-contrebandiers-et-les-speculateurs\/\" target=\"_blank\" rel=\"noopener noreferrer\"><em>Vente de tabac dans les supermarch\u00e9s : coup dur pour les contrebandiers et les sp\u00e9culateurs<\/em><\/a>, Tunisie Num\u00e9rique (le 14 octobre 2020, consult\u00e9 le 17 novembre 2020).<\/p>\n<p><span style=\"color: #e8e8e8;\"><strong><a style=\"color: #e8e8e8;\" href=\"http:\/\/dnf.asso.fr\/\/\" target=\"_blank\" rel=\"noopener noreferrer\"> DNF &#8211; Pour un Monde ZeroTabac |<\/a><\/strong><\/span><\/p>\n","protected":false},"excerpt":{"rendered":"<p>Tunisians will soon be able to buy cigarettes in supermarkets, following the signing in August 2020 of a memorandum of understanding between the National Tobacco and Matches Authority (RNTA) and the Union of Large Retailers.<\/p>","protected":false},"featured_media":20144,"template":"","tags":[],"thematique":[491],"class_list":["post-20143","actualites","type-actualites","status-publish","has-post-thumbnail","hentry","thematique-politiques-publiques"],"acf":[],"_links":{"self":[{"href":"https:\/\/www.generationsanstabac.org\/en\/wp-json\/wp\/v2\/actualites\/20143","targetHints":{"allow":["GET"]}}],"collection":[{"href":"https:\/\/www.generationsanstabac.org\/en\/wp-json\/wp\/v2\/actualites"}],"about":[{"href":"https:\/\/www.generationsanstabac.org\/en\/wp-json\/wp\/v2\/types\/actualites"}],"version-history":[{"count":0,"href":"https:\/\/www.generationsanstabac.org\/en\/wp-json\/wp\/v2\/actualites\/20143\/revisions"}],"wp:featuredmedia":[{"embeddable":true,"href":"https:\/\/www.generationsanstabac.org\/en\/wp-json\/wp\/v2\/media\/20144"}],"wp:attachment":[{"href":"https:\/\/www.generationsanstabac.org\/en\/wp-json\/wp\/v2\/media?parent=20143"}],"wp:term":[{"taxonomy":"post_tag","embeddable":true,"href":"https:\/\/www.generationsanstabac.org\/en\/wp-json\/wp\/v2\/tags?post=20143"},{"taxonomy":"thematique","embeddable":true,"href":"https:\/\/www.generationsanstabac.org\/en\/wp-json\/wp\/v2\/thematique?post=20143"}],"curies":[{"name":"wp","href":"https:\/\/api.w.org\/{rel}","templated":true}]}}