{"id":20134,"date":"2020-11-17T10:35:57","date_gmt":"2020-11-17T09:35:57","guid":{"rendered":"https:\/\/www.generationsanstabac.org\/actualites\/deux-tiers-des-suisses-favorables-a-linterdiction-de-la-publicite-sur-le-tabac\/"},"modified":"2020-11-17T10:35:57","modified_gmt":"2020-11-17T09:35:57","slug":"deux-tiers-des-suisses-favorables-a-linterdiction-de-la-publicite-sur-le-tabac","status":"publish","type":"actualites","link":"https:\/\/www.generationsanstabac.org\/en\/actualites\/deux-tiers-des-suisses-favorables-a-linterdiction-de-la-publicite-sur-le-tabac\/","title":{"rendered":"Two-thirds of Swiss in favour of banning tobacco advertising"},"content":{"rendered":"<p style=\"text-align: justify;\"><em>Selon un sondage command\u00e9 par la Ligue pulmonaire suisse, 67 % de la population helv\u00e8te souhaite l\u2019interdiction totale de la publicit\u00e9 sur les produits du tabac dans l\u2019ensemble de la Suisse, qui poss\u00e8de aujourd\u2019hui l\u2019une des l\u00e9gislations les moins prohibitives d\u2019Europe en la mati\u00e8re, sinon la plus permissive.<\/em><\/p>\n<p style=\"text-align: justify;\">Entre le 15 et 30 septembre 2020, l\u2019institut de sondage LeeWas a interrog\u00e9 2 012 Suisses au sujet d\u2019une \u00e9ventuelle interdiction g\u00e9n\u00e9rale de la publicit\u00e9 sur les produits du tabac dans leur pays, \u00e0 la demande de la Ligue pulmonaire suisse. Dans un communiqu\u00e9 publi\u00e9 en ligne le 2 novembre 2020, cette derni\u00e8re a r\u00e9v\u00e9l\u00e9 que, d\u2019apr\u00e8s les r\u00e9sultats de cette enqu\u00eate, 67 % des Suisses souhaitaient une interdiction totale de la publicit\u00e9 sur le tabac [<a href=\"https:\/\/www.liguepulmonaire.ch\/fr\/meta\/portrait\/actualites\/newsdetail-fr\/news\/la-population-suisse-est-favorable-a-linterdiction-de-la-publicite-sur-les-produits-du-tabac.html\" target=\"_blank\" rel=\"noopener noreferrer\">1<\/a>]. En outre, 22% des sond\u00e9s ont, quant \u00e0 eux, indiqu\u00e9 \u00eatre \u00ab plut\u00f4t favorables \u00bb \u00e0 une telle mesure.<\/p>\n<p style=\"text-align: justify;\">Selon cette m\u00eame enqu\u00eate, les trois principales raisons motivant une interdiction g\u00e9n\u00e9rale de la publicit\u00e9 sur le tabac avanc\u00e9es par les sond\u00e9s sont, dans l\u2019ordre, le \u00ab\u202frejet g\u00e9n\u00e9ralis\u00e9 de la publicit\u00e9 pour des produits entra\u00eenant une accoutumance et mettant en danger la sant\u00e9\u202f\u00bb, \u00ab\u202fla protection de la jeunesse\u202f\u00bb, et \u00ab\u202fles frais m\u00e9dicaux \u00e9lev\u00e9s engendr\u00e9s par le tabagisme [qu\u2019] une interdiction de la publicit\u00e9 permettrait de r\u00e9duire\u202f\u00bb [<a href=\"https:\/\/www.liguepulmonaire.ch\/fr\/meta\/portrait\/actualites\/newsdetail-fr\/news\/la-population-suisse-est-favorable-a-linterdiction-de-la-publicite-sur-les-produits-du-tabac.html\" target=\"_blank\" rel=\"noopener noreferrer\">2<\/a>].<\/p>\n<h2>Une l\u00e9gislation concernant la publicit\u00e9 sur les produits du tabac tr\u00e8s peu restrictive<\/h2>\n<p style=\"text-align: justify;\">Sur la base des r\u00e9sultats de ce sondage, la Ligue pulmonaire suisse r\u00e9clame \u00ab\u202fune interdiction de la publicit\u00e9, de la promotion et du sponsoring large sur les produits \u00e0 base de tabac et de nicotine\u202f\u00bb, et \u00ab\u202fles m\u00eames r\u00e8gles pour les produits alternatifs \u00e0 base de tabac et de nicotine\u202f\u00bb [<a href=\"https:\/\/www.liguepulmonaire.ch\/fr\/meta\/portrait\/actualites\/newsdetail-fr\/news\/la-population-suisse-est-favorable-a-linterdiction-de-la-publicite-sur-les-produits-du-tabac.html\" target=\"_blank\" rel=\"noopener noreferrer\">3<\/a>].<\/p>\n<p style=\"text-align: justify;\">\u00c0 l\u2019heure actuelle, la Suisse poss\u00e8de sans conteste l\u2019une des l\u00e9gislations les moins prohibitives d\u2019Europe sur la publicit\u00e9 pour les produits du tabac [4]. Ainsi, si cette derni\u00e8re est interdite \u00e0 la radio et \u00e0 la t\u00e9l\u00e9vision depuis 1964 [<a href=\"https:\/\/tabagisme.unisante.ch\/restriction-de-publicite-pour-le-tabac\/\" target=\"_blank\" rel=\"noopener noreferrer\">5<\/a>], \u00ab\u202fLa Suisse est le seul pays europ\u00e9en o\u00f9 la publicit\u00e9 pour les produits du tabac dans la presse est autoris\u00e9e et, avec la Bi\u00e9lorussie, c\u2019est \u00e9galement le seul pays o\u00f9 il n\u2019existe pas de limitation concernant le parrainage d\u2019\u00e9v\u00e9nements culturels et sportifs\u202f\u00bb [<a href=\"https:\/\/www.revmed.ch\/RMS\/2015\/RMS-N-478\/Publicite-et-promotion-des-produits-du-tabac-et-des-cigarettes-electroniques\" target=\"_blank\" rel=\"noopener noreferrer\">6<\/a>].<\/p>\n<p style=\"text-align: justify;\">Le fait que la loi permette aux acteurs de l\u2019industrie du tabac de parrainer des \u00e9v\u00e9nements culturels et sportifs est particuli\u00e8rement d\u00e9cri\u00e9 par les personnes interrog\u00e9es \u00e0 l\u2019occasion du sondage command\u00e9 par la Ligue pulmonaire suisse, dans la mesure o\u00f9 \u00ab\u202fle public cible pour les produits \u00e0 base de tabac et de nicotine [est] dans ce cadre avant tout les adolescents et les jeunes adultes\u202f\u00bb [<a href=\"https:\/\/www.liguepulmonaire.ch\/fr\/meta\/portrait\/actualites\/newsdetail-fr\/news\/la-population-suisse-est-favorable-a-linterdiction-de-la-publicite-sur-les-produits-du-tabac.html\" target=\"_blank\" rel=\"noopener noreferrer\">7<\/a>].<\/p>\n<h2>La Suisse, \u00ab patrie des multinationales du tabac\u202f\u00bb pour le pr\u00e9sident de\u202fl\u2019Association suisse pour la pr\u00e9vention du tabagisme<\/h2>\n<p style=\"text-align: justify;\">Au-del\u00e0 d\u2019une faible r\u00e9glementation concernant la publicit\u00e9 pour les produits du tabac, la Suisse appara\u00eet de mani\u00e8re g\u00e9n\u00e9rale comme un tr\u00e8s mauvais \u00e9l\u00e8ve en mati\u00e8re de lutte contre le tabagisme. En 2019, parmi 36 pays europ\u00e9ens \u00e9valu\u00e9s en termes de lutte antitabac selon la Tobacco Control Scale, la Suisse occupait la 35e position [<a href=\"https:\/\/www.letemps.ch\/economie\/suisse-patrie-multinationales-tabac-epinglee\" target=\"_blank\" rel=\"noopener noreferrer\">8<\/a>].<\/p>\n<p style=\"text-align: justify;\">D\u00e9sol\u00e9 par ce classement, Luciano Ruggia, pr\u00e9sident de l\u2019Association suisse pour la pr\u00e9vention du tabagisme, faisait le constat suivant : \u00ab\u202fLa Suisse est la \u00ab patrie des multinationales du tabac \u00bb. Le fait que les grands groupes, notamment Philip Morris, Japan Tobacco et British American Tobacco aient leur si\u00e8ge \u00e0 Gen\u00e8ve et \u00e0 Lausanne joue un r\u00f4le dans la politique laxiste suisse par rapport au tabagisme\u202f\u00bb [<a href=\"https:\/\/www.letemps.ch\/economie\/suisse-patrie-multinationales-tabac-epinglee\" target=\"_blank\" rel=\"noopener noreferrer\">9<\/a>]. Il d\u00e9nonce un lobby du tabac tr\u00e8s influent dans les sph\u00e8res politiques helv\u00e8tes, et se d\u00e9sole notamment du fait que la Suisse n\u2019ait toujours pas ratifi\u00e9 la Convention-cadre de l\u2019Organisation mondiale de la Sant\u00e9 pour la lutte antitabac propos\u00e9e \u00e0 signature depuis 2004.<\/p>\n<p style=\"text-align: justify;\">En publiant une enqu\u00eate dont les r\u00e9sultats montrent qu\u2019une tr\u00e8s large majorit\u00e9 des Suisses souhaitent l\u2019interdiction g\u00e9n\u00e9rale de la publicit\u00e9 en faveur du tabac, la Ligue pulmonaire suisse esp\u00e8re influencer le d\u00e9bat public sur ce sujet, \u00e0 l\u2019heure o\u00f9 une nouvelle\u202floi sur les produits du tabac, dont un important volet concerne justement la publicit\u00e9, est actuellement en projet en Suisse [<a href=\"https:\/\/tabagisme.unisante.ch\/lptab-second-avant-projet-de-loi\/\" target=\"_blank\" rel=\"noopener noreferrer\">10<\/a>].<\/p>\n<p><span style=\"color: #666699;\"><a style=\"color: #666699;\" href=\"https:\/\/www.generationsanstabac.org\/\">\u00a9G\u00e9n\u00e9ration Sans Tabac<\/a><\/span><\/p>\n<hr \/>\n<p>[1] <a href=\"https:\/\/www.liguepulmonaire.ch\/fr\/meta\/portrait\/actualites\/newsdetail-fr\/news\/la-population-suisse-est-favorable-a-linterdiction-de-la-publicite-sur-les-produits-du-tabac.html\" target=\"_blank\" rel=\"noopener noreferrer\"><em>La population suisse est favorable \u00e0 l\u2019interdiction de la publicit\u00e9 sur les produits du tabac<\/em><\/a>, liguepulmonaire.ch (le 2 novembre 2020, consult\u00e9 le 16 novembre 2020).<\/p>\n<p>[2] Ibid.<\/p>\n<p>[3] Ibid.<\/p>\n<p>[4] <span data-contrast=\"auto\">Chaque canton peut toutefois appliquer des lois plus restrictives sur son territoire.<\/span><span data-ccp-props=\"{&quot;201341983&quot;:0,&quot;335559739&quot;:0,&quot;335559740&quot;:240}\"> <\/span><\/p>\n<p>[5] <a href=\"https:\/\/tabagisme.unisante.ch\/restriction-de-publicite-pour-le-tabac\/\" target=\"_blank\" rel=\"noopener noreferrer\"><em>Restriction de la publicit\u00e9 pour le tabac<\/em><\/a>, tabagisme.unisante.ch (le 3 d\u00e9cembre 2015, consult\u00e9 le 16 novembre 2020).<\/p>\n<p>[6] Michela Canevascini, Herv\u00e9 Kuendig, Claudia V\u00e9ron, Myriam Pasche, <a href=\"https:\/\/www.revmed.ch\/RMS\/2015\/RMS-N-478\/Publicite-et-promotion-des-produits-du-tabac-et-des-cigarettes-electroniques\" target=\"_blank\" rel=\"noopener noreferrer\"><em>Publicit\u00e9 et promotion des produits du tabac et des cigarettes \u00e9lectroniques<\/em><\/a>, Revue m\u00e9dicale suisse, 2015, vol. 11, p. 1288-1294.<\/p>\n<p>[7] <a href=\"https:\/\/www.liguepulmonaire.ch\/fr\/meta\/portrait\/actualites\/newsdetail-fr\/news\/la-population-suisse-est-favorable-a-linterdiction-de-la-publicite-sur-les-produits-du-tabac.html\" target=\"_blank\" rel=\"noopener noreferrer\"><em>La population suisse est favorable \u00e0 l\u2019interdiction de la publicit\u00e9 sur les produits du tabac<\/em><\/a>, liguepulmonaire.ch (le 2 novembre 2020, consult\u00e9 le 16 novembre 2020).<\/p>\n<p>[8] Ram Etwareea, <a href=\"https:\/\/www.letemps.ch\/economie\/suisse-patrie-multinationales-tabac-epinglee\" target=\"_blank\" rel=\"noopener noreferrer\"><em>La Suisse, la \u00ab patrie des multinationales du tabac \u00bb \u00e9pingl\u00e9e<\/em><\/a>, Le Temps (le 20 f\u00e9vrier 2020, derni\u00e8re mise \u00e0 jour le 21 f\u00e9vrier 2020, consult\u00e9 le 16 novembre 2020).<\/p>\n<p>[9] Ibid.<\/p>\n<p>[10] <span class=\"TextRun BCX2 SCXW239266422\" lang=\"FR-FR\" xml_lang=\"FR-FR\" data-contrast=\"auto\"><a href=\"https:\/\/tabagisme.unisante.ch\/lptab-second-avant-projet-de-loi\/\" target=\"_blank\" rel=\"noopener noreferrer\"><em><span class=\"NormalTextRun SpellingErrorV2 BCX2 DefaultHighlightTransition SCXW239266422\" data-ccp-parastyle=\"footnote text\">LPTab<\/span><\/em><\/a><span class=\"NormalTextRun BCX2 SCXW239266422\" data-ccp-parastyle=\"footnote text\"><em> : second projet de loi (2016-2020)<\/em>, tabagisme.unisante.ch (le 18 d\u00e9cembre 2018, consult\u00e9 le 16 novembre 2020).<\/span><\/span><\/p>\n<p><span style=\"color: #e8e8e8;\"><strong><a style=\"color: #e8e8e8;\" href=\"http:\/\/dnf.asso.fr\/\/\" target=\"_blank\" rel=\"noopener noreferrer\"> DNF &#8211; Pour un Monde ZeroTabac |<\/a><\/strong><\/span><\/p>\n","protected":false},"excerpt":{"rendered":"<p>According to a survey commissioned by the Swiss Lung League, 67% of the Swiss population want a total ban on tobacco advertising throughout Switzerland, which currently has one of the least prohibitive laws in Europe on this subject, if not the most permissive.<\/p>","protected":false},"featured_media":19511,"template":"","tags":[],"thematique":[507,491],"class_list":["post-20134","actualites","type-actualites","status-publish","has-post-thumbnail","hentry","thematique-marketing-publicite","thematique-politiques-publiques"],"acf":[],"_links":{"self":[{"href":"https:\/\/www.generationsanstabac.org\/en\/wp-json\/wp\/v2\/actualites\/20134","targetHints":{"allow":["GET"]}}],"collection":[{"href":"https:\/\/www.generationsanstabac.org\/en\/wp-json\/wp\/v2\/actualites"}],"about":[{"href":"https:\/\/www.generationsanstabac.org\/en\/wp-json\/wp\/v2\/types\/actualites"}],"version-history":[{"count":0,"href":"https:\/\/www.generationsanstabac.org\/en\/wp-json\/wp\/v2\/actualites\/20134\/revisions"}],"wp:featuredmedia":[{"embeddable":true,"href":"https:\/\/www.generationsanstabac.org\/en\/wp-json\/wp\/v2\/media\/19511"}],"wp:attachment":[{"href":"https:\/\/www.generationsanstabac.org\/en\/wp-json\/wp\/v2\/media?parent=20134"}],"wp:term":[{"taxonomy":"post_tag","embeddable":true,"href":"https:\/\/www.generationsanstabac.org\/en\/wp-json\/wp\/v2\/tags?post=20134"},{"taxonomy":"thematique","embeddable":true,"href":"https:\/\/www.generationsanstabac.org\/en\/wp-json\/wp\/v2\/thematique?post=20134"}],"curies":[{"name":"wp","href":"https:\/\/api.w.org\/{rel}","templated":true}]}}