{"id":20125,"date":"2020-11-12T13:58:02","date_gmt":"2020-11-12T12:58:02","guid":{"rendered":"https:\/\/www.generationsanstabac.org\/actualites\/espad-baisse-relative-tabagisme-jeunes-europe\/"},"modified":"2020-11-12T13:58:02","modified_gmt":"2020-11-12T12:58:02","slug":"espad-baisse-relative-tabagisme-jeunes-europe","status":"publish","type":"actualites","link":"https:\/\/www.generationsanstabac.org\/en\/actualites\/espad-baisse-relative-tabagisme-jeunes-europe\/","title":{"rendered":"ESPAD study. Relative decline in smoking among young Europeans"},"content":{"rendered":"<p style=\"text-align: justify;\"><em>L\u2019\u00e9tude en milieu scolaire <\/em><a href=\"http:\/\/www.espad.org\/espad-report-2019\"><em>ESPAD<\/em><\/a><em> est r\u00e9alis\u00e9e depuis 1995 en collaboration avec l&rsquo;Union europ\u00e9enne et porte sur la consommation de drogues des jeunes : tabac, alcool et drogues illicites auxquelles a \u00e9t\u00e9 ajout\u00e9e dans la derni\u00e8re enqu\u00eate l\u2019usage de cigarettes \u00e9lectroniques. Cette enqu\u00eate, r\u00e9alis\u00e9e en 2019, a concern\u00e9 pr\u00e8s de 100 000 jeunes \u00e2g\u00e9s de 15 \u00e0 16 ans issus de 35 pays du continent europ\u00e9en et elle souligne une r\u00e9duction de la consommation de tabac<a href=\"#_ftn1\" name=\"_ftnref1\"><strong>[1]<\/strong><\/a>.<\/em><\/p>\n<p style=\"text-align: justify;\">Le rapport d\u2019\u00e9tude fournit des informations sur la disponibilit\u00e9 per\u00e7ue des drogues par les jeunes, l\u2019initiation \u00e0 ces substances et l\u2019\u00e9valuation de la consommation de ces diff\u00e9rentes drogues dans ces tranches d\u2019\u00e2ges.<\/p>\n<p style=\"text-align: justify;\">La disponibilit\u00e9 per\u00e7ue des substances est une mesure indirecte de la facilit\u00e9 ou de la difficult\u00e9 pour les \u00e9l\u00e8ves d&rsquo;obtenir une drogue particuli\u00e8re (cigarettes, alcool et drogues illicites). Malgr\u00e9 des r\u00e9glementations strictes sur le tabac dans la plupart des pays, en moyenne, 60% des lyc\u00e9ens des pays participants ont indiqu\u00e9 qu\u2019ils trouvaient \u00ab assez facile \u00bb ou \u00abtr\u00e8s facile\u00bb de se procurer des cigarettes s\u2019ils le voulaient.<\/p>\n<h2 style=\"text-align: justify;\"><strong>Progression du nombre moyen de non-fumeurs mais des diff\u00e9rences notables entre les pays<\/strong><\/h2>\n<p style=\"text-align: justify;\">Des \u00e9volutions positives sont observ\u00e9es en ce qui concerne le tabagisme chez les adolescents dans tous les domaines (exp\u00e9rimentation, usage au cours des 30 derniers jours et usage quotidien). Pr\u00e8s de 60% des r\u00e9pondants (fourchette : 85% en Islande \u00e0 42% en Slovaquie. Pour la France : 55%) ont d\u00e9clar\u00e9 n&rsquo;avoir jamais fum\u00e9, tandis qu\u2019un \u00e9l\u00e8ve sur cinq (fourchette : 5% en Islande \u00e0 32% en Bulgarie et Roumanie. Pour la France : 22%) a d\u00e9clar\u00e9 \u00eatre un fumeur quotidien. La proportion d&rsquo;\u00e9l\u00e8ves qui ont commenc\u00e9 \u00e0 fumer quotidiennement \u00e0 un \u00e2ge pr\u00e9coce (avant 13 ans) a tr\u00e8s fortement diminu\u00e9 depuis 1995 passant de 10% \u00e0 3% (fourchette : moins de 1% aux Pays-Bas \u00e0 6% en Slovaquie. Pour la France : 2,6%). Le tabagisme quotidien, y compris l&rsquo;apparition pr\u00e9coce de cette pratique, continue d&rsquo;\u00eatre plus r\u00e9pandu chez les gar\u00e7ons, mais l&rsquo;\u00e9cart entre les sexes continue de diminuer comme c&rsquo;est le cas pour le tabagisme en g\u00e9n\u00e9ral.<\/p>\n<p style=\"text-align: justify;\">Malgr\u00e9 une \u00e9volution positive depuis <a href=\"http:\/\/www.espad.org\/sites\/espad.org\/files\/The_1995_ESPAD_report.pdf\">1995<\/a> o\u00f9 environ seulement 3 \u00e9l\u00e8ves europ\u00e9ens sur 10 avaient d\u00e9clar\u00e9 n\u2019avoir jamais consomm\u00e9 de tabac et 34% \u00e9taient des fumeurs r\u00e9guliers, les jeunes Europ\u00e9ens continuent cependant de fumer massivement par rapport \u00e0 d\u2019autres r\u00e9gions et d\u2019\u00e9normes disparit\u00e9s subsistent entre les pays.<\/p>\n<p style=\"text-align: justify;\">En ce qui concerne la cigarette \u00e9lectronique, l\u2019\u00e9tude indique qu\u2019en moyenne, 40% des \u00e9l\u00e8ves ont d\u00e9j\u00e0 essay\u00e9 la cigarette \u00e9lectronique et 14% sont des consommateurs r\u00e9guliers avec des \u00e9carts importants selon les pays (5% pour la Serbie et 41% \u00e0 Monaco). En France, pr\u00e8s d\u2019un \u00e9l\u00e8ve sur deux a d\u00e9j\u00e0 exp\u00e9riment\u00e9 le vapotage et 16% sont des consommateurs r\u00e9guliers. A noter que pr\u00e8s d\u2019un quart des \u00e9l\u00e8ves Europ\u00e9ens ayant essay\u00e9 la cigarette \u00e9lectronique \u00e9tait non-fumeur.<\/p>\n<h2 style=\"text-align: justify;\"><strong>Une baisse expliqu\u00e9e par des mesures politiques de lutte antitabac<\/strong><\/h2>\n<p style=\"text-align: justify;\">La tendance \u00e0 la baisse du tabagisme est le r\u00e9sultat des mesures politiques adopt\u00e9es au cours de ces derni\u00e8res d\u00e9cennies. Parmi les dispositions les plus pertinentes concernant les jeunes figurent les interdictions de vente aux mineurs, sous r\u00e9serve qu\u2019elles soient appliqu\u00e9es, l\u2019interdiction de toute publicit\u00e9 pour le tabac et une hausse des taxes.<\/p>\n<p style=\"text-align: justify;\">Une \u00e9tude r\u00e9cente<a href=\"#_ftn2\" name=\"_ftnref2\">[2]<\/a> bas\u00e9e sur les donn\u00e9es europ\u00e9ennes ESPAD 2007-2015, comparant les pays europ\u00e9ens ayant ou non mis en \u0153uvre une interdiction de publicit\u00e9 sur les lieux de vente, a conclu que la mise en \u0153uvre de ces r\u00e9glementations \u00e9tait associ\u00e9e \u00e0 une plus forte diminution du tabagisme r\u00e9gulier chez les jeunes.<\/p>\n<p><strong>Mots cl\u00e9s : Enqu\u00eate, ESPAD, Europe, tabagisme, jeunes<\/strong><\/p>\n<p><a href=\"https:\/\/www.generationsanstabac.org\/\">\u00a9G\u00e9n\u00e9ration Sans Tabac<\/a><\/p>\n<hr \/>\n<p><a href=\"#_ftnref1\" name=\"_ftn1\">[1]<\/a> EMCDDA and ESPAD (2019), ESPAD Report 2019 \u2014 Results from the European School Survey Project on Alcohol and Other Drugs, EMCDDA\u2013ESPAD joint publications, Publications Office of the European Union, Luxembourg.<\/p>\n<p><a href=\"#_ftnref2\" name=\"_ftn2\">[2]<\/a> Van Hurck MM, Nuyts PAW, Monshouwer K, Kunst AE, Kuipers MAG. Impact of removing point-of-sale tobacco displays on smoking behaviour among adolescents in Europe: a quasi-experimental study. Tobacco Control. 2019 Jul;28(4):401-408. DOI: 10.1136\/tobaccocontrol-2018-054271.<\/p>\n<p><span style=\"color: #999999;\"><strong><a style=\"color: #999999;\" href=\"http:\/\/www.cnct.fr\/\" target=\"_blank\" rel=\"noopener noreferrer\">Comit\u00e9 National Contre le Tabagisme |<\/a><\/strong><\/span><\/p>\n","protected":false},"excerpt":{"rendered":"<p>The ESPAD school-based study has been conducted since 1995 in collaboration with the European Union and focuses on drug use among young people: tobacco, alcohol, and illicit drugs, to which the use of e-cigarettes was added in the latest survey. This survey, conducted in 2019, involved nearly 100,000 young people aged 15 to 16 from 35 countries across Europe and highlighted a reduction in tobacco consumption.<\/p>","protected":false},"featured_media":10226,"template":"","tags":[],"thematique":[474],"class_list":["post-20125","actualites","type-actualites","status-publish","has-post-thumbnail","hentry","thematique-sante"],"acf":[],"_links":{"self":[{"href":"https:\/\/www.generationsanstabac.org\/en\/wp-json\/wp\/v2\/actualites\/20125","targetHints":{"allow":["GET"]}}],"collection":[{"href":"https:\/\/www.generationsanstabac.org\/en\/wp-json\/wp\/v2\/actualites"}],"about":[{"href":"https:\/\/www.generationsanstabac.org\/en\/wp-json\/wp\/v2\/types\/actualites"}],"version-history":[{"count":0,"href":"https:\/\/www.generationsanstabac.org\/en\/wp-json\/wp\/v2\/actualites\/20125\/revisions"}],"wp:featuredmedia":[{"embeddable":true,"href":"https:\/\/www.generationsanstabac.org\/en\/wp-json\/wp\/v2\/media\/10226"}],"wp:attachment":[{"href":"https:\/\/www.generationsanstabac.org\/en\/wp-json\/wp\/v2\/media?parent=20125"}],"wp:term":[{"taxonomy":"post_tag","embeddable":true,"href":"https:\/\/www.generationsanstabac.org\/en\/wp-json\/wp\/v2\/tags?post=20125"},{"taxonomy":"thematique","embeddable":true,"href":"https:\/\/www.generationsanstabac.org\/en\/wp-json\/wp\/v2\/thematique?post=20125"}],"curies":[{"name":"wp","href":"https:\/\/api.w.org\/{rel}","templated":true}]}}