{"id":20118,"date":"2020-11-06T13:39:24","date_gmt":"2020-11-06T12:39:24","guid":{"rendered":"https:\/\/www.generationsanstabac.org\/actualites\/belgique-hausse-taxes-tabac-2021\/"},"modified":"2020-11-06T13:39:24","modified_gmt":"2020-11-06T12:39:24","slug":"belgique-hausse-taxes-tabac-2021","status":"publish","type":"actualites","link":"https:\/\/www.generationsanstabac.org\/en\/actualites\/belgique-hausse-taxes-tabac-2021\/","title":{"rendered":"Belgium. Increase in the price of tobacco products"},"content":{"rendered":"<p style=\"text-align: justify;\"><em>Afin de r\u00e9duire la consommation de tabac, la Belgique a annonc\u00e9 qu&rsquo;elle pr\u00e9voyait d&rsquo;augmenter les droits d&rsquo;accise sur le tabac pendant toutes les ann\u00e9es restantes de la l\u00e9gislature (soit jusqu\u2019en 2024).<a href=\"#_ftn1\" name=\"_ftnref1\"><strong>[1]<\/strong><\/a><\/em><\/p>\n<p style=\"text-align: justify;\">Le gouvernement souhaite augmenter d\u2019un euro en moyenne les prix des produits du tabac \u00e0 partir de 2021. Un paquet de 20 cigarettes &#8211; qui co\u00fbte actuellement 6,80 \u20ac &#8211; co\u00fbtera 7,50 \u20ac, tandis que le prix de 50 grammes de tabac passera de 9,70 \u20ac \u00e0 11,17 \u20ac. Des hausses sont \u00e9galement pr\u00e9vues dans les ann\u00e9es suivantes et jusqu\u2019en 2024.<\/p>\n<p style=\"text-align: justify;\">Des augmentations r\u00e9p\u00e9t\u00e9es et importantes des taxes sur les cigarettes et autres produits du tabac sont consid\u00e9r\u00e9es comme un m\u00e9canisme tr\u00e8s efficace pour r\u00e9duire l&rsquo;usage du tabac notamment chez les jeunes et les personnes les plus vuln\u00e9rables. Ces hausses jouent r\u00f4le essentiel dans tous les pays qui veulent parvenir \u00e0 une g\u00e9n\u00e9ration sans tabac.<\/p>\n<h2 style=\"text-align: justify;\">Un ensemble de mesures pour parvenir \u00e0 une g\u00e9n\u00e9ration sans tabac d\u2019ici 2037<\/h2>\n<p style=\"text-align: justify;\">Avec 19% de sa population qui fume en 2018, la Belgique souhaite parvenir \u00e0 une <a href=\"https:\/\/www.generationssanstabac.be\/\">G\u00e9n\u00e9ration Sans Tabac<\/a> d\u2019ici 2037, ce qui signifie que tout enfant n\u00e9 \u00e0 partir de 2019 soit prot\u00e9g\u00e9 de l\u2019exposition \u00e0 la fum\u00e9e du tabac \u00e0 chaque stade de son d\u00e9veloppement, afin que grandir sans tabac et ne pas fumer devienne la norme. La ministre f\u00e9d\u00e9rale de la Sant\u00e9 Maggie De Block avait pr\u00e9sent\u00e9, dans cette optique, un arsenal de mesures dans son plan anti-tabac en 2016<a href=\"#_ftn2\" name=\"_ftnref2\">[2]<\/a> (hausse des taxes, rendre les aides \u00e0 l\u2019arr\u00eat plus accessibles, prot\u00e9ger les enfants du tabagisme passif en interdisant de fumer dans les voitures lorsque des mineurs sont pr\u00e9sents, adoption du paquet neutre\u2026).<\/p>\n<p style=\"text-align: justify;\">Au 1er janvier 2020<a href=\"#_ftn3\" name=\"_ftnref3\">[3]<\/a>, la Belgique a rejoint le nombre croissant de pays ayant adopt\u00e9 le paquet neutre qui, en Europe, comprennent la France, le Royaume-Uni, la Norv\u00e8ge, l\u2019Irlande et les Pays Bas. \u00e0 avoir introduit une telle mesure. Contrairement \u00e0 la France, le conditionnement neutre s&rsquo;applique non seulement aux cigarettes manufactur\u00e9es classiques et au tabac \u00e0 rouler mais \u00e9galement au tabac pour shisha, ainsi qu\u2019aux produits connexes tels que le papier \u00e0 rouler, les tubes \u00e0 cigarettes et les filtres.<\/p>\n<p style=\"text-align: justify;\"><strong>Mots cl\u00e9s : Belgique, taxes, tabac, G\u00e9n\u00e9ration Sans Tabac<\/strong><\/p>\n<p><a href=\"https:\/\/www.generationsanstabac.org\/\">\u00a9G\u00e9n\u00e9ration Sans Tabac<\/a><\/p>\n<hr \/>\n<p><a href=\"#_ftnref1\" name=\"_ftn1\">[1]<\/a> <a href=\"https:\/\/www.7sur7.be\/sante\/le-paquet-de-cigarettes-sera-plus-cher-l-annee-prochaine~a292beec\/\"><em>Le paquet de cigarettes sera plus cher l\u2019ann\u00e9e prochaine<\/em><\/a>, 7 sur 7, 4 novembre 2020, consult\u00e9 le 6 novembre 2020<\/p>\n<p><a href=\"#_ftnref2\" name=\"_ftn2\">[2]<\/a> <a href=\"https:\/\/www.brusselstimes.com\/news\/belgium-all-news\/health\/139225\/belgium-will-raise-tobacco-prices-by-over-a-euro-in-2021-de-croo-government-cigarettes-excise-duty-vincent-van-peteghem-smoking\/\"><em>R\u00e9duire le tabagisme, la Strat\u00e9gie f\u00e9d\u00e9rale pour une politique anti-tabac efficace<\/em><\/a>, Maggie De Block, Ministre des Affaires Sociales et de la Sant\u00e9 publique, avril 2016<\/p>\n<p><a href=\"#_ftnref3\" name=\"_ftn3\">[3]<\/a> <a href=\"https:\/\/www.cancer.be\/nouvelles\/1er-janvier-2020-les-paquets-de-cigarettes-neutres-deviennent-obligatoires-en-belgique\"><em>1er janvier 2020 : les paquets de cigarettes neutres deviennent obligatoires en Belgique<\/em><\/a>, Fondation contre le Cancer, 30 d\u00e9cembre 2019<\/p>\n<p><span style=\"color: #999999;\"><strong><a style=\"color: #999999;\" href=\"http:\/\/www.cnct.fr\/\" target=\"_blank\" rel=\"noopener noreferrer\">Comit\u00e9 National Contre le Tabagisme |<\/a><\/strong><\/span><\/p>\n","protected":false},"excerpt":{"rendered":"<p>In an effort to reduce tobacco consumption, Belgium has announced that it plans to increase excise duties on tobacco for all remaining years of the legislative term (i.e. until 2024).<\/p>","protected":false},"featured_media":19597,"template":"","tags":[],"thematique":[491,474],"class_list":["post-20118","actualites","type-actualites","status-publish","has-post-thumbnail","hentry","thematique-politiques-publiques","thematique-sante"],"acf":[],"_links":{"self":[{"href":"https:\/\/www.generationsanstabac.org\/en\/wp-json\/wp\/v2\/actualites\/20118","targetHints":{"allow":["GET"]}}],"collection":[{"href":"https:\/\/www.generationsanstabac.org\/en\/wp-json\/wp\/v2\/actualites"}],"about":[{"href":"https:\/\/www.generationsanstabac.org\/en\/wp-json\/wp\/v2\/types\/actualites"}],"version-history":[{"count":0,"href":"https:\/\/www.generationsanstabac.org\/en\/wp-json\/wp\/v2\/actualites\/20118\/revisions"}],"wp:featuredmedia":[{"embeddable":true,"href":"https:\/\/www.generationsanstabac.org\/en\/wp-json\/wp\/v2\/media\/19597"}],"wp:attachment":[{"href":"https:\/\/www.generationsanstabac.org\/en\/wp-json\/wp\/v2\/media?parent=20118"}],"wp:term":[{"taxonomy":"post_tag","embeddable":true,"href":"https:\/\/www.generationsanstabac.org\/en\/wp-json\/wp\/v2\/tags?post=20118"},{"taxonomy":"thematique","embeddable":true,"href":"https:\/\/www.generationsanstabac.org\/en\/wp-json\/wp\/v2\/thematique?post=20118"}],"curies":[{"name":"wp","href":"https:\/\/api.w.org\/{rel}","templated":true}]}}