{"id":20115,"date":"2020-11-04T13:19:21","date_gmt":"2020-11-04T12:19:21","guid":{"rendered":"https:\/\/www.generationsanstabac.org\/actualites\/oregon-une-hausse-de-taxes-historique-pour-lutter-contre-le-tabagisme\/"},"modified":"2020-11-04T13:19:21","modified_gmt":"2020-11-04T12:19:21","slug":"oregon-une-hausse-de-taxes-historique-pour-lutter-contre-le-tabagisme","status":"publish","type":"actualites","link":"https:\/\/www.generationsanstabac.org\/en\/actualites\/oregon-une-hausse-de-taxes-historique-pour-lutter-contre-le-tabagisme\/","title":{"rendered":"Oregon: Historic tax hike to fight smoking"},"content":{"rendered":"<p style=\"text-align: justify;\"><em>Par voie de r\u00e9f\u00e9rendum, les habitants de l\u2019Oregon ont approuv\u00e9 une proposition de hausse des taxes sur les produits du tabac et de la nicotine. Cette mesure arrive apr\u00e8s pr\u00e8s de deux d\u00e9cennies d\u2019inaction en la mati\u00e8re : l\u2019Oregon figurait parmi les Etats les moins bien class\u00e9s du pays<a href=\"#_ftn1\" name=\"_ftnref1\"><strong>[1]<\/strong><\/a>.   <\/em><\/p>\n<p style=\"text-align: justify;\">Avec plus de 66% de votants ayant r\u00e9pondu positivement \u00e0 la proposition de cette mesure fiscale, l\u2019Oregon va voir ses niveaux de taxation enfler consid\u00e9rablement sur le tabac, passant de 1,33 dollars \u00e0 3,33 dollars par paquet de vingt cigarettes. Appel\u00e9e \u00ab <em>mesure 108<\/em> \u00bb, cette nouvelle d\u00e9cision n\u2019\u00e9pargne pas non plus les autres produits, puisqu\u2019elle permet \u00e9galement une taxation \u00e0 65% sur les cigarettes \u00e9lectroniques. Elle pr\u00e9voit \u00e9galement une augmentation de la pression fiscale sur les cigares, pouvant \u00eatre tax\u00e9s jusqu\u2019\u00e0 1 dollar par unit\u00e9.<\/p>\n<h2 style=\"text-align: justify;\">Des ressources fiscales nouvelles et pr\u00e9-affect\u00e9es<\/h2>\n<p style=\"text-align: justify;\">Selon les d\u00e9fenseurs de cette mesure, l\u2019approbation de ces nouvelles taxes sont le signal d\u2019une prise de conscience citoyenne des Or\u00e9gonais de la priorit\u00e9 des enjeux sanitaires sur la question du tabagisme. Selon les estimations, la mesure 108 devrait rapporter \u00e0 l\u2019Etat de l\u2019Oregon environ 160 millions de dollars par an. Ces nouvelles ressources seront par ailleurs affect\u00e9es \u00e0 90% \u00e0 l\u2019Autorit\u00e9 de sant\u00e9 de l\u2019Oregon, afin de financer le traitement des personnes malades, et notamment celles touch\u00e9es par des troubles psychiques. Les 10% restant seront consacr\u00e9s \u00e0 des prestataires de soins, ainsi qu\u2019\u00e0 des programmes sp\u00e9cifiques contre le tabagisme.<\/p>\n<h2 style=\"text-align: justify;\">Les arguments de l\u2019industrie<\/h2>\n<p style=\"text-align: justify;\">Afin de rejeter la proposition, les groupes de d\u00e9fense pro-tabac ont avanc\u00e9 l\u2019argument selon lequel ces hausses de taxes affecteraient en premier lieu les populations les plus pr\u00e9caires de l\u2019Etat. Si cet argument est r\u00e9current de la part de l\u2019industrie du tabac, il n\u2019en demeure pas moins erron\u00e9. Les personnes pr\u00e9caires sont les premi\u00e8res b\u00e9n\u00e9ficiaires des augmentations de taxes. En effet, plus sensibles \u00e0 l\u2019argument du prix, elles arr\u00eatent davantage de fumer suite \u00e0 des hausses de taxes. Enfin, les groupes de d\u00e9fense ont soulign\u00e9 qu\u2019une hausse de taxes pourrait fragiliser le petit commerce local. Ces arguments ne s\u2019appuient en r\u00e9alit\u00e9 sur aucune preuve tangible. Les hausses de taxes s\u2019accompagnent par davantage de bienfaits \u00e9conomiques que d\u2019effets pervers<a href=\"#_ftn2\" name=\"_ftnref2\">[2]<\/a>.<\/p>\n<p><strong>Mots cl\u00e9s : Oregon, Taxes<br \/>\n<\/strong><\/p>\n<p><a href=\"https:\/\/www.generationsanstabac.org\/\">\u00a9G\u00e9n\u00e9ration Sans Tabac<\/a><\/p>\n<hr \/>\n<p><a href=\"#_ftnref1\" name=\"_ftn1\"><\/a><a href=\"#_ftnref1\" name=\"_ftn1\">[1]<\/a> OPB, <em><a href=\"https:\/\/www.opb.org\/article\/2020\/11\/04\/oregons-tobacco-tax-increase-electronic-cigarette-tax-measure-passes\/\">Oregon\u2019s tobacco tax increase, electronic cigarette tax measure passes<\/a><\/em>, 4 novembre 2020, (consult\u00e9 le jour m\u00eame)<\/p>\n<p style=\"text-align: justify;\"><a href=\"#_ftnref2\" name=\"_ftn2\">[2]<\/a> Smith KE, Savell E, Gilmore AB. What is known about tobacco industry efforts to influence tobacco tax? A systematic review of empirical studies. Tob Control. 2013;22(2):144-153. doi:10.1136\/tobaccocontrol-2011-050098<\/p>\n<p><span style=\"color: #999999;\"><strong><a style=\"color: #999999;\" href=\"http:\/\/www.cnct.fr\/\" target=\"_blank\" rel=\"noopener noreferrer\">Comit\u00e9 National Contre le Tabagisme |<\/a><\/strong><\/span><\/p>\n","protected":false},"excerpt":{"rendered":"<p>Par voie de r\u00e9f\u00e9rendum, les habitants de l\u2019Oregon ont approuv\u00e9 une proposition de hausse des taxes sur les produits du tabac et de la nicotine. Cette mesure arrive apr\u00e8s pr\u00e8s de deux d\u00e9cennies d\u2019inaction en la mati\u00e8re : l\u2019Oregon figurait parmi les Etats les moins bien class\u00e9s du pays[1].   <\/p>\n","protected":false},"featured_media":19464,"template":"","tags":[],"thematique":[491],"class_list":["post-20115","actualites","type-actualites","status-publish","has-post-thumbnail","hentry","thematique-politiques-publiques"],"acf":[],"_links":{"self":[{"href":"https:\/\/www.generationsanstabac.org\/en\/wp-json\/wp\/v2\/actualites\/20115","targetHints":{"allow":["GET"]}}],"collection":[{"href":"https:\/\/www.generationsanstabac.org\/en\/wp-json\/wp\/v2\/actualites"}],"about":[{"href":"https:\/\/www.generationsanstabac.org\/en\/wp-json\/wp\/v2\/types\/actualites"}],"version-history":[{"count":0,"href":"https:\/\/www.generationsanstabac.org\/en\/wp-json\/wp\/v2\/actualites\/20115\/revisions"}],"wp:featuredmedia":[{"embeddable":true,"href":"https:\/\/www.generationsanstabac.org\/en\/wp-json\/wp\/v2\/media\/19464"}],"wp:attachment":[{"href":"https:\/\/www.generationsanstabac.org\/en\/wp-json\/wp\/v2\/media?parent=20115"}],"wp:term":[{"taxonomy":"post_tag","embeddable":true,"href":"https:\/\/www.generationsanstabac.org\/en\/wp-json\/wp\/v2\/tags?post=20115"},{"taxonomy":"thematique","embeddable":true,"href":"https:\/\/www.generationsanstabac.org\/en\/wp-json\/wp\/v2\/thematique?post=20115"}],"curies":[{"name":"wp","href":"https:\/\/api.w.org\/{rel}","templated":true}]}}