{"id":20100,"date":"2020-10-27T14:11:57","date_gmt":"2020-10-27T13:11:57","guid":{"rendered":"https:\/\/www.generationsanstabac.org\/actualites\/un-enjeu-primordial-de-reglementation-sur-le-tabac-en-inde\/"},"modified":"2020-10-27T14:11:57","modified_gmt":"2020-10-27T13:11:57","slug":"un-enjeu-primordial-de-reglementation-sur-le-tabac-en-inde","status":"publish","type":"actualites","link":"https:\/\/www.generationsanstabac.org\/en\/actualites\/un-enjeu-primordial-de-reglementation-sur-le-tabac-en-inde\/","title":{"rendered":"A key issue in tobacco regulation in India"},"content":{"rendered":"<p style=\"text-align: justify;\"><em>Dans une tribune publi\u00e9e le 26 octobre 2020 dans le Financial Express, le docteur Binod Kumar Patro, sp\u00e9cialiste des maladies non transmissibles, et professeur au All India Institute of Medical Sciences, appelle les pouvoirs publics \u00e0 aller plus loin dans le contr\u00f4le du tabac<a href=\"#_ftn1\" name=\"_ftnref1\"><strong>[1]<\/strong><\/a>. <\/em><\/p>\n<p style=\"text-align: justify;\">Comme le mentionne l\u2019auteur, la r\u00e9glementation indienne pr\u00e9sente encore des lacunes pour satisfaire aux exigences \u00e9tablies par la Convention-cadre de l\u2019Organisation mondiale de la sant\u00e9 pour la lutte antitabac. Pour le Dr Patro, trois mesures sont n\u00e9cessaires pour pallier ces insuffisances r\u00e9glementaires.<\/p>\n<ul>\n<li style=\"text-align: justify;\"><strong>Supprimer toutes les zones fumeurs dans les a\u00e9roports, les h\u00f4tels et les restaurants<\/strong><\/li>\n<\/ul>\n<p>La suppression des zones fumeurs avec une interdiction compl\u00e8te de fumer dans ces lieux est un \u00e9l\u00e9ment indispensable pour prot\u00e9ger efficacement d\u2019une exposition au tabagisme passif. Par ailleurs, cette mesure participe \u00e0 la d\u00e9normalisation du tabagisme.<strong>                                                        <\/strong><\/p>\n<ul>\n<li style=\"text-align: justify;\"><strong>Interdire la publicit\u00e9 et les pr\u00e9sentoirs dans les lieux de vente<\/strong><\/li>\n<\/ul>\n<p style=\"text-align: justify;\">L\u2019auteur rappelle que cette mesure est particuli\u00e8rement efficace pour r\u00e9duire l\u2019initiation des jeunes au tabagisme. Aujourd\u2019hui, 42 pays interdisent totalement la publicit\u00e9 des produits du tabac sur le lieu de vente, 21 de mani\u00e8re compl\u00e8te en supprimant les \u00e9tals des produits.<\/p>\n<ul>\n<li style=\"text-align: justify;\"><strong> <\/strong><strong>Interdire la vente \u00e0 l\u2019unit\u00e9 <\/strong><\/li>\n<\/ul>\n<p style=\"text-align: justify;\">La vente de cigarettes \u00e0 l\u2019unit\u00e9 a pour cons\u00e9quence d\u2019augmenter l\u2019accessibilit\u00e9 du tabac aupr\u00e8s des jeunes et des populations pr\u00e9caires. L\u2019auteur avance la n\u00e9cessit\u00e9 d\u2019associer l\u2019interdiction de cette pratique avec l\u2019application de lourdes sanctions pour les contrevenants.<\/p>\n<h3 style=\"text-align: justify;\"><strong>Le fardeau du tabagisme en Inde<\/strong><\/h3>\n<p style=\"text-align: justify;\">En Inde, 266 millions d&rsquo;adultes consomment du tabac, tous types confondus <em><a href=\"#_ftn1\" name=\"_ftnref1\"><strong>[2]<\/strong><\/a><\/em>. Le pays est par ailleurs le deuxi\u00e8me producteur et le deuxi\u00e8me consommateur de produits du tabac au monde. Cette situation se paye au prix lourd par la population indienne, avec 1,28 million de morts par an en raison de la consommation tabagique.<\/p>\n<p style=\"text-align: justify;\"><a href=\"https:\/\/www.generationsanstabac.org\/\">\u00a9G\u00e9n\u00e9ration Sans Tabac<\/a><\/p>\n<p style=\"text-align: justify;\"><strong>Mots cl\u00e9s : Inde, Contr\u00f4le du Tabac<\/strong><\/p>\n<hr \/>\n<p style=\"text-align: justify;\"><a href=\"#_ftnref1\" name=\"_ftn1\">[1]<\/a> Financial Express, <a href=\"https:\/\/www.financialexpress.com\/lifestyle\/health\/time-to-tighten-control-over-tobacco\/2114120\/\">Time to tighten control over tobacco<\/a>, 26\/10\/2020<\/p>\n<p><a href=\"#_ftnref1\" name=\"_ftn1\">[2]<\/a> OMS, <a href=\"https:\/\/www.financialexpress.com\/lifestyle\/health\/time-to-tighten-control-over-tobacco\/2114120\/\">Global Adult Tobacco Survey, 2016, 2017<\/a>, 04\/11\/2020<\/p>\n<p><span style=\"color: #999999;\"><strong><a style=\"color: #999999;\" href=\"http:\/\/www.cnct.fr\/\" target=\"_blank\" rel=\"noopener noreferrer\">Comit\u00e9 National Contre le Tabagisme |<\/a><\/strong><\/span><\/p>\n","protected":false},"excerpt":{"rendered":"<p>In an article published on October 26, 2020 in the Financial Express, Dr. Binod Kumar Patro, a specialist in non-communicable diseases and professor at the All India Institute of Medical Sciences, calls on the public authorities to go further in tobacco control.<\/p>","protected":false},"featured_media":15410,"template":"","tags":[],"thematique":[507],"class_list":["post-20100","actualites","type-actualites","status-publish","has-post-thumbnail","hentry","thematique-marketing-publicite"],"acf":[],"_links":{"self":[{"href":"https:\/\/www.generationsanstabac.org\/en\/wp-json\/wp\/v2\/actualites\/20100","targetHints":{"allow":["GET"]}}],"collection":[{"href":"https:\/\/www.generationsanstabac.org\/en\/wp-json\/wp\/v2\/actualites"}],"about":[{"href":"https:\/\/www.generationsanstabac.org\/en\/wp-json\/wp\/v2\/types\/actualites"}],"version-history":[{"count":0,"href":"https:\/\/www.generationsanstabac.org\/en\/wp-json\/wp\/v2\/actualites\/20100\/revisions"}],"wp:featuredmedia":[{"embeddable":true,"href":"https:\/\/www.generationsanstabac.org\/en\/wp-json\/wp\/v2\/media\/15410"}],"wp:attachment":[{"href":"https:\/\/www.generationsanstabac.org\/en\/wp-json\/wp\/v2\/media?parent=20100"}],"wp:term":[{"taxonomy":"post_tag","embeddable":true,"href":"https:\/\/www.generationsanstabac.org\/en\/wp-json\/wp\/v2\/tags?post=20100"},{"taxonomy":"thematique","embeddable":true,"href":"https:\/\/www.generationsanstabac.org\/en\/wp-json\/wp\/v2\/thematique?post=20100"}],"curies":[{"name":"wp","href":"https:\/\/api.w.org\/{rel}","templated":true}]}}