{"id":20089,"date":"2020-10-21T12:27:47","date_gmt":"2020-10-21T10:27:47","guid":{"rendered":"https:\/\/www.generationsanstabac.org\/actualites\/etats-unis-campagne-contre-les-produits-aromatises-attractifs-aupres-des-jeunes\/"},"modified":"2020-10-21T12:27:47","modified_gmt":"2020-10-21T10:27:47","slug":"etats-unis-campagne-contre-les-produits-aromatises-attractifs-aupres-des-jeunes","status":"publish","type":"actualites","link":"https:\/\/www.generationsanstabac.org\/en\/actualites\/etats-unis-campagne-contre-les-produits-aromatises-attractifs-aupres-des-jeunes\/","title":{"rendered":"United States: Campaign against flavored products attractive to young people"},"content":{"rendered":"<p style=\"text-align: justify;\"><em>Un consortium d\u2019acteurs et d&rsquo;organisations de sant\u00e9 s\u2019est constitu\u00e9 et a lanc\u00e9 une campagne demandant aux l\u00e9gislateurs des divers \u00e9tats am\u00e9ricains d\u2019interdire la vente de produits du tabac et du vapotage aromatis\u00e9s aux adolescents.<a href=\"#_ftn1\" name=\"_ftnref1\"><\/a><\/em><\/p>\n<p style=\"text-align: justify;\"> \u00ab Flavors Hook Kids \u00bb est une campagne nationale visant \u00e0 interdire la vente de produits aromatis\u00e9s contenant de la nicotine aux adolescents. Cette campagne a \u00e9t\u00e9 initialement lanc\u00e9e en 2018 en Californie \u00e0 l\u2019initiative des autorit\u00e9s publiques sanitaires locales pour d\u00e9noncer les campagnes marketing de l\u2019industrie du tabac avec ses nouveaux produits (comme Juul). La campagne de communication est d\u00e9ploy\u00e9e sous forme de spots t\u00e9l\u00e9vis\u00e9s et d\u2019annonces en radio, d\u2019affiches et de sites internet par \u00e9tat.<\/p>\n<p style=\"text-align: justify;\">Les organisateurs de cette campagne rappellent que l\u2019industrie du tabac cherche \u00e0 s\u00e9duire les jeunes depuis des d\u00e9cennies avec des saveurs attractives. Plus de 8 jeunes sur 10<a href=\"#_ftn2\" name=\"_ftnref2\">[2]<\/a>  (81%) qui ont consomm\u00e9 du tabac ont commenc\u00e9 avec un produit aromatis\u00e9 et l\u2019usage de la cigarette \u00e9lectronique a fortement augment\u00e9 chez les adolescents en raison de la pr\u00e9sence de plus de 15 000 saveurs sur le march\u00e9<a href=\"#_ftn3\" name=\"_ftnref3\">[3]<\/a>.<\/p>\n<p style=\"text-align: justify;\">L\u2019objectif de la campagne est \u00e9galement d\u2019attirer l\u2019attention des autorit\u00e9s sanitaires des diff\u00e9rents \u00e9tats sur le probl\u00e8me, de longue date, caus\u00e9 par les cigarettes et cigarillos menthol\u00e9s avec une demande d\u2019interdiction de la vente de ces produits. Ces mesures seraient notamment protectrices \u00e0 l\u2019\u00e9gard des communaut\u00e9s afro-am\u00e9ricaines cibl\u00e9es depuis des d\u00e9cennies par l\u2019industrie du tabac. Selon les <a href=\"https:\/\/www.cdc.gov\/\">Centers for Disease Control and Prevention<\/a> (CDC), plus de la moiti\u00e9 des jeunes fumeurs \u00e2g\u00e9s de 12 \u00e0 17 ans (54%) consomment des cigarettes au menthol<a href=\"#_ftn4\" name=\"_ftnref4\">[4]<\/a>. Cette proportion atteint 70% chez les jeunes afro-am\u00e9ricains<a href=\"#_ftn5\" name=\"_ftnref5\">[5]<\/a>. Les CDC pr\u00e9viennent aussi que le tabagisme augmente le risque d&rsquo;une personne de contracter une forme plus grave du coronavirus, et que les minorit\u00e9s ont d\u00e9j\u00e0 \u00e9t\u00e9 touch\u00e9es de mani\u00e8re disproportionn\u00e9e par la pand\u00e9mie<a href=\"#_ftn6\" name=\"_ftnref6\">[6]<\/a>.<\/p>\n<p style=\"text-align: justify;\">L\u2019ensemble des produits aromatis\u00e9s sapent les efforts globaux de la nation pour r\u00e9duire le tabagisme chez les jeunes et la consommation de produits nicotiniques addictifs, ainsi que les probl\u00e8mes sanitaires associ\u00e9s \u00e0 leur consommation.<\/p>\n<p style=\"text-align: justify;\"><strong>Mots cl\u00e9s : Etats-Unis, Ar\u00f4mes, Vapotage, Jeunes, Marketing, cigarette \u00e9lectronique<\/strong><\/p>\n<p style=\"text-align: justify;\"><a href=\"https:\/\/www.generationsanstabac.org\/\">\u00a9G\u00e9n\u00e9ration Sans Tabac<\/a><\/p>\n<hr \/>\n<p style=\"text-align: justify;\"><a href=\"#_ftnref1\" name=\"_ftn1\">[1]<\/a> <a href=\"https:\/\/www.washingtoninformer.com\/campaign-aims-to-ban-sale-of-flavored-tobacco-products-to-d-c-teens\/\"><em>Campaign Aims to Ban Sale of Flavored Tobacco Products to D.C. Teens,<\/em><\/a> The Washington Informer, 19 octobre 2020, consult\u00e9 le 21 octobre 2020<\/p>\n<p style=\"text-align: justify;\"><a href=\"#_ftnref2\" name=\"_ftn2\">[2]<\/a> <a href=\"https:\/\/truthinitiative.org\/research-resources\/emerging-tobacco-products\/flavored-tobacco-use-among-youth-and-young-adults\"><em>Flavored tobacco use among youth and young adults<\/em><\/a>, Truth Initiative, 16 janvier 2018, consult\u00e9 le 21 octobre 2020<\/p>\n<p style=\"text-align: justify;\"><a href=\"#_ftnref3\" name=\"_ftn3\">[3]<\/a> <a href=\"https:\/\/www.tobaccofreekids.org\/what-we-do\/industry-watch\/e-cigarettes\"><em>E-cigarettes : Flavored products fuel a youth epidemic<\/em><\/a>, Campaign for Tobacco-Free Kids, 24 f\u00e9vrier 2020, consult\u00e9 le 21 octobre 2020<\/p>\n<p style=\"text-align: justify;\"><a href=\"#_ftnref4\" name=\"_ftn4\">[4]<\/a> Villanti AC, Mowery PD, Delnevo CD, Niaura RS, Abrams DB, Giovino GA. <a href=\"http:\/\/dx.doi.org\/10.1136\/tobaccocontrol-2016-053329\">Changes in the prevalence and correlates of menthol cigarette use in the USA, 2004-2014external icon<\/a>. Tob Control. 2016;25:ii14-ii20. Doi:10.1136\/tobaccocontrol-2016-053329.<\/p>\n<p style=\"text-align: justify;\"><a href=\"#_ftnref5\" name=\"_ftn5\">[5]<\/a> D\u2019Silva J, Cohn AM, Johnson AL, Villanti AC. <a href=\"https:\/\/www.ncbi.nlm.nih.gov\/pubmed\/29059351\/\">Differences in subjective experiences to first use of menthol and nonmenthol cigarettes in a national sample of young adult cigarette smokersexternal icon<\/a>, Nicotine Tob Res. 20(9): 1062-1068, 2018.<\/p>\n<p style=\"text-align: justify;\"><a href=\"#_ftnref6\" name=\"_ftn6\">[6]<\/a> The Centers for Disease Control and Prevention (CDC) (2020). Coronavirus disease 2019 (COVID-19) Groups at higher risk for severe illness. <a href=\"https:\/\/www.cdc.gov\/coronavirus\/2019-ncov\/need-extra-precautions\/groups-at-higher-risk.html\">https:\/\/www.cdc.gov\/coronavirus\/2019-ncov\/need-extra-precautions\/groups-at-higher-risk.html<\/a><\/p>\n<p style=\"text-align: justify;\"><span style=\"color: #999999;\"><strong><a style=\"color: #999999;\" href=\"http:\/\/www.cnct.fr\/\" target=\"_blank\" rel=\"noopener noreferrer\">Comit\u00e9 National Contre le Tabagisme |<\/a><\/strong><\/span><\/p>\n","protected":false},"excerpt":{"rendered":"<p>A consortium of stakeholders and health organizations has formed and launched a campaign calling on state legislators to ban the sale of flavored tobacco and vaping products to teenagers.<\/p>","protected":false},"featured_media":19677,"template":"","tags":[],"thematique":[507],"class_list":["post-20089","actualites","type-actualites","status-publish","has-post-thumbnail","hentry","thematique-marketing-publicite"],"acf":[],"_links":{"self":[{"href":"https:\/\/www.generationsanstabac.org\/en\/wp-json\/wp\/v2\/actualites\/20089","targetHints":{"allow":["GET"]}}],"collection":[{"href":"https:\/\/www.generationsanstabac.org\/en\/wp-json\/wp\/v2\/actualites"}],"about":[{"href":"https:\/\/www.generationsanstabac.org\/en\/wp-json\/wp\/v2\/types\/actualites"}],"version-history":[{"count":0,"href":"https:\/\/www.generationsanstabac.org\/en\/wp-json\/wp\/v2\/actualites\/20089\/revisions"}],"wp:featuredmedia":[{"embeddable":true,"href":"https:\/\/www.generationsanstabac.org\/en\/wp-json\/wp\/v2\/media\/19677"}],"wp:attachment":[{"href":"https:\/\/www.generationsanstabac.org\/en\/wp-json\/wp\/v2\/media?parent=20089"}],"wp:term":[{"taxonomy":"post_tag","embeddable":true,"href":"https:\/\/www.generationsanstabac.org\/en\/wp-json\/wp\/v2\/tags?post=20089"},{"taxonomy":"thematique","embeddable":true,"href":"https:\/\/www.generationsanstabac.org\/en\/wp-json\/wp\/v2\/thematique?post=20089"}],"curies":[{"name":"wp","href":"https:\/\/api.w.org\/{rel}","templated":true}]}}