{"id":20078,"date":"2020-10-12T10:09:15","date_gmt":"2020-10-12T08:09:15","guid":{"rendered":"https:\/\/www.generationsanstabac.org\/actualites\/etats-unis-une-loi-pour-pallier-les-inegalites-en-matiere-de-sante\/"},"modified":"2020-10-12T10:09:15","modified_gmt":"2020-10-12T08:09:15","slug":"etats-unis-une-loi-pour-pallier-les-inegalites-en-matiere-de-sante","status":"publish","type":"actualites","link":"https:\/\/www.generationsanstabac.org\/en\/actualites\/etats-unis-une-loi-pour-pallier-les-inegalites-en-matiere-de-sante\/","title":{"rendered":"United States: A law to address health inequalities"},"content":{"rendered":"<p style=\"text-align: justify;\"><em>Le 7 octobre 2020, la s\u00e9natrice d\u00e9mocrate am\u00e9ricaine Mazie Hirono et huit de ses coll\u00e8gues ont annonc\u00e9 leur intention d&rsquo;introduire le \u00ab <a href=\"https:\/\/www.congress.gov\/bill\/116th-congress\/house-bill\/6637?s=1&amp;r=6\">Health Equity and Accountability Act 2020 <\/a>\u00bb<a href=\"#_ftn1\" name=\"_ftnref1\"><strong>[1]<\/strong><\/a>, qui fournit une strat\u00e9gie globale pour lutter contre les disparit\u00e9s en mati\u00e8re de sant\u00e9 aux \u00c9tats-Unis, y compris les disparit\u00e9s caus\u00e9es par le tabac.<\/em><\/p>\n<h3 style=\"text-align: justify;\"><strong>\u00c9liminer les disparit\u00e9s li\u00e9es \u00e0 la sant\u00e9 et au tabac \u00e0 travers le pays<\/strong><\/h3>\n<p style=\"text-align: justify;\">La Health Equity and Accountability Act (HEAA &#8211; <em>Loi sur l&rsquo;\u00e9quit\u00e9 et la responsabilit\u00e9 en mati\u00e8re de sant\u00e9<\/em>) vise \u00e0 r\u00e9duire les disparit\u00e9s en mati\u00e8re de sant\u00e9. Les minorit\u00e9s raciales et ethniques, la communaut\u00e9 LGBTQ +, les populations rurales et les communaut\u00e9s socio-\u00e9conomiquement d\u00e9favoris\u00e9es (personnes d\u00e9pourvues d\u2019assurances m\u00e9dicales ou b\u00e9n\u00e9ficiaires du programme Medicaid) et plus globalement les femmes sont moins bien prot\u00e9g\u00e9es sur le plan sanitaire aux \u00c9tats-Unis. La HEAA propose des solutions politiques destin\u00e9es \u00e0 plus d&rsquo;\u00e9quit\u00e9 en sant\u00e9, et qui int\u00e8grent notamment la probl\u00e9matique des in\u00e9galit\u00e9s li\u00e9es au tabac.<\/p>\n<p style=\"text-align: justify;\">En effet, les \u00c9tats-Unis ont fait des progr\u00e8s cons\u00e9quents dans la r\u00e9duction du tabagisme. Cependant il existe des disparit\u00e9s selon les \u00e9tats et \u00e9galement des disparit\u00e9s selon les communaut\u00e9s et groupes pr\u00e9c\u00e9demment \u00e9voqu\u00e9s lesquels constituent des cibles majeures pour l&rsquo;industrie du tabac. Cette initiative intervient \u00e0 un moment critique alors que la pand\u00e9mie de COVID-19 continue de nuire de mani\u00e8re disproportionn\u00e9e aux populations vuln\u00e9rables et place les fumeurs dans une situation de plus grands risques de complications.<\/p>\n<h3 style=\"text-align: justify;\"><strong>L\u2019importance de l\u2019int\u00e9gration de l\u2019arr\u00eat du tabac dans le programme Medicaid<\/strong><\/h3>\n<p style=\"text-align: justify;\">La loi sur l&rsquo;\u00e9quit\u00e9 et la responsabilit\u00e9 en mati\u00e8re de sant\u00e9 pr\u00e9voit d\u2019augmenter consid\u00e9rablement les taxes sur le tabac. Elle proposerait \u00e9talement une couverture compl\u00e8te pour la prise en charge du traitement de la d\u00e9pendance tabagique des b\u00e9n\u00e9ficiaires du programme Medicaid et ce, sans avancement de frais ni ordonnance d\u2019un m\u00e9decin. Ces services comprennent des conseils individuels, de groupe et une assistance t\u00e9l\u00e9phonique, ainsi qu\u2019une couverture m\u00e9dicamenteuse de sept m\u00e9dicaments approuv\u00e9s par l\u2019US Food and Drug Administration. Une telle prise en charge par la Medicaid est essentielle car la consommation de tabac est deux fois plus \u00e9lev\u00e9e chez les b\u00e9n\u00e9ficiaires du programme que ceux disposant d\u2019une assurance priv\u00e9e. Surtout, le projet de loi fournit le financement n\u00e9cessaire pour permettre aux \u00c9tats de mener des campagnes de sensibilisation pour faire de la pr\u00e9vention aupr\u00e8s des inscrits \u00e0 Medicaid.<\/p>\n<h3 style=\"text-align: justify;\"><strong>Des investissements jug\u00e9s n\u00e9cessaires et qui ont fait leurs preu<\/strong>ves<\/h3>\n<p style=\"text-align: justify;\">Le 22 juin 2020, la repr\u00e9sentante Lisa Blunt Rochester (D-Del.)<a href=\"#_ftn2\" name=\"_ftnref2\">[2]<\/a>, soutenue par plusieurs organismes de sant\u00e9 am\u00e9ricains, avait \u00e9galement introduit une l\u00e9gislation \u00ab <a href=\"https:\/\/www.congress.gov\/bill\/116th-congress\/house-bill\/7286?s=1&amp;r=1\">Quit Because of COVID-19 Act <\/a>\u00bb qui vise \u00e0 \u00e9tendre la prise en charge de l\u2019arr\u00eat du tabac \u00e0 tous les b\u00e9n\u00e9ficiaires de la Medicaid pendant la crise de la COVID-19.<\/p>\n<p style=\"text-align: justify;\">L\u2019exp\u00e9rience du Massachusetts qui fournit une couverture compl\u00e8te pour le traitement de la d\u00e9pendance tabagique par la Medicaid montre que le taux de tabagisme des b\u00e9n\u00e9ficiaires du programme a diminu\u00e9 de 38% \u00e0 28% en deux ans et demi. L&rsquo;\u00c9tat a consid\u00e9rablement r\u00e9duit les hospitalisations pour crises cardiaques et maladies cardiovasculaires parmi les inscrits \u00e0 Medicaid, \u00e9conomisant plus de 3 $ pour chaque dollar d\u00e9pens\u00e9 en services de sevrage tabagique<a href=\"#_ftn3\" name=\"_ftnref3\">[3]<\/a>.<\/p>\n<p><strong>Mots cl\u00e9s : \u00c9tats-Unis, Loi de sant\u00e9, Tabagisme<\/strong><\/p>\n<p><a href=\"https:\/\/www.generationsanstabac.org\/\">\u00a9G\u00e9n\u00e9ration Sans Tabac<\/a><\/p>\n<hr \/>\n<p><a href=\"#_ftnref1\" name=\"_ftn1\"><strong>[1]<\/strong><\/a> <a href=\"https:\/\/www.hirono.senate.gov\/news\/press-releases\/hirono-colleagues-announce-health-equity-and-accountability-act-to-create-a-more-equitable-health-care-system\"><em>Hirono, Colleagues Announce Health Equity and Accountability Act to Create a More Equitable Health Care System<\/em><\/a>, Mazie Hirono Website, Communiqu\u00e9 de presse, 7 octobre 2020, consult\u00e9 le 9 octobre 2020<\/p>\n<p><a href=\"#_ftnref2\" name=\"_ftn2\">[2]<\/a> <a href=\"https:\/\/www.generationsanstabac.org\/actualites\/extension-medicaid-traitement-arret-tabac\/\"><em>USA : Une proposition l\u00e9gislative pour \u00e9tendre la couverture de Medicaid des traitements de l\u2019arr\u00eat du tabac<\/em><\/a>, G\u00e9n\u00e9ration Sans Tabac, 23 juin 2020, consult\u00e9 le 9 octobre 2020<\/p>\n<p><a href=\"#_ftnref3\" name=\"_ftn3\"><strong>[3]<\/strong><\/a> <a href=\"https:\/\/www.tobaccofreekids.org\/press-releases\/2020_10_08_health-and-accountability-act-2020\"><em>Health Equity and Accountability Act of 2020 Is Critically Needed to Address Health Disparities, Including Those Caused By Tobacco,<\/em><\/a> Campaign for Tobacco-Free Kids, 8 octobre 2020, consult\u00e9 le 9 octobre 2020<\/p>\n<p><span style=\"color: #999999;\"><strong><a style=\"color: #999999;\" href=\"http:\/\/www.cnct.fr\/\" target=\"_blank\" rel=\"noopener noreferrer\">Comit\u00e9 National Contre le Tabagisme |<\/a><\/strong><\/span><\/p>\n","protected":false},"excerpt":{"rendered":"<p>On October 7, 2020, Democratic U.S. Senator Mazie Hirono and eight of her colleagues announced their intention to introduce the Health Equity and Accountability Act of 2020, which provides a comprehensive strategy to address health disparities in the United States, including disparities caused by tobacco.<\/p>","protected":false},"featured_media":20079,"template":"","tags":[],"thematique":[474],"class_list":["post-20078","actualites","type-actualites","status-publish","has-post-thumbnail","hentry","thematique-sante"],"acf":[],"_links":{"self":[{"href":"https:\/\/www.generationsanstabac.org\/en\/wp-json\/wp\/v2\/actualites\/20078","targetHints":{"allow":["GET"]}}],"collection":[{"href":"https:\/\/www.generationsanstabac.org\/en\/wp-json\/wp\/v2\/actualites"}],"about":[{"href":"https:\/\/www.generationsanstabac.org\/en\/wp-json\/wp\/v2\/types\/actualites"}],"version-history":[{"count":0,"href":"https:\/\/www.generationsanstabac.org\/en\/wp-json\/wp\/v2\/actualites\/20078\/revisions"}],"wp:featuredmedia":[{"embeddable":true,"href":"https:\/\/www.generationsanstabac.org\/en\/wp-json\/wp\/v2\/media\/20079"}],"wp:attachment":[{"href":"https:\/\/www.generationsanstabac.org\/en\/wp-json\/wp\/v2\/media?parent=20078"}],"wp:term":[{"taxonomy":"post_tag","embeddable":true,"href":"https:\/\/www.generationsanstabac.org\/en\/wp-json\/wp\/v2\/tags?post=20078"},{"taxonomy":"thematique","embeddable":true,"href":"https:\/\/www.generationsanstabac.org\/en\/wp-json\/wp\/v2\/thematique?post=20078"}],"curies":[{"name":"wp","href":"https:\/\/api.w.org\/{rel}","templated":true}]}}