{"id":20077,"date":"2020-10-09T07:49:55","date_gmt":"2020-10-09T05:49:55","guid":{"rendered":"https:\/\/www.generationsanstabac.org\/actualites\/irlande-les-cardiologues-appellent-a-une-augmentation-des-taxes-sur-le-vapotage-et-les-cigarettes\/"},"modified":"2020-10-09T07:49:55","modified_gmt":"2020-10-09T05:49:55","slug":"irlande-les-cardiologues-appellent-a-une-augmentation-des-taxes-sur-le-vapotage-et-les-cigarettes","status":"publish","type":"actualites","link":"https:\/\/www.generationsanstabac.org\/en\/actualites\/irlande-les-cardiologues-appellent-a-une-augmentation-des-taxes-sur-le-vapotage-et-les-cigarettes\/","title":{"rendered":"Ireland: Cardiologists call for tax hikes on vaping and cigarettes"},"content":{"rendered":"<p style=\"text-align: justify;\"><em>L&rsquo;<\/em><a href=\"https:\/\/irishheart.ie\/news\/budget-2021-the-irish-heart-foundation-calls-for-new-tax-on-e-cigarettes\/\"><em>Irish Heart Foundation<\/em><\/a><em> (IHF) a appel\u00e9 le gouvernement \u00e0 porter le co\u00fbt du paquet de 20 cigarettes \u00e0 20\u20ac d&rsquo;ici 2025 et \u00e0 introduire une nouvelle taxe sur les cigarettes \u00e9lectroniques dans le budget 2021 afin de prot\u00e9ger les jeunes de la d\u00e9pendance \u00e0 la nicotine.<\/em><\/p>\n<p style=\"text-align: justify;\">L\u2019IHF souhaite faire passer le prix actuel des cigarettes de 13,70 \u20ac \u00e0 20 \u20ac d\u2019ici 2025<a href=\"#_ftn1\" name=\"_ftnref1\">[1]<\/a> gr\u00e2ce \u00e0 une s\u00e9rie de cinq augmentations annuelles des taxes sur le tabac. L&rsquo;organisation demande \u00e9galement une accise suppl\u00e9mentaire de 6 centimes d\u2019Euro par millilitre de liquide pour cigarette \u00e9lectronique, ce qui devrait augmenter d\u2019environ 10 \u00e0 25% le prix des liquides de vapotage.<\/p>\n<p style=\"text-align: justify;\">Pour Chris Macey, responsable de plaidoyer de l&rsquo;Irish Heart Foundation, la hausse des taxes sur les produits du vapotage doit contribuer \u00e0 r\u00e9duire l\u2019accessibilit\u00e9 de ces produits pour les mineurs, tout en les laissant abordables financi\u00e8rement pour les adultes qui les utilisent comme dispositif dans l\u2019arr\u00eat du tabac. Il ajoute que toute taxe d&rsquo;accise sur les cigarettes \u00e9lectroniques doit \u00eatre accompagn\u00e9e d&rsquo;une augmentation plus importante de la taxe d&rsquo;accise sur le tabac afin de dissuader les utilisateurs de revenir aux cigarettes traditionnelles et au tabac \u00e0 rouler.<\/p>\n<h3 style=\"text-align: justify;\"><strong>Un objectif d\u2019une g\u00e9n\u00e9ration sans tabac d\u2019ici 2025 en Irlande<\/strong><\/h3>\n<p style=\"text-align: justify;\"><a href=\"https:\/\/www.gov.ie\/en\/policy-information\/5df1e7-tobacco-free-ireland\/\">L&rsquo;Irlande sans tabac<\/a> a \u00e9t\u00e9 lanc\u00e9e en octobre 2013. Elle fixe comme objectif \u00e0 l&rsquo;Irlande d&rsquo;avoir un taux de pr\u00e9valence du tabagisme inf\u00e9rieur \u00e0 5% d&rsquo;ici 2025. Actuellement, 17% de la population irlandaise consomme quotidiennement des produits du tabac<strong>. <\/strong>Pour atteindre cet objectif, le pays mise sur une double approche de politiques fiscales dynamiques et de soutien aux fumeurs d\u00e9sireux d\u2019arr\u00eater. L\u2019Irish Heart Foundation propose de quadrupler le financement pour aider les fumeurs \u00e0 arr\u00eater (m\u00e9dicaments, campagnes m\u00e9dias\u2026).<\/p>\n<p style=\"text-align: justify;\">Selon l&rsquo;IHF, le taux de tabagisme chez les 15-16 ans est pass\u00e9 de 41% \u00e0 12% en 20 ans. Cette baisse importante ne doit pas \u00eatre mise \u00e0 mal par les tentatives de l\u2019industrie du tabac qui d\u00e9ploie aujourd\u2019hui de nouveaux produits extr\u00eamement addictifs susceptibles de rendre les nouvelles g\u00e9n\u00e9rations d\u00e9pendantes<a href=\"#_ftn2\" name=\"_ftnref2\">[2]<\/a> de la nicotine.<\/p>\n<p style=\"text-align: justify;\"><strong>Mots cl\u00e9s : Irlande, Fiscalit\u00e9, G\u00e9n\u00e9ration Sans Tabac<\/strong><\/p>\n<p><a href=\"https:\/\/www.generationsanstabac.org\/\">\u00a9G\u00e9n\u00e9ration Sans Tabac<\/a><\/p>\n<hr \/>\n<p><a href=\"#_ftnref1\" name=\"_ftn1\">[1]<\/a> Cate McCurry, <a href=\"https:\/\/www.thetimes.co.uk\/article\/calls-for-new-tax-on-e-cigarettes-2f9vtsxnp\">C<em>alls for new tax on e-cigarettes<\/em><\/a>, The Times, 6 octobre 2020, consult\u00e9 le 8 octobre 2020<\/p>\n<p><a href=\"#_ftnref2\" name=\"_ftn2\">[2]<\/a> June Shannon, <a href=\"https:\/\/irishheart.ie\/news\/high-rate-of-e-cigarette-use-among-teenagers-a-concern\/\"><em>High rate of e-cigarette use among teenagers a concern<\/em><\/a>, Irish Heart Foundation, 9 janvier 2020, consult\u00e9 le 8 octobre 2020<\/p>\n<p><span style=\"color: #999999;\"><strong><a style=\"color: #999999;\" href=\"http:\/\/www.cnct.fr\/\" target=\"_blank\" rel=\"noopener noreferrer\">Comit\u00e9 National Contre le Tabagisme |<\/a><\/strong><\/span><\/p>\n","protected":false},"excerpt":{"rendered":"<p>The Irish Heart Foundation (IHF) has called on the government to increase the cost of a pack of 20 cigarettes to \u20ac20 by 2025 and to introduce a new tax on e-cigarettes in the 2021 budget to protect young people from nicotine addiction.<\/p>","protected":false},"featured_media":15387,"template":"","tags":[],"thematique":[474],"class_list":["post-20077","actualites","type-actualites","status-publish","has-post-thumbnail","hentry","thematique-sante"],"acf":[],"_links":{"self":[{"href":"https:\/\/www.generationsanstabac.org\/en\/wp-json\/wp\/v2\/actualites\/20077","targetHints":{"allow":["GET"]}}],"collection":[{"href":"https:\/\/www.generationsanstabac.org\/en\/wp-json\/wp\/v2\/actualites"}],"about":[{"href":"https:\/\/www.generationsanstabac.org\/en\/wp-json\/wp\/v2\/types\/actualites"}],"version-history":[{"count":0,"href":"https:\/\/www.generationsanstabac.org\/en\/wp-json\/wp\/v2\/actualites\/20077\/revisions"}],"wp:featuredmedia":[{"embeddable":true,"href":"https:\/\/www.generationsanstabac.org\/en\/wp-json\/wp\/v2\/media\/15387"}],"wp:attachment":[{"href":"https:\/\/www.generationsanstabac.org\/en\/wp-json\/wp\/v2\/media?parent=20077"}],"wp:term":[{"taxonomy":"post_tag","embeddable":true,"href":"https:\/\/www.generationsanstabac.org\/en\/wp-json\/wp\/v2\/tags?post=20077"},{"taxonomy":"thematique","embeddable":true,"href":"https:\/\/www.generationsanstabac.org\/en\/wp-json\/wp\/v2\/thematique?post=20077"}],"curies":[{"name":"wp","href":"https:\/\/api.w.org\/{rel}","templated":true}]}}