{"id":20053,"date":"2020-09-23T10:34:25","date_gmt":"2020-09-23T08:34:25","guid":{"rendered":"https:\/\/www.generationsanstabac.org\/actualites\/publicite-pour-la-cigarette-de-nouvelles-interdictions-en-allemagne\/"},"modified":"2020-09-23T10:34:25","modified_gmt":"2020-09-23T08:34:25","slug":"publicite-pour-la-cigarette-de-nouvelles-interdictions-en-allemagne","status":"publish","type":"actualites","link":"https:\/\/www.generationsanstabac.org\/en\/actualites\/publicite-pour-la-cigarette-de-nouvelles-interdictions-en-allemagne\/","title":{"rendered":"Cigarette advertising: new bans in Germany"},"content":{"rendered":"<p style=\"text-align: justify;\"><em>En mati\u00e8re de publicit\u00e9 sur le tabac, l\u2019Allemagne affichait un retard certain puisqu\u2019il s\u2019agissait du dernier pays de l\u2019Union europ\u00e9enne \u00e0 l\u2019autoriser par le biais d\u2019affichages ext\u00e9rieurs et de publicit\u00e9 cin\u00e9matographique. De nouvelles mesures vont enfin \u00eatre\u202fmises en place afin de pr\u00e9server la sant\u00e9 de la population.<\/em><\/p>\n<h2>L\u2019alerte des m\u00e9decins<\/h2>\n<p style=\"text-align: justify;\">Une premi\u00e8re tentative de projet similaire avait \u00e9chou\u00e9 en 2016, en raison de l\u2019opposition du bloc conservateur du pays, mais ce dernier a revu sa position fin 2019. Jusqu\u2019\u00e0 pr\u00e9sent, la publicit\u00e9 pour la cigarette \u00e9tait interdite dans les m\u00e9dias allemands. La nouvelle l\u00e9gislation, qui vient d\u2019\u00eatre approuv\u00e9e par la Chambre haute allemande, fait notamment suite aux mises en garde de m\u00e9decins. Ces derniers s\u2019\u00e9taient inqui\u00e9t\u00e9s de l\u2019attrait que pouvait avoir, via la publicit\u00e9 cin\u00e9matographique et l\u2019affichage de rue, le tabac sur les jeunes et les adolescents.<\/p>\n<h2>La publicit\u00e9 interdite dans les rues et au cin\u00e9ma<\/h2>\n<p style=\"text-align: justify;\">Le Parlement vient de l\u2019annoncer\u202f: l\u2019affichage dans les rues constituant une forme de publicit\u00e9 pour la cigarette sera interdit \u00e0 partir de 2022. La nouvelle l\u00e9gislation stipule \u00e9galement qu&rsquo;\u00e0 partir de janvier 2021, la publicit\u00e9 pour les produits du tabac, diffus\u00e9e avant les films, o\u00f9 des enfants et des jeunes peuvent \u00eatre pr\u00e9sents est prohib\u00e9e.<\/p>\n<p style=\"text-align: justify;\">Les interdictions pr\u00e9vues seront \u00e9largies pour inclure les cigarettes \u00e9lectroniques \u00e0 partir de 2024. Par ailleurs, la distribution de cigarettes gratuites lors d&rsquo;\u00e9v\u00e9nements ou de comp\u00e9titions sera interdite \u00e0 partir de d\u00e9but 2021. Julia Kloeckner, ministre responsable de la protection des consommateurs, a d\u00e9clar\u00e9 \u00e0 l&rsquo;agence de presse DPA que \u00ab la protection de la sant\u00e9 doit \u00eatre la priorit\u00e9 absolue ici\u202f\u00bb.<\/p>\n<h2>L\u2019Allemagne \u00e0 contre-courant\u202f?<\/h2>\n<p style=\"text-align: justify;\">Ce retard de l\u00e9gislation contraste fortement avec les politiques d\u00e9j\u00e0 en place en Europe, notamment avec celles de le France et de la Grande-Bretagne, pays o\u00f9 les paquets neutres sont obligatoires et la publicit\u00e9 interdite depuis d\u00e9j\u00e0 longtemps. Mais selon les donn\u00e9es officielles, l&rsquo;industrie du tabac en Allemagne d\u00e9pense environ 100 millions d&rsquo;euros par an en publicit\u00e9 dans les cin\u00e9mas et dans les rues.<\/p>\n<p><span style=\"color: #666699;\"><a style=\"color: #666699;\" href=\"https:\/\/www.generationsanstabac.org\/\">\u00a9G\u00e9n\u00e9ration Sans Tabac<\/a><\/span><\/p>\n<hr \/>\n<p>[1] Agence France-Presse, <a href=\"https:\/\/news.abs-cbn.com\/overseas\/09\/19\/20\/germany-to-ban-cigarette-street-ads-from-2022\" target=\"_blank\" rel=\"noopener noreferrer\"><em>Germany to ban cigarette street ads from 2022<\/em><\/a>, www.news.abs-cbn.com (19 septembre 2020 &#8211; consult\u00e9 le 22 septembre 2020).<\/p>\n<p>Ces articles pourraient \u00e9galement vous int\u00e9resser :<\/p>\n<p>CNCT, <a href=\"https:\/\/www.generationsanstabac.org\/actualites\/lutte-antitabac-le-retard-considerable-de-allemagne\/\" target=\"_blank\" rel=\"noopener noreferrer\"><em>Lutte antitabac : le retard consid\u00e9rable de l\u2019Allemagne<\/em><\/a>, G\u00e9n\u00e9ration sans tabac (25 f\u00e9vrier 2020 &#8211; consult\u00e9 le 22 septembre 2020).<\/p>\n<p>CNCT, <a href=\"https:\/\/www.generationsanstabac.org\/actualites\/lutte-anti-tabac-allemagne-droits-humains-femme-sante\/\" target=\"_blank\" rel=\"noopener noreferrer\"><em>Lutte antitabac en Allemagne: non-protection du droit \u00e0 la sant\u00e9 et des droits des femmes<\/em><\/a>, G\u00e9n\u00e9ration sans tabac (7 f\u00e9vrier 2020 &#8211; consult\u00e9 le 22 septembre 2020).<\/p>\n<p><span style=\"color: #e8e8e8;\"><strong><a style=\"color: #e8e8e8;\" href=\"http:\/\/dnf.asso.fr\/\/\" target=\"_blank\" rel=\"noopener noreferrer\">DNF &#8211; Pour un Monde ZeroTabac |<\/a><\/strong><\/span><\/p>\n","protected":false},"excerpt":{"rendered":"<p>Germany, which is behind the curve in tobacco advertising, is going to implement new measures to protect the health of the population.<\/p>","protected":false},"featured_media":20054,"template":"","tags":[],"thematique":[507],"class_list":["post-20053","actualites","type-actualites","status-publish","has-post-thumbnail","hentry","thematique-marketing-publicite"],"acf":[],"_links":{"self":[{"href":"https:\/\/www.generationsanstabac.org\/en\/wp-json\/wp\/v2\/actualites\/20053","targetHints":{"allow":["GET"]}}],"collection":[{"href":"https:\/\/www.generationsanstabac.org\/en\/wp-json\/wp\/v2\/actualites"}],"about":[{"href":"https:\/\/www.generationsanstabac.org\/en\/wp-json\/wp\/v2\/types\/actualites"}],"version-history":[{"count":0,"href":"https:\/\/www.generationsanstabac.org\/en\/wp-json\/wp\/v2\/actualites\/20053\/revisions"}],"wp:featuredmedia":[{"embeddable":true,"href":"https:\/\/www.generationsanstabac.org\/en\/wp-json\/wp\/v2\/media\/20054"}],"wp:attachment":[{"href":"https:\/\/www.generationsanstabac.org\/en\/wp-json\/wp\/v2\/media?parent=20053"}],"wp:term":[{"taxonomy":"post_tag","embeddable":true,"href":"https:\/\/www.generationsanstabac.org\/en\/wp-json\/wp\/v2\/tags?post=20053"},{"taxonomy":"thematique","embeddable":true,"href":"https:\/\/www.generationsanstabac.org\/en\/wp-json\/wp\/v2\/thematique?post=20053"}],"curies":[{"name":"wp","href":"https:\/\/api.w.org\/{rel}","templated":true}]}}