{"id":20052,"date":"2020-09-23T10:34:35","date_gmt":"2020-09-23T08:34:35","guid":{"rendered":"https:\/\/www.generationsanstabac.org\/actualites\/tabagisme-vapotage-et-maladies-cardio-vasculaires-en-periode-covid-une-mauvaise-equation\/"},"modified":"2020-09-23T10:34:35","modified_gmt":"2020-09-23T08:34:35","slug":"tabagisme-vapotage-et-maladies-cardio-vasculaires-en-periode-covid-une-mauvaise-equation","status":"publish","type":"actualites","link":"https:\/\/www.generationsanstabac.org\/en\/actualites\/tabagisme-vapotage-et-maladies-cardio-vasculaires-en-periode-covid-une-mauvaise-equation\/","title":{"rendered":"Smoking and cardiovascular diseases during the Covid period: a bad equation"},"content":{"rendered":"<p style=\"text-align: justify;\">Alors que la prochaine journ\u00e9e mondiale du c\u0153ur se d\u00e9roulera le 29 septembre 2020, l\u2019OMS (Organisation mondiale de la sant\u00e9), la F\u00e9d\u00e9ration du c\u0153ur et l\u2019universit\u00e9 de Newcastle (Australie) ont publi\u00e9 un nouveau dossier sur le lien entre le tabac et les cardiopathies coronariennes.<\/p>\n<h2>Un r\u00e9el danger<\/h2>\n<p style=\"text-align: justify;\">1,9 millions de personnes meurent chaque ann\u00e9e de maladies cardiaques dues au tabagisme, responsables notamment de 20 % des d\u00e9c\u00e8s dus aux maladies coronariennes. Les auteurs du rapport recommandent donc naturellement aux fumeurs de cesser leur pratique au plus vite, rappelant qu\u2019ils sont davantage susceptibles d\u2019\u00eatre victime d\u2019un accident cardiovasculaire aigu que les non-fumeurs, et \u00e0 un \u00e2ge moins avanc\u00e9. Ils insistent \u00e9galement sur le fait que le risque de d\u00e9velopper une maladie cardiaque existe m\u00eame pour quelques cigarettes par jour, et m\u00eame dans le cadre des tabagismes occasionnel et passif.<\/p>\n<h2>Maladies cardiovasculaires et Covid-19\u202f: un risque accru<\/h2>\n<p style=\"text-align: justify;\">Une enqu\u00eate r\u00e9cente de l\u2019OMS a r\u00e9v\u00e9l\u00e9 que parmi les personnes d\u00e9c\u00e9d\u00e9es de la Covid-19 en Italie, 67 % avaient une tension art\u00e9rielle \u00e9lev\u00e9e. En Espagne, c\u2019\u00e9tait 43 % qui vivaient avec une maladie cardiaque. Ces chiffres confirment la th\u00e8se selon laquelle l\u2019hypertension et les maladies cardiaques augmenteraient le risque de d\u00e9velopper une forme grave de la Covid-19. Ils am\u00e8nent Vinayak Prasad, chef d\u2019unit\u00e9 au sein de l\u2019Unit\u00e9 sans tabac de l\u2019OMS \u00e0 affirmer que\u202f: \u00ab Les gouvernements ont la responsabilit\u00e9 de prot\u00e9ger la sant\u00e9 de leur population et d&rsquo;aider \u00e0 inverser l&rsquo;\u00e9pid\u00e9mie de tabagisme. Rendre nos communaut\u00e9s sans fum\u00e9e r\u00e9duit le nombre d&rsquo;hospitalisations li\u00e9es au tabac, ce qui est plus important que jamais dans le contexte de la pand\u00e9mie actuelle \u00bb.<\/p>\n<h2>L\u2019accompagnement au sevrage du tabagisme\u202f: une n\u00e9cessit\u00e9 sanitaire<\/h2>\n<p style=\"text-align: justify;\">Selon Eduardo Bianco, pr\u00e9sident du groupe d\u2019experts sur le tabac de la F\u00e9d\u00e9ration mondiale du c\u0153ur\u202f: \u00ab \u00c9tant donn\u00e9 le niveau actuel de preuves sur le lien entre tabac et sant\u00e9 cardiovasculaire ainsi que les avantages pour la sant\u00e9 de cesser de fumer, ne pas offrir des services de sevrage aux patients atteints de maladies cardiaques pourrait \u00eatre consid\u00e9r\u00e9 comme une faute professionnelle clinique ou une n\u00e9gligence. Les soci\u00e9t\u00e9s de cardiologie devraient former leurs membres \u00e0 l&rsquo;abandon du tabac, ainsi que promouvoir et m\u00eame stimuler les efforts de plaidoyer pour la lutte antitabac \u00bb.<\/p>\n<p style=\"text-align: justify;\">Ainsi, r\u00e9duire la pr\u00e9valence du tabagisme est un v\u00e9ritable enjeu de sant\u00e9 publique.\u202fIl est donc du devoir des gouvernements d\u2019augmenter les taxes sur le tabac et de faire respecter les interdictions li\u00e9es \u00e0 la publicit\u00e9, mais aussi d\u2019offrir des services de sevrage aux personnes d\u00e9sireuses de renoncer au tabac.<\/p>\n<p>&nbsp;<\/p>\n<p>La version fran\u00e7aise du rapport de l&rsquo;OMS est disponible <a href=\"https:\/\/apps.who.int\/iris\/bitstream\/handle\/10665\/334327\/9789240010680-fre.pdf\" target=\"_blank\" rel=\"noopener noreferrer\">ici<\/a>.<\/p>\n<p>&nbsp;<\/p>\n<p><span style=\"color: #666699;\"><a style=\"color: #666699;\" href=\"https:\/\/www.generationsanstabac.org\/\">\u00a9G\u00e9n\u00e9ration Sans Tabac<\/a><\/span><\/p>\n<hr \/>\n<p>[1]<a href=\"https:\/\/www.world-heart-federation.org\/news\/tobacco-responsible-for-20-of-deaths-from-coronary-heart-disease\/\" target=\"_blank\" rel=\"noopener noreferrer\"><em> Tobacco responsible for 20% of deaths from coronary heart disease<\/em><\/a>, www.world-heart-federation.org (22 septembre 2020 &#8211; consult\u00e9 le 23 septembre 2020).<\/p>\n<p><strong>Cet article pourrait \u00e9galement vous int\u00e9resser :<\/strong><\/p>\n<p>DNF, <a href=\"https:\/\/www.generationsanstabac.org\/actualites\/risques-cardiovasculaires-arret-tabac-jusqu-a-25-ans-persistance\/\" target=\"_blank\" rel=\"noopener noreferrer\"><em>Risques cardiovasculaires\u202fapr\u00e8s l\u2019arr\u00eat du tabac\u202f: jusqu\u2019\u00e0 25 ans de persistance<\/em><\/a>, G\u00e9n\u00e9ration sans tabac (9 juin 2020 &#8211; consult\u00e9 le 23 septembre 2020).<\/p>\n<p><span style=\"color: #e8e8e8;\"><strong><a style=\"color: #e8e8e8;\" href=\"http:\/\/dnf.asso.fr\/\/\" target=\"_blank\" rel=\"noopener noreferrer\">DNF &#8211; Pour un Monde ZeroTabac |<\/a><\/strong><\/span><\/p>\n","protected":false},"excerpt":{"rendered":"<p>The Heart Federation and the University of Newcastle (Australia) have published a new report on the link between smoking and coronary heart disease.<\/p>","protected":false},"featured_media":19793,"template":"","tags":[],"thematique":[474],"class_list":["post-20052","actualites","type-actualites","status-publish","has-post-thumbnail","hentry","thematique-sante"],"acf":[],"_links":{"self":[{"href":"https:\/\/www.generationsanstabac.org\/en\/wp-json\/wp\/v2\/actualites\/20052","targetHints":{"allow":["GET"]}}],"collection":[{"href":"https:\/\/www.generationsanstabac.org\/en\/wp-json\/wp\/v2\/actualites"}],"about":[{"href":"https:\/\/www.generationsanstabac.org\/en\/wp-json\/wp\/v2\/types\/actualites"}],"version-history":[{"count":0,"href":"https:\/\/www.generationsanstabac.org\/en\/wp-json\/wp\/v2\/actualites\/20052\/revisions"}],"wp:featuredmedia":[{"embeddable":true,"href":"https:\/\/www.generationsanstabac.org\/en\/wp-json\/wp\/v2\/media\/19793"}],"wp:attachment":[{"href":"https:\/\/www.generationsanstabac.org\/en\/wp-json\/wp\/v2\/media?parent=20052"}],"wp:term":[{"taxonomy":"post_tag","embeddable":true,"href":"https:\/\/www.generationsanstabac.org\/en\/wp-json\/wp\/v2\/tags?post=20052"},{"taxonomy":"thematique","embeddable":true,"href":"https:\/\/www.generationsanstabac.org\/en\/wp-json\/wp\/v2\/thematique?post=20052"}],"curies":[{"name":"wp","href":"https:\/\/api.w.org\/{rel}","templated":true}]}}