{"id":20009,"date":"2020-09-02T09:50:35","date_gmt":"2020-09-02T07:50:35","guid":{"rendered":"https:\/\/www.generationsanstabac.org\/actualites\/interdiction-des-cigarettes-aromatisees-aux-etats-unis-des-benefices-mesures\/"},"modified":"2020-09-02T09:50:35","modified_gmt":"2020-09-02T07:50:35","slug":"interdiction-des-cigarettes-aromatisees-aux-etats-unis-des-benefices-mesures","status":"publish","type":"actualites","link":"https:\/\/www.generationsanstabac.org\/en\/actualites\/interdiction-des-cigarettes-aromatisees-aux-etats-unis-des-benefices-mesures\/","title":{"rendered":"Flavored Cigarette Ban in the United States: Measured Benefits"},"content":{"rendered":"<p><em>De nouvelles recherches men\u00e9es aux \u00c9tats-Unis ont montr\u00e9 que l\u2019interdiction des cigarettes aromatis\u00e9es a contribu\u00e9 \u00e0 faire r\u00e9gresser le taux de tabagisme dans le pays au sein de certaines cat\u00e9gories de fumeurs<\/em>.<\/p>\n<h2>Une \u00e9tude pouss\u00e9e<\/h2>\n<p style=\"text-align: justify;\">Tout a commenc\u00e9 le 22 septembre 2009, avec l\u2019interdiction nationale des cigarettes aromatis\u00e9es \u2013 except\u00e9es celles au menthol \u2013 par la Food and Drug administration. L\u2019impact de cette mesure n\u2019avait jamais \u00e9t\u00e9 r\u00e9ellement mesur\u00e9, jusqu\u2019\u00e0 ce que les recherches du <em>College of Health and Human Services<\/em> de l\u2019universit\u00e9 Georges Mason montrent qu\u2019elle avait significativement fait baisser le tabagisme chez les jeunes et les jeunes adultes. L\u2019\u00e9tude, dirig\u00e9e par le Pr Matthew Rossheim, a \u00e9t\u00e9 publi\u00e9e dans le <em>Journal of Adolescent Health<\/em> en 2020. Elle s\u2019appuie sur les donn\u00e9es nationales, recueillies chaque trimestre, de l\u2019Enqu\u00eate nationale sur la consommation de drogues et la sant\u00e9 2002-2017.<\/p>\n<h2>Un impact r\u00e9el sur le tabagisme<\/h2>\n<p style=\"text-align: justify;\">Les chiffres sont parlants\u202f: l\u2019interdiction de cigarettes aromatis\u00e9es a r\u00e9duit le tabagisme de 43 % chez les jeunes (12-17 ans) et de 27 % chez les jeunes adultes (18-25 ans). Pour le professeur Rossheim, ces r\u00e9sultats devraient encourager les politiques \u00e0 \u00e9tendre ce type d\u2019interdiction \u00e0 d\u2019autres produits de tabac aromatis\u00e9s, ceux de la cigarette \u00e9lectronique par exemple.<\/p>\n<h2>Une influence limit\u00e9e<\/h2>\n<p style=\"text-align: justify;\">Les chercheurs ont cependant relev\u00e9 que\u202f:<\/p>\n<p style=\"text-align: justify;\">&#8211; cette mesure n\u2019avait pas eu d\u2019effet sur les consommateurs \u00e2g\u00e9s,<\/p>\n<p style=\"text-align: justify;\">&#8211; les jeunes s\u2019\u00e9taient davantage tourn\u00e9s vers les cigarettes au menthol apr\u00e8s l\u2019interdiction des cigarettes aromatis\u00e9es. Des recherches plus anciennes avaient d\u00e9j\u00e0 montr\u00e9 une consommation accrue de ce type de produits par les sujets afro-am\u00e9ricains. L\u2019\u00e9quipe du Pr Rossheim recommande donc par cons\u00e9quent l\u2019interdiction de cette saveur menthol.<\/p>\n<p><span style=\"color: #666699;\"><a style=\"color: #666699;\" href=\"https:\/\/www.generationsanstabac.org\/\">\u00a9G\u00e9n\u00e9ration Sans Tabac<\/a><\/span><\/p>\n<hr \/>\n<p>[1] Emily Henderson, <a href=\"https:\/\/www.cliniquemutualisteamberieu.fr\/linterdiction-des-cigarettes-aromatisees-liee-a-une-reduction-significative-du-tabagisme-chez-les-jeunes\" target=\"_blank\" rel=\"noopener noreferrer\"><em>L&rsquo;interdiction des cigarettes aromatis\u00e9es li\u00e9e \u00e0 une r\u00e9duction significative du tabagisme chez les jeunes<\/em><\/a>, www.cliniquemutualisteamberieu.fr, 15 juillet 2020.<\/p>\n<p>[2] Rossheim, M.E., et al. (2020), <em>Utilisation de cigarettes avant et apr\u00e8s l&rsquo;interdiction des cigarettes aromatis\u00e9es de 2009<\/em>, Journal of Adolescent Health. doi.org\/10.1016\/j.jadohealth.2020.06.022.<\/p>\n<p><strong>Ces articles pourraient \u00e9galement vous int\u00e9resser :<\/strong><\/p>\n<p>CNCT, <a href=\"https:\/\/www.generationsanstabac.org\/actualites\/cigarettes-a-capsules-aromatisees-un-piege-pour-les-jeunes\/\" target=\"_blank\" rel=\"noopener noreferrer\"><em>Cigarettes \u00e0 capsules aromatis\u00e9es : un pi\u00e8ge pour les jeunes<\/em><\/a>, G\u00e9n\u00e9ration sans tabac (18 mars 2020 &#8211; consult\u00e9 le 24 juillet 2020).<\/p>\n<p>CNCT, <a href=\"https:\/\/www.generationsanstabac.org\/actualites\/massachusetts-mete-fin-a-la-vente-de-tous-les-produits-du-tabac-aromatises\/\" target=\"_blank\" rel=\"noopener noreferrer\"><em>Massachusetts : premier \u00c9tat US \u00e0 mettre fin \u00e0 la vente de tous les produits du tabac aromatis\u00e9s<\/em><\/a>, G\u00e9n\u00e9ration sans tabac (4 juin 2020 &#8211; consult\u00e9 le 24 juillet 2020).<\/p>\n<p>CNCT, <a href=\"https:\/\/www.generationsanstabac.org\/actualites\/groupes-sante-appellent-fda-interdire-vente-de-produits-de-vapotage-aromatises\/\" target=\"_blank\" rel=\"noopener noreferrer\"><em>Des groupes de sant\u00e9 appellent la FDA \u00e0 ne pas autoriser la vente de produits de vapotage aromatis\u00e9s<\/em><\/a>, G\u00e9n\u00e9ration sans tabac (11 ao\u00fbt 2020 &#8211; consult\u00e9 le 2 septembre 2020).<\/p>\n<p>&nbsp;<\/p>\n<p><span style=\"color: #e8e8e8;\"><strong><a style=\"color: #e8e8e8;\" href=\"http:\/\/dnf.asso.fr\/\/\" target=\"_blank\" rel=\"noopener noreferrer\">DNF &#8211; Pour un Monde ZeroTabac |<\/a><\/strong><\/span><\/p>\n","protected":false},"excerpt":{"rendered":"<p>New research from the United States has shown that banning flavored cigarettes has helped reduce smoking rates in the country among certain groups of smokers.<\/p>","protected":false},"featured_media":19843,"template":"","tags":[],"thematique":[474],"class_list":["post-20009","actualites","type-actualites","status-publish","has-post-thumbnail","hentry","thematique-sante"],"acf":[],"_links":{"self":[{"href":"https:\/\/www.generationsanstabac.org\/en\/wp-json\/wp\/v2\/actualites\/20009","targetHints":{"allow":["GET"]}}],"collection":[{"href":"https:\/\/www.generationsanstabac.org\/en\/wp-json\/wp\/v2\/actualites"}],"about":[{"href":"https:\/\/www.generationsanstabac.org\/en\/wp-json\/wp\/v2\/types\/actualites"}],"version-history":[{"count":0,"href":"https:\/\/www.generationsanstabac.org\/en\/wp-json\/wp\/v2\/actualites\/20009\/revisions"}],"wp:featuredmedia":[{"embeddable":true,"href":"https:\/\/www.generationsanstabac.org\/en\/wp-json\/wp\/v2\/media\/19843"}],"wp:attachment":[{"href":"https:\/\/www.generationsanstabac.org\/en\/wp-json\/wp\/v2\/media?parent=20009"}],"wp:term":[{"taxonomy":"post_tag","embeddable":true,"href":"https:\/\/www.generationsanstabac.org\/en\/wp-json\/wp\/v2\/tags?post=20009"},{"taxonomy":"thematique","embeddable":true,"href":"https:\/\/www.generationsanstabac.org\/en\/wp-json\/wp\/v2\/thematique?post=20009"}],"curies":[{"name":"wp","href":"https:\/\/api.w.org\/{rel}","templated":true}]}}