{"id":19989,"date":"2020-08-24T13:33:49","date_gmt":"2020-08-24T11:33:49","guid":{"rendered":"https:\/\/www.generationsanstabac.org\/actualites\/huitieme-observatoire-de-lindustrie-du-tabac-face-a-la-pandemie-de-covid19\/"},"modified":"2020-08-24T13:33:49","modified_gmt":"2020-08-24T11:33:49","slug":"huitieme-observatoire-de-lindustrie-du-tabac-face-a-la-pandemie-de-covid19","status":"publish","type":"actualites","link":"https:\/\/www.generationsanstabac.org\/en\/actualites\/huitieme-observatoire-de-lindustrie-du-tabac-face-a-la-pandemie-de-covid19\/","title":{"rendered":"Eighth observatory of the tobacco industry facing the COVID19 pandemic"},"content":{"rendered":"<p><a href=\"https:\/\/exposetobacco.org\/\"><em>STOP<\/em><\/a><em>, est un organisme de veille \u00e0 l\u2019\u00e9chelle internationale qui suit les pratiques d\u2019interf\u00e9rence de  l\u2019industrie du tabac dans les politiques publiques. L\u2019organisme a relev\u00e9 depuis le d\u00e9but de la pand\u00e9mie un regain d\u2019activit\u00e9 de cette l\u2019industrie dans de nombreux pays \u00e0 travers le monde. Cette recrudescence de la pr\u00e9sence de l\u2019industrie de tabac est li\u00e9e de tr\u00e8s pr\u00e8s \u00e0 la pand\u00e9mie Covid19 qui lui permet de blanchir son image. Cette \u00e9dition couvre les mois de juillet et ao\u00fbt 2020. <\/em><\/p>\n<p><strong>Tendances majeures de cette p\u00e9riode de surveillance : <\/strong><\/p>\n<ul>\n<li>L&rsquo;Espagne a interdit de fumer dans les espaces publics o\u00f9 la distanciation sociale n&rsquo;est pas possible. Ces mesures ont \u00e9t\u00e9 initialement mises en place en Galice<a href=\"#_ftn1\" name=\"_ftnref1\">[1]<\/a> et aux \u00eeles Canaries, puis appliqu\u00e9es \u00e0 l&rsquo;\u00e9chelle nationale. Les repr\u00e9sentants de l\u2019industrie, \u00abMesa del Tabaco\u00bb, se sont prononc\u00e9s contre les restrictions, invoquant le manque de preuves de son efficacit\u00e9<a href=\"#_ftn2\" name=\"_ftnref2\">[2]<\/a>.<\/li>\n<li>BAT a annonc\u00e9 avoir demand\u00e9 l&rsquo;approbation de la FDA pour son vaccin r\u00e9alis\u00e9 par sa filiale Kentucky BioProcessing COVID-19 en juillet. \u00c0 travers sa filiale, BAT essaie de promouvoir une image positive de l\u2019entreprise et de se positionner comme un acteur l\u00e9gitime de sant\u00e9 publique occultant la r\u00e9alit\u00e9 de ses pratiques<a href=\"#_ftn3\" name=\"_ftnref3\">[3]<\/a>.<\/li>\n<li>Poursuite des d\u00e9marches de dons de l\u2019industrie du tabac en vue d\u2019obtenir des mesures favorables \u00e0 son \u00e9gard. En Zambie, Japan Tobacco International a r\u00e9cemment fait un don de 150 000 US$ et a obtenu les remerciements publics d\u2019un dirigeant.<\/li>\n<\/ul>\n<p><strong>Focus sur l\u2019Afrique du Sud<a href=\"#_ftn4\" name=\"_ftnref4\">[4]<\/a>.<\/strong><\/p>\n<p>En Afrique du Sud, dans le cadre du confinement de la population associ\u00e9 \u00e0 la pand\u00e9mie de COVID 19, le gouvernement a pris la d\u00e9cision, le 27 mars 2020, d&rsquo;interdire la vente de produits du tabac et d\u2019alcool, consid\u00e9rant ces produits comme non-essentiels.  S\u2019en sont suivies des menaces de BAT et de la Fair Trade Independent Tobacco Association (FITA) d\u2019attaquer cette disposition devant les tribunaux. La FITA a d\u00e9clar\u00e9 qu&rsquo;il n&rsquo;y avait pas de lien rationnel entre l&rsquo;interdiction de la cigarette et l&rsquo;objectif d&rsquo;\u00e9tat d\u2019urgence destin\u00e9 \u00e0 emp\u00eacher la propagation de la COVID-19. En d\u00e9pit d\u2019une relaxe par le tribunal, la FITA a fait appel devant la Cour supr\u00eame et ce, malgr\u00e9 la lev\u00e9e de l&rsquo;interdiction de vente intervenue le 17 ao\u00fbt 2020<a href=\"#_ftn5\" name=\"_ftnref5\">[5]<\/a> avec le d\u00e9confinement.<\/p>\n<p>Dans le pays, BAT, JTI, Imperial et la FITA ont tous tent\u00e9 de saper et d&rsquo;interf\u00e9rer dans les syst\u00e8mes de suivi et de tra\u00e7abilit\u00e9 qui s&rsquo;attaquent au commerce illicite. Une <a href=\"http:\/\/www.reep.uct.ac.za\/sites\/default\/files\/image_tool\/images\/405\/Publications\/reports\/Lockdown%20Survey%20Final.pdf\">\u00e9tude de l&rsquo;Universit\u00e9 du Cap<\/a> a r\u00e9v\u00e9l\u00e9 que 90% des personnes interrog\u00e9es \u00e9taient toujours en mesure d&rsquo;acheter des cigarettes malgr\u00e9 l&rsquo;interdiction de vente. L&rsquo;auteur de cette \u00e9tude a indiqu\u00e9 que les soci\u00e9t\u00e9s sud-africaines de tabac ont fourni \u00abplus de 90% des cigarettes vendues pendant le confinement\u00bb.<\/p>\n<p>&nbsp;<\/p>\n<p><a href=\"https:\/\/www.generationsanstabac.org\/wp-content\/uploads\/2020\/08\/Huitieme-observatoire-de-lindustrie-\u2013-STOP-en-anglais-.pdf\">Huiti\u00e8me observatoire de l\u2019industrie \u2013 STOP (en anglais) <\/a><\/p>\n<p>&nbsp;<\/p>\n<p><strong>Mots cl\u00e9s : Ing\u00e9rence, Industrie du tabac, Covid19, STOP<\/strong><\/p>\n<p><span style=\"color: #800080;\"><a style=\"color: #800080;\" href=\"https:\/\/www.generationsanstabac.org\/\">\u00a9G\u00e9n\u00e9ration Sans Tabac<\/a><\/span><\/p>\n<hr \/>\n<p><a href=\"#_ftnref1\" name=\"_ftn1\">[1]<\/a> <a href=\"https:\/\/www.generationsanstabac.org\/actualites\/region-espagnole-galice-interdit-fumer-rue-covid19\/\"><em>La r\u00e9gion espagnole de Galice interdit de fumer dans la rue en raison du Covid19<\/em><\/a>, G\u00e9n\u00e9ration Sans Tabac, 13 ao\u00fbt 2020<\/p>\n<p><a href=\"#_ftnref2\" name=\"_ftn2\">[2]<\/a> Javier Romera, <a href=\"https:\/\/www.eleconomista.es\/distribucion\/noticias\/10720454\/08\/20\/El-sector-tabaquero-y-la-hosteleria-contra-la-prohibicion-de-fumar-en-la-calle.html\"><em>El sector tabaquero y la hosteler\u00eda, contra la prohibici\u00f3n de fumar en la calle: \u00ab\u00a0No hay evidencias cient\u00edficas para tomar esta decisi\u00f3n<\/em><\/a>, El Economista, 13 ao\u00fbt 2020, consult\u00e9 le 24 ao\u00fbt 2020<\/p>\n<p><a href=\"#_ftnref3\" name=\"_ftn3\">[3]<\/a> Simon Foy, <a href=\"https:\/\/www.telegraph.co.uk\/business\/2020\/07\/31\/bat-weathers-covid-storm-sales-hold\/\"><em>BAT says clinical trials of Covid vaccine could begin within weeks<\/em><\/a>, The Telegraph, 31 juillet 2020, consult\u00e9 le 24 ao\u00fbt 2020<\/p>\n<p><a href=\"#_ftnref4\" name=\"_ftn4\">[4]<\/a> <a href=\"https:\/\/www.generationsanstabac.org\/?s=Afrique+du+Sud\">https:\/\/www.generationsanstabac.org\/?s=Afrique+du+Sud<\/a><\/p>\n<p><a href=\"#_ftnref5\" name=\"_ftn5\">[5]<\/a> <a href=\"https:\/\/www.generationsanstabac.org\/actualites\/afrique-du-sud-le-lobby-du-tabac-poursuit-sa-bataille-juridique-malgre-la-levee-de-linterdiction-de-la-vente\/\"><em>Afrique du Sud : Le lobby du tabac poursuit sa bataille juridique malgr\u00e9 la lev\u00e9e de l\u2019interdiction de la vente<\/em><\/a>, G\u00e9n\u00e9ration Sans Tabac, 18 ao\u00fbt 2020, consult\u00e9 le 24 ao\u00fbt 2020<\/p>\n<p><span style=\"color: #999999;\"><strong><a style=\"color: #999999;\" href=\"http:\/\/www.cnct.fr\/\" target=\"_blank\" rel=\"noopener noreferrer\">Comit\u00e9 National Contre le Tabagisme |<\/a><\/strong><\/span><\/p>\n","protected":false},"excerpt":{"rendered":"<p>STOP is an international monitoring organization that tracks tobacco industry interference in public policy. Since the start of the pandemic, the organization has noted a surge in industry activity in many countries around the world. This resurgence in the tobacco industry&#039;s presence is closely linked to the Covid-19 pandemic, which is allowing it to whitewash its image. This edition covers the months of July and August 2020.<\/p>","protected":false},"featured_media":10270,"template":"","tags":[],"thematique":[499,507],"class_list":["post-19989","actualites","type-actualites","status-publish","has-post-thumbnail","hentry","thematique-lobby","thematique-marketing-publicite"],"acf":[],"_links":{"self":[{"href":"https:\/\/www.generationsanstabac.org\/en\/wp-json\/wp\/v2\/actualites\/19989","targetHints":{"allow":["GET"]}}],"collection":[{"href":"https:\/\/www.generationsanstabac.org\/en\/wp-json\/wp\/v2\/actualites"}],"about":[{"href":"https:\/\/www.generationsanstabac.org\/en\/wp-json\/wp\/v2\/types\/actualites"}],"version-history":[{"count":0,"href":"https:\/\/www.generationsanstabac.org\/en\/wp-json\/wp\/v2\/actualites\/19989\/revisions"}],"wp:featuredmedia":[{"embeddable":true,"href":"https:\/\/www.generationsanstabac.org\/en\/wp-json\/wp\/v2\/media\/10270"}],"wp:attachment":[{"href":"https:\/\/www.generationsanstabac.org\/en\/wp-json\/wp\/v2\/media?parent=19989"}],"wp:term":[{"taxonomy":"post_tag","embeddable":true,"href":"https:\/\/www.generationsanstabac.org\/en\/wp-json\/wp\/v2\/tags?post=19989"},{"taxonomy":"thematique","embeddable":true,"href":"https:\/\/www.generationsanstabac.org\/en\/wp-json\/wp\/v2\/thematique?post=19989"}],"curies":[{"name":"wp","href":"https:\/\/api.w.org\/{rel}","templated":true}]}}