{"id":19981,"date":"2020-08-14T12:19:37","date_gmt":"2020-08-14T10:19:37","guid":{"rendered":"https:\/\/www.generationsanstabac.org\/actualites\/vapotage-facteur-risque-infection-covid-19-adolescents-jeunes-adultes\/"},"modified":"2020-08-14T12:19:37","modified_gmt":"2020-08-14T10:19:37","slug":"vapotage-facteur-risque-infection-covid-19-adolescents-jeunes-adultes","status":"publish","type":"actualites","link":"https:\/\/www.generationsanstabac.org\/en\/actualites\/vapotage-facteur-risque-infection-covid-19-adolescents-jeunes-adultes\/","title":{"rendered":"Vaping, a risk factor for COVID-19 infection in adolescents and young adults?"},"content":{"rendered":"<p style=\"text-align: justify;\"><em>Une r\u00e9cente \u00e9tude<a href=\"#_ftn1\" name=\"_ftnref1\"><strong>[1]<\/strong><\/a> (Stanford University School of Medicine) a observ\u00e9 aux Etats-Unis une fr\u00e9quence d\u2019infection par la COVID-19 cinq \u00e0 sept fois plus \u00e9lev\u00e9e chez les adolescents et  jeunes adultes  qui vapotent.<\/em><\/p>\n<p style=\"text-align: justify;\">Des enqu\u00eates en ligne men\u00e9es en mai aupr\u00e8s de 4 351 participants \u00e2g\u00e9s de 13 \u00e0 24 ans vivant dans tous les \u00e9tats et territoires am\u00e9ricains ont permis de former deux groupes aux profils identiques (\u00e2ge, sexe, origine g\u00e9ographique) \u00e0 l\u2019exception de l\u2019usage ou non de la cigarette \u00e9lectronique, \u00e9ventuellement associ\u00e9 \u00e0 celui de tabac fum\u00e9.<\/p>\n<p style=\"text-align: justify;\">Les jeunes qui avaient consomm\u00e9 des cigarettes \u00e9lectroniques au cours des 30 derniers jours avaient un test de d\u00e9pistage du covid 19 positif environ cinq fois plus souvent que ceux ne vapotant pas, et ceux qui avaient consomm\u00e9 \u00e0 la fois des cigarettes \u00e9lectroniques et des cigarettes conventionnelles au cours de la m\u00eame p\u00e9riode avaient un test positif pr\u00e8s de sept fois plus souvent.<\/p>\n<p style=\"text-align: justify;\">Cette recherche ne concerne pas la s\u00e9v\u00e9rit\u00e9 de la maladie covid 19, \u00e0 la diff\u00e9rence d\u2019autres \u00e9tudes ant\u00e9rieures<a href=\"#_ftn2\" name=\"_ftnref2\">[2]<\/a>&#8211;<a href=\"#_ftn3\" name=\"_ftnref3\">[3]<\/a> sugg\u00e9rant fortement que fumer du tabac augmente le risque de pr\u00e9senter une forme grave de la maladie, d\u00e8s lors que le fumeur est infect\u00e9 par le virus.<\/p>\n<p style=\"text-align: justify;\">A ce stade, aucune explication simple expliquant cette observation n\u2019est avanc\u00e9e, il est possible que les contacts r\u00e9p\u00e9t\u00e9s de la bouche et du visage en rapport avec le vapotage jouent un r\u00f4le. Les chercheurs de Stanford d\u00e9clarent que leurs observations devraient inciter la Food and Drug Administration (FDA) \u00e0 resserrer la r\u00e9glementation r\u00e9gissant la vente aux jeunes des produits de vapotage.<\/p>\n<p style=\"text-align: justify;\"><strong>Mots cl\u00e9s : Vapotage, Covid19, jeunes, sant\u00e9<\/strong><\/p>\n<p><span style=\"color: #800080;\"><a style=\"color: #800080;\" href=\"https:\/\/www.generationsanstabac.org\/\">\u00a9G\u00e9n\u00e9ration Sans Tabac<\/a><\/span><\/p>\n<hr \/>\n<p><a href=\"#_ftnref1\" name=\"_ftn1\">[1]<\/a> Shivani Mathur Gaiha, Ph.D ; Jing Cheng, Ph.D ; Bonnie Halpern-Fisher, Ph.D ; <a href=\"https:\/\/www.jahonline.org\/article\/S1054-139X(20)30399-2\/fulltext#secsectitle0075\"><em>Association Between Youth Smoking, Electronic Cigarette Use, and Coronavirus Disease 2019<\/em><\/a>, Journal of Adolescent Health, Etats-Unis, 11 ao\u00fbt 2020, DOI:https:\/\/doi.org\/10.1016\/j.jadohealth.2020.07.002<\/p>\n<p><a href=\"#_ftnref2\" name=\"_ftn2\">[2]<\/a> Yuan Liu, Zhi Ning et al, BiorXiv<em> , <\/em><a href=\"https:\/\/www.biorxiv.org\/content\/10.1101\/2020.03.08.982637v1\"><em>Aerodynamic Characteristics and RNA Concentration of SARS-CoV-2 Aerosol in Wuhan Hospitals during COVID-19 Outbreak,<\/em><\/a>, March 2020 <a href=\"https:\/\/www.biorxiv.org\/content\/10.1101\/2020.03.08.982637v1\">https:\/\/www.biorxiv.org\/content\/10.1101\/2020.03.08.982637v1<\/a>,<\/p>\n<p><a href=\"#_ftnref3\" name=\"_ftn3\">[3]<\/a> <a href=\"https:\/\/www.nejm.org\/doi\/full\/10.1056\/NEJMc2004973\"><em>Aerosol and surface stability of SARS-Cov-2 as compared with SARS-Cov-1,<\/em><\/a> Correspondence New England Journal of Medicine, March 2020, <a href=\"https:\/\/www.nejm.org\/doi\/full\/10.1056\/NEJMc2004973\">https:\/\/www.nejm.org\/doi\/full\/10.1056\/NEJMc2004973<\/a> .<\/p>\n<p><span style=\"color: #999999;\"><strong><a style=\"color: #999999;\" href=\"http:\/\/www.cnct.fr\/\" target=\"_blank\" rel=\"noopener noreferrer\">Comit\u00e9 National Contre le Tabagisme |<\/a><\/strong><\/span><\/p>\n","protected":false},"excerpt":{"rendered":"<p>A recent study (Stanford University School of Medicine) observed a five to seven times higher frequency of COVID-19 infection in the United States among adolescents and young adults who vape.<\/p>","protected":false},"featured_media":19935,"template":"","tags":[],"thematique":[516,474],"class_list":["post-19981","actualites","type-actualites","status-publish","has-post-thumbnail","hentry","thematique-nouveaux-produits","thematique-sante"],"acf":[],"_links":{"self":[{"href":"https:\/\/www.generationsanstabac.org\/en\/wp-json\/wp\/v2\/actualites\/19981","targetHints":{"allow":["GET"]}}],"collection":[{"href":"https:\/\/www.generationsanstabac.org\/en\/wp-json\/wp\/v2\/actualites"}],"about":[{"href":"https:\/\/www.generationsanstabac.org\/en\/wp-json\/wp\/v2\/types\/actualites"}],"version-history":[{"count":0,"href":"https:\/\/www.generationsanstabac.org\/en\/wp-json\/wp\/v2\/actualites\/19981\/revisions"}],"wp:featuredmedia":[{"embeddable":true,"href":"https:\/\/www.generationsanstabac.org\/en\/wp-json\/wp\/v2\/media\/19935"}],"wp:attachment":[{"href":"https:\/\/www.generationsanstabac.org\/en\/wp-json\/wp\/v2\/media?parent=19981"}],"wp:term":[{"taxonomy":"post_tag","embeddable":true,"href":"https:\/\/www.generationsanstabac.org\/en\/wp-json\/wp\/v2\/tags?post=19981"},{"taxonomy":"thematique","embeddable":true,"href":"https:\/\/www.generationsanstabac.org\/en\/wp-json\/wp\/v2\/thematique?post=19981"}],"curies":[{"name":"wp","href":"https:\/\/api.w.org\/{rel}","templated":true}]}}