{"id":19964,"date":"2020-07-30T08:07:53","date_gmt":"2020-07-30T06:07:53","guid":{"rendered":"https:\/\/www.generationsanstabac.org\/actualites\/covid-deux-fois-plus-de-risques-pour-les-fumeurs-et-vapoteurs\/"},"modified":"2020-07-30T08:07:53","modified_gmt":"2020-07-30T06:07:53","slug":"covid-deux-fois-plus-de-risques-pour-les-fumeurs-et-vapoteurs","status":"publish","type":"actualites","link":"https:\/\/www.generationsanstabac.org\/en\/actualites\/covid-deux-fois-plus-de-risques-pour-les-fumeurs-et-vapoteurs\/","title":{"rendered":"Covid. Twice the risk for smokers and vapers"},"content":{"rendered":"<p style=\"text-align: justify;\"><em>Selon une r\u00e9cente \u00e9tude, les fumeurs et vapoteurs ont davantage de risques de d\u00e9velopper des formes s\u00e9v\u00e8res de Covid-19<a href=\"#_ftn1\" name=\"_ftnref1\"><strong>[1]<\/strong><\/a>. Ces r\u00e9sultats font \u00e9cho \u00e0 un certain nombre d\u2019autres <\/em><a href=\"https:\/\/www.generationsanstabac.org\/actualites\/covid-19-et-tabagisme-letude-de-la-pitie-salpetriere-infirmee\/\"><em>rapports<\/em><\/a><em>, et mettent d\u00e9finitivement fin \u00e0 la croyance selon laquelle la nicotine aurait un effet protecteur sur les fumeurs. <\/em><\/p>\n<p style=\"text-align: justify;\">Des chercheurs de l\u2019Universit\u00e9 de Californie ont examin\u00e9 plus de 8000 personnes, \u00e2g\u00e9s de 18 \u00e0 25 ans afin de d\u00e9terminer quelle \u00e9tait leur vuln\u00e9rabilit\u00e9 \u00e0 une forme s\u00e9v\u00e8re de Covid-19 s\u00e9v\u00e8re. Les r\u00e9sultats montraient que pr\u00e8s d\u2019un tiers de cette population \u00e9taient m\u00e9dicalement susceptibles de d\u00e9velopper une forme s\u00e9v\u00e8re de coronavirus (32%). Toutefois, en retirant de l\u2019analyse les personnes d\u00e9clarant fumer ou vapoter, ce pourcentage a diminu\u00e9 de moiti\u00e9 (16%).<\/p>\n<p style=\"text-align: justify;\">Comme le souligne le Dr David Christiani, de la Harvard TH Chan School of Public Health, \u00ab <em>les produits du tabac provoquent une inflammation des voies respiratoires et affectent l\u2019immunit\u00e9 pulmonaire,  rendant les gens plus sensibles aux infections<\/em> \u00bb<a href=\"#_ftn2\" name=\"_ftnref2\">[2]<\/a>. De fait, loin d\u2019\u00eatre un vecteur de protection, la pratique du tabagisme ou du vapotage est associ\u00e9e \u00e0 une plus forte probabilit\u00e9 de progression du virus, augmente la gravit\u00e9 de la maladie, les risques d\u2019\u00eatre admis en soins intensifs ou de d\u00e9c\u00e8s.<\/p>\n<p style=\"text-align: justify;\">Dans sa conclusion, l\u2019\u00e9tude pointe l\u2019importance de la pr\u00e9vention pour faire r\u00e9duire les pratiques \u00e0 risque, notamment chez les jeunes. Des politiques de sant\u00e9 publiques efficaces ont le potentiel de r\u00e9duire la vuln\u00e9rabilit\u00e9 m\u00e9dicale \u00e0 la Covid-19 ainsi qu\u2019\u00e0 d&rsquo;autres probl\u00e8mes de sant\u00e9 graves, comme l\u2019ob\u00e9sit\u00e9.<\/p>\n<p><span style=\"color: #800080;\"><a style=\"color: #800080;\" href=\"https:\/\/www.generationsanstabac.org\/\">\u00a9G\u00e9n\u00e9ration Sans Tabac<\/a><\/span><\/p>\n<hr \/>\n<p><a href=\"#_ftnref1\" name=\"_ftn1\">[1]<\/a> Journal Of Adolescent Health, <em><a href=\"https:\/\/www.jahonline.org\/article\/S1054-139X(20)30338-4\/fulltext\">Medical Vulnerability of Young Adults to Severe COVID-19 Illness\u2014Data From the National Health Interview Survey <\/a><\/em>, 13 juillet 2020<\/p>\n<p><a href=\"#_ftnref2\" name=\"_ftn2\">[2]<\/a> The Guardian, <em><a href=\"https:\/\/www.theguardian.com\/us-news\/2020\/jul\/24\/coronavirus-smoking-cigarettes-danger-covid-19\">Why smokers and vapers \u2013 and those around them \u2013 may face higher Covid-19 danger<\/a><\/em>, 24 juillet<\/p>\n<p><span style=\"color: #999999;\"><strong><a style=\"color: #999999;\" href=\"http:\/\/www.cnct.fr\/\" target=\"_blank\" rel=\"noopener noreferrer\">Comit\u00e9 National Contre le Tabagisme |<\/a><\/strong><\/span><\/p>\n","protected":false},"excerpt":{"rendered":"<p>According to a recent study, smokers and vapers are at greater risk of developing severe forms of Covid-19. These findings echo several other reports and definitively dispel the belief that nicotine has a protective effect on smokers.<\/p>","protected":false},"featured_media":19965,"template":"","tags":[],"thematique":[474],"class_list":["post-19964","actualites","type-actualites","status-publish","has-post-thumbnail","hentry","thematique-sante"],"acf":[],"_links":{"self":[{"href":"https:\/\/www.generationsanstabac.org\/en\/wp-json\/wp\/v2\/actualites\/19964","targetHints":{"allow":["GET"]}}],"collection":[{"href":"https:\/\/www.generationsanstabac.org\/en\/wp-json\/wp\/v2\/actualites"}],"about":[{"href":"https:\/\/www.generationsanstabac.org\/en\/wp-json\/wp\/v2\/types\/actualites"}],"version-history":[{"count":0,"href":"https:\/\/www.generationsanstabac.org\/en\/wp-json\/wp\/v2\/actualites\/19964\/revisions"}],"wp:featuredmedia":[{"embeddable":true,"href":"https:\/\/www.generationsanstabac.org\/en\/wp-json\/wp\/v2\/media\/19965"}],"wp:attachment":[{"href":"https:\/\/www.generationsanstabac.org\/en\/wp-json\/wp\/v2\/media?parent=19964"}],"wp:term":[{"taxonomy":"post_tag","embeddable":true,"href":"https:\/\/www.generationsanstabac.org\/en\/wp-json\/wp\/v2\/tags?post=19964"},{"taxonomy":"thematique","embeddable":true,"href":"https:\/\/www.generationsanstabac.org\/en\/wp-json\/wp\/v2\/thematique?post=19964"}],"curies":[{"name":"wp","href":"https:\/\/api.w.org\/{rel}","templated":true}]}}