{"id":19952,"date":"2020-07-21T19:09:33","date_gmt":"2020-07-21T17:09:33","guid":{"rendered":"https:\/\/www.generationsanstabac.org\/actualites\/la-colombie-peine-a-faire-appliquer-les-lois-antitabac\/"},"modified":"2020-07-21T19:09:33","modified_gmt":"2020-07-21T17:09:33","slug":"la-colombie-peine-a-faire-appliquer-les-lois-antitabac","status":"publish","type":"actualites","link":"https:\/\/www.generationsanstabac.org\/en\/actualites\/la-colombie-peine-a-faire-appliquer-les-lois-antitabac\/","title":{"rendered":"Colombia struggles to enforce anti-smoking laws"},"content":{"rendered":"<p><em>Si la multiplication de dispositions l\u00e9gales en Colombie est notable, il convient tout de m\u00eame de s&rsquo;int\u00e9resser \u00e0 leur application. Dans les faits, on constate diverses difficult\u00e9s qui impactent n\u00e9gativement la port\u00e9e de l&rsquo;engagement \u00e9tatique<\/em><strong><em>.<\/em><\/strong><\/p>\n<p style=\"text-align: justify;\">En 2008, la Colombie ratifiait la Convention cadre de l\u2019OMS pour la lutte antitabac (CCLAT). Presque 10 ans apr\u00e8s, en 2017, l\u2019Organisation mondiale de la sant\u00e9 (OMS) r\u00e9compensait l&rsquo;engagement du pays\u202fdans la lutte antitabac et soulignait par-l\u00e0 la qualit\u00e9 des efforts fournis. Cependant, si ces efforts m\u00e9ritent d&rsquo;\u00eatre salu\u00e9s mondialement, leur concr\u00e9tisation n&rsquo;est pas n\u00e9cessairement au rendez-vous. Dans les faits, la Colombie peine \u00e0 assurer la bonne application de ses lois antitabac, sur l&rsquo;ensemble du territoire<em>.<\/em><\/p>\n<h2>La Colombie, meilleure \u00e9l\u00e8ve dans la pr\u00e9valence tabagique<\/h2>\n<p style=\"text-align: justify;\">En juillet 2009, la Colombie promulgue <a href=\"https:\/\/www.alcaldiabogota.gov.co\/sisjur\/normas\/Norma1.jsp?i=36878\">la loi 1335<\/a> antitabac avec pour but de prot\u00e9ger la sant\u00e9 des mineurs. Cette loi a notamment permis d\u2019instaurer sur tout le territoire colombien, l\u2019interdiction de fumer dans tous les lieux ferm\u00e9s accueillant du public, \u00e0 l\u2019instar des bars, discoth\u00e8ques, restaurants, avec la possibilit\u00e9 d\u2019installer des fumoirs pour la client\u00e8le fumeuse.<\/p>\n<p style=\"text-align: justify;\">Dans les chiffres, la pr\u00e9valence tabagique qui s\u2019\u00e9l\u00e8ve \u00e0 16% en Colombie est l\u00e9g\u00e8rement en dessous de la moyenne mondiale (20%) et m\u00eame en dessous de la pr\u00e9valence fran\u00e7aise (24%). De plus, le nombre de cigarettes consomm\u00e9es par habitant et par an est de 359 en Colombie, quand il s\u2019\u00e9l\u00e8ve \u00e0 2 353 en Belgique et 1 634 en Suisse.<\/p>\n<p style=\"text-align: justify;\">Si la Colombie poss\u00e8de une loi compl\u00e8te et encourageante dans la lutte antitabac, il existe encore de nombreux obstacles dans son application.<\/p>\n<h2>La bonne application des dispositions l\u00e9gislatives est encore frein\u00e9e<\/h2>\n<p style=\"text-align: justify;\">Depuis 2011, toute publicit\u00e9 et parrainage par les marques de cigarettes par quelque moyen que ce soit est prohib\u00e9. Les marques ou leurs partenaires ne peuvent pas sponsoriser des \u00e9v\u00e8nements culturels ou sportifs. Cependant les industriels du tabac trouvent des moyens de contourner les lois pour promouvoir leurs produits par du marketing de rue.<\/p>\n<p style=\"text-align: justify;\">La loi 1335\u202finterdit \u00e9galement la vente \u00e0 l\u2019unit\u00e9. Les marques se sont adapt\u00e9es en proposant des demi-paquets. Et les vendeurs ambulants continuent de vendre les cigarettes \u00e0 la pi\u00e8ce.<\/p>\n<p style=\"text-align: justify;\">En plus de probl\u00e8me de sant\u00e9 publique, le tabac cause un v\u00e9ritable probl\u00e8me environnemental \u00e0 Bogota, la capitale. En effet, ce sont pr\u00e8s de 720 millions de m\u00e9gots qui sont jet\u00e9s chaque ann\u00e9e dans les rues, dont plusieurs millions finissent dans l\u2019oc\u00e9an Atlantique. Une partie de ces m\u00e9gots se retrouvent \u00e9galement dans les eaux des zones humides de Bogot\u00e1. Confondus avec des aliments, ils sont consomm\u00e9s par les animaux vivant dans cet environnement.<\/p>\n<p>&nbsp;<\/p>\n<p><span style=\"color: #666699;\"><a style=\"color: #666699;\" href=\"https:\/\/www.generationsanstabac.org\/\">\u00a9G\u00e9n\u00e9ration Sans Tabac<\/a><\/span><\/p>\n<p>&nbsp;<\/p>\n<p>[1]<em><a href=\"https:\/\/www.who.int\/fctc\/implementation\/news\/col\/fr\/\" target=\"_blank\" rel=\"noopener noreferrer\"> Colombie &#8211; Entr\u00e9e en vigueur des nouvelles mesures antitabac<\/a>, OMS (juillet 2011 &#8211; consult\u00e9 le 20 juillet 2020).<\/em><\/p>\n<p>[2] <a href=\"http:\/\/mapecology.ma\/actualites\/colombie-megots-de-cigarettes-jetes-voie-publique-representent-veritable-probleme-environnemental\/\" target=\"_blank\" rel=\"noopener noreferrer\"><em>Colombie: les m\u00e9gots de cigarettes jet\u00e9s sur la voie publique repr\u00e9sentent un v\u00e9ritable probl\u00e8me environnemental<\/em><\/a>, Map Ecology (Rabat : 15 juillet 2020 &#8211; consult\u00e9 le 20 juillet 2020).<\/p>\n<p>[3] <a href=\"https:\/\/vivreencolombie.co\/tabagisme-en-colombie\/\" target=\"_blank\" rel=\"noopener noreferrer\"><em>Le tabagisme en Colombie<\/em><\/a>, Vivre en Colombie (4 janvier 2018 &#8211; consult\u00e9 le 21 juillet 2020).<\/p>\n<p><span style=\"color: #e8e8e8;\"><strong><a style=\"color: #e8e8e8;\" href=\"http:\/\/dnf.asso.fr\/\/\" target=\"_blank\" rel=\"noopener noreferrer\">DNF &#8211; Pour un Monde ZeroTabac | AMK<\/a><\/strong><\/span><\/p>\n","protected":false},"excerpt":{"rendered":"<p>While the proliferation of legal provisions in Colombia is notable, it is nonetheless worth paying attention to their implementation. In practice, there are various difficulties that negatively impact the scope of state commitment.<\/p>","protected":false},"featured_media":19953,"template":"","tags":[],"thematique":[491],"class_list":["post-19952","actualites","type-actualites","status-publish","has-post-thumbnail","hentry","thematique-politiques-publiques"],"acf":[],"_links":{"self":[{"href":"https:\/\/www.generationsanstabac.org\/en\/wp-json\/wp\/v2\/actualites\/19952","targetHints":{"allow":["GET"]}}],"collection":[{"href":"https:\/\/www.generationsanstabac.org\/en\/wp-json\/wp\/v2\/actualites"}],"about":[{"href":"https:\/\/www.generationsanstabac.org\/en\/wp-json\/wp\/v2\/types\/actualites"}],"version-history":[{"count":0,"href":"https:\/\/www.generationsanstabac.org\/en\/wp-json\/wp\/v2\/actualites\/19952\/revisions"}],"wp:featuredmedia":[{"embeddable":true,"href":"https:\/\/www.generationsanstabac.org\/en\/wp-json\/wp\/v2\/media\/19953"}],"wp:attachment":[{"href":"https:\/\/www.generationsanstabac.org\/en\/wp-json\/wp\/v2\/media?parent=19952"}],"wp:term":[{"taxonomy":"post_tag","embeddable":true,"href":"https:\/\/www.generationsanstabac.org\/en\/wp-json\/wp\/v2\/tags?post=19952"},{"taxonomy":"thematique","embeddable":true,"href":"https:\/\/www.generationsanstabac.org\/en\/wp-json\/wp\/v2\/thematique?post=19952"}],"curies":[{"name":"wp","href":"https:\/\/api.w.org\/{rel}","templated":true}]}}