{"id":19946,"date":"2020-07-21T08:19:59","date_gmt":"2020-07-21T06:19:59","guid":{"rendered":"https:\/\/www.generationsanstabac.org\/actualites\/augmentation-de-la-consommation-de-tabac-a-la-sortie-du-confinement-quen-penser\/"},"modified":"2020-07-21T08:19:59","modified_gmt":"2020-07-21T06:19:59","slug":"augmentation-de-la-consommation-de-tabac-a-la-sortie-du-confinement-quen-penser","status":"publish","type":"actualites","link":"https:\/\/www.generationsanstabac.org\/en\/actualites\/augmentation-de-la-consommation-de-tabac-a-la-sortie-du-confinement-quen-penser\/","title":{"rendered":"Increase in tobacco consumption after lockdown, what do you think?"},"content":{"rendered":"<p><em>Tous les mois, se fondant sur les donn\u00e9es du principal distributeur de tabac en France (Logista), la Direction g\u00e9n\u00e9rale des douanes et droits indirects (DGDDI) publie l\u2019\u00e9volution des ventes de tabac en France continentale et en Corse. L\u2019augmentation des ventes constat\u00e9e en juin est alarmante. Pour autant, il convient d\u2019\u00eatre prudent dans son analyse.<\/em><\/p>\n<h2>Des donn\u00e9es alarmantes pour juin 2020<\/h2>\n<p style=\"text-align: justify;\">Si l\u2019on a pu se r\u00e9jouir de constater des baisses r\u00e9guli\u00e8res dans les ventes de tabac ces derniers mois, les donn\u00e9es de juin 2020 alarment. En effet, les ventes en France continentale connaissent une forte hausse par rapport aux donn\u00e9es de juin 2019, de surcroit constat\u00e9e pour tous les types de produits du tabac :<\/p>\n<p style=\"text-align: justify;\">+ 13.34% pour les cigarettes\u202f;<\/p>\n<p style=\"text-align: justify;\">+ 28.63% pour le tabac \u00e0 rouler\u202f;<\/p>\n<p style=\"text-align: justify;\">+ 71.01% pour les \u00ab\u202fautres tabacs \u00e0 fumer\u202f\u00bb correspondant notamment au tabac \u00e0 chicha et au tabac chauff\u00e9\u202f;<\/p>\n<p style=\"text-align: justify;\">+ 14.36% pour le tabac \u00e0 priser\u202f;<\/p>\n<p style=\"text-align: justify;\">+ 69.48% pour le tabac \u00e0 m\u00e2cher.<\/p>\n<p style=\"text-align: justify;\">Loin de voir reculer le tabagisme au sein de sa population, au vu de ces donn\u00e9es, la France assiste aujourd\u2019hui au d\u00e9veloppement de nouvelles consommations, qui ne sont en r\u00e9alit\u00e9 pas sans risque pour la sant\u00e9.<\/p>\n<p>&nbsp;<\/p>\n<h2>Attention aux conclusions h\u00e2tives\u202f!<\/h2>\n<p style=\"text-align: justify;\">L\u2019inqui\u00e9tante augmentation des ventes de tabac sur la p\u00e9riode de juin 2020, ne serait pas sans lien avec les circonstances particuli\u00e8res du confinement, et surtout du d\u00e9confinement. Si provisions et r\u00e9serves ont \u00e9t\u00e9 les mots d\u2019ordre du confinement national pour la plupart des Fran\u00e7ais, r\u00e9approvisionnement pourrait \u00eatre celui du d\u00e9confinement. La hausse des ventes constat\u00e9e le mois dernier pourrait donc \u00eatre li\u00e9e \u00e0 une modification ponctuelle des habitudes des consommateurs.<\/p>\n<p style=\"text-align: justify;\">En outre, Logista pr\u00e9cise que le nombre de jours de livraison a diff\u00e9r\u00e9 entre 2019 et 2020. En juin 2020, 2 jours suppl\u00e9mentaires de livraison (21) par rapport \u00e0 2019 (19) participeraient donc aussi \u00e0 expliquer ces variations.<\/p>\n<p style=\"text-align: justify;\">Une confirmation int\u00e9ressante cependant\u202f: La forte r\u00e9duction des achats transfrontaliers constat\u00e9e pendant le confinement et qui s\u2019\u00e9tait traduite par une embellie des ventes chez les buralistes n\u2019avait pas eu d\u2019incidence sur les ventes nationales rest\u00e9es en r\u00e9gression. Il semblerait qu\u2019\u00e0 l\u2019inverse, la reprise des achats transfrontaliers et la r\u00e9duction des ventes des buralistes frontaliers n\u2019ait pas eu d\u2019incidence sur les ventes \u00e0 l\u2019\u00e9chelle nationales.<\/p>\n<p style=\"text-align: justify;\">Les effets de la politique de taxation restent encore tr\u00e8s positifs puisque la comparaison pour 12 mois (7\/2019 \u00e0 6\/2020 compar\u00e9 \u00e0 7\/2018 \u00e0 6\/2019) fait apparaitre une r\u00e9gression de -6% des ventes.<\/p>\n<p style=\"text-align: justify;\">Les chiffres du mois de juillet devraient pouvoir confirmer que cette alerte n\u2019\u00e9tait que le fruit d\u2019un concours de circonstances.<\/p>\n<p>&nbsp;<\/p>\n<h2>O\u00f9 est le danger pour la sant\u00e9 publique\u202f?<\/h2>\n<p style=\"text-align: justify;\">Plus alarmante est cependant la constance de la tr\u00e8s forte augmentation de la cat\u00e9gorie des \u00ab\u202fautres produits du tabac\u202f\u00bb qui regroupe notamment le tabac \u00e0 pipe, le tabac \u00e0 chicha et les cartouches de tabac chauff\u00e9. En effet, la pipe n\u2019est plus gu\u00e8re utilis\u00e9e et le tabac \u00e0 chicha \u00e9chappe presque totalement \u00e0 la distribution l\u00e9gale\u202f; ne reste donc que le tabac chauff\u00e9 dont la communaut\u00e9 scientifique fait beaucoup plus \u00e9tat en termes de nocivit\u00e9 qu\u2019en termes d\u2019aide au sevrage tabagique.<\/p>\n<p style=\"text-align: justify;\">Un gros pourcentage d\u2019augmentation sur une tr\u00e8s faible partie des produits du tabac consomm\u00e9s ne repr\u00e9sente certes pas une modification profonde des habitudes. La vigilance des pouvoirs publics et du l\u00e9gislateur n\u2019en demeure pas moins n\u00e9cessaire tant en termes \u00e9conomiques que sanitaires. L\u2019industrie du tabac n\u2019a jamais abandonn\u00e9 l\u2019id\u00e9e de maintenir sa client\u00e8le enferm\u00e9e dans la d\u00e9pendance \u00e0 ses produits mortels, m\u00eame si elle a fait souvent illusion en proposant de participer \u00e0 sa propre destruction.<\/p>\n<p><span style=\"color: #666699;\"><a style=\"color: #666699;\" href=\"https:\/\/www.generationsanstabac.org\/\">\u00a9G\u00e9n\u00e9ration Sans Tabac<\/a><\/span><\/p>\n<hr \/>\n<p>[1] <a href=\"https:\/\/www.douane.gouv.fr\/actualites\/ventes-de-tabacs-en-france\" target=\"_blank\" rel=\"noopener noreferrer\"><em>Les ventes de tabacs en juin 2020<\/em><\/a> (15 juillet 2020 &#8211; consult\u00e9 le 21 juillet 2020).<\/p>\n<p>[2] <a href=\"https:\/\/www.douane.gouv.fr\/la-douane\/opendata\/categories\/tabacs-manufactures\" target=\"_blank\" rel=\"noopener noreferrer\"><em>Tabacs manufactur\u00e9s<\/em><\/a> (consult\u00e9 le 21 juillet 2020).<\/p>\n<p><span style=\"color: #e8e8e8;\"><strong><a style=\"color: #e8e8e8;\" href=\"http:\/\/dnf.asso.fr\/\/\" target=\"_blank\" rel=\"noopener noreferrer\">DNF &#8211; Pour un Monde ZeroTabac | MT<\/a><\/strong><\/span><\/p>\n","protected":false},"excerpt":{"rendered":"<p>Every month, based on data from France&#039;s leading tobacco distributor (Logista), the General Directorate of Customs and Indirect Taxes (DGDDI) publishes the evolution of tobacco sales in mainland France and Corsica. The increase in sales observed in June is alarming. However, caution is advised in its analysis.<\/p>","protected":false},"featured_media":10043,"template":"","tags":[],"thematique":[474],"class_list":["post-19946","actualites","type-actualites","status-publish","has-post-thumbnail","hentry","thematique-sante"],"acf":[],"_links":{"self":[{"href":"https:\/\/www.generationsanstabac.org\/en\/wp-json\/wp\/v2\/actualites\/19946","targetHints":{"allow":["GET"]}}],"collection":[{"href":"https:\/\/www.generationsanstabac.org\/en\/wp-json\/wp\/v2\/actualites"}],"about":[{"href":"https:\/\/www.generationsanstabac.org\/en\/wp-json\/wp\/v2\/types\/actualites"}],"version-history":[{"count":0,"href":"https:\/\/www.generationsanstabac.org\/en\/wp-json\/wp\/v2\/actualites\/19946\/revisions"}],"wp:featuredmedia":[{"embeddable":true,"href":"https:\/\/www.generationsanstabac.org\/en\/wp-json\/wp\/v2\/media\/10043"}],"wp:attachment":[{"href":"https:\/\/www.generationsanstabac.org\/en\/wp-json\/wp\/v2\/media?parent=19946"}],"wp:term":[{"taxonomy":"post_tag","embeddable":true,"href":"https:\/\/www.generationsanstabac.org\/en\/wp-json\/wp\/v2\/tags?post=19946"},{"taxonomy":"thematique","embeddable":true,"href":"https:\/\/www.generationsanstabac.org\/en\/wp-json\/wp\/v2\/thematique?post=19946"}],"curies":[{"name":"wp","href":"https:\/\/api.w.org\/{rel}","templated":true}]}}