{"id":19943,"date":"2020-07-20T13:02:07","date_gmt":"2020-07-20T11:02:07","guid":{"rendered":"https:\/\/www.generationsanstabac.org\/actualites\/armenie-recoit-le-soutien-de-la-cooperation-internationale-pour-lutter-contre-le-tabagisme\/"},"modified":"2020-07-20T13:02:07","modified_gmt":"2020-07-20T11:02:07","slug":"armenie-recoit-le-soutien-de-la-cooperation-internationale-pour-lutter-contre-le-tabagisme","status":"publish","type":"actualites","link":"https:\/\/www.generationsanstabac.org\/en\/actualites\/armenie-recoit-le-soutien-de-la-cooperation-internationale-pour-lutter-contre-le-tabagisme\/","title":{"rendered":"Armenia receives support from international cooperation to combat smoking"},"content":{"rendered":"<p style=\"text-align: justify;\"><em>L&rsquo;Arm\u00e9nie a \u00e9t\u00e9 s\u00e9lectionn\u00e9e avec huit autres pays pour recevoir le soutien de l\u2019Organisation Mondiale de la Sant\u00e9<a href=\"#_ftn1\" name=\"_ftnref1\"><strong>[1]<\/strong><\/a>  (OMS) dans le but de renforcer l\u2019application de la Convention-cadre de l&rsquo;OMS pour la lutte antitabac (CCLAT) dans le pays \u00e0 travers le programme FCTC 2030. <\/em><\/p>\n<p style=\"text-align: justify;\"><strong>La CCLAT pour atteindre les objectifs de d\u00e9veloppement durable<\/strong><\/p>\n<p style=\"text-align: justify;\">La CCLAT est reconnue comme l&rsquo;un des \u00ab<strong><em>moyens de mise en \u0153uvre<\/em><\/strong>\u00bb pour atteindre l&rsquo;objectif global de sant\u00e9 (ODD 3) et plus sp\u00e9cifiquement l\u2019objectif sur les maladies non transmissibles (MNT) qui est de r\u00e9duire d\u2019un tiers, par la pr\u00e9vention et le traitement, le taux de mortalit\u00e9 pr\u00e9matur\u00e9e due \u00e0 des maladies non transmissibles et promouvoir la sant\u00e9 mentale et le bien-\u00eatre d\u2019ici 2030.<a href=\"#_ftn2\" name=\"_ftnref2\">[2]<\/a><\/p>\n<p style=\"text-align: justify;\">Le projet FCTC 2030 a pour objectif d&rsquo;aider 24 pays \u00e0 revenu faible ou interm\u00e9diaire \u00e0 atteindre l\u2019objectif de sant\u00e9 \u00e0 travers la mise en \u0153uvre des obligations contract\u00e9es dans le cadre de la CCLAT<a href=\"#_ftn3\" name=\"_ftnref3\">[3]<\/a>, renfor\u00e7ant les taxes et am\u00e9liorant la gouvernance de la lutte antitabac<\/p>\n<p style=\"text-align: justify;\">Le projet sert de catalyseur \u00e0 l&rsquo;action des pays s\u00e9lectionn\u00e9s pour atteindre les objectifs du Programme 2030 en mati\u00e8re de sant\u00e9 et de d\u00e9veloppement durable. Initialement sur une dur\u00e9e de 5 ans (2017 \u2013 2021), les contributions financi\u00e8res additionnelles de la Norv\u00e8ge et de l\u2019Australie ont permis d\u2019\u00e9tendre le projet \u00e0 9 nouveaux pays. L&rsquo;appui comprend des conseils d&rsquo;experts, une assistance technique et un soutien par les pairs pour renforcer le programme de travail des pays sur la lutte antitabac.<\/p>\n<p style=\"text-align: justify;\"><strong>Adoption d\u2019une l\u00e9gislation de lutte contre le tabagisme en Arm\u00e9nie<\/strong><\/p>\n<p style=\"text-align: justify;\">Pour l\u2019Arm\u00e9nie, cette aide de l&rsquo;organisation et de la coop\u00e9ration internationale fait partie de la phase 2 du projet FCTC 2030, qui a d\u00e9j\u00e0 \u00e9t\u00e9 mis en oeuvre dans 15 autres pays au cours de sa premi\u00e8re partie depuis avril 2017<a href=\"#_ftn4\" name=\"_ftnref4\">[4]<\/a>. Se f\u00e9licitant de ce programme, le ministre arm\u00e9nien de la Sant\u00e9, Arsen Torosyan, a d\u00e9clar\u00e9: \u00ab<em>Le gouvernement est d\u00e9termin\u00e9 \u00e0 prot\u00e9ger la sant\u00e9 du peuple arm\u00e9nien. Nous devons informer notre population de la toxicit\u00e9 de cette pratique n\u00e9faste et aider ceux qui en d\u00e9pendent \u00e0 arr\u00eater de fumer<\/em>. \u00bb<\/p>\n<p style=\"text-align: justify;\">Le Parlement arm\u00e9nien a vot\u00e9, le 11 f\u00e9vrier 2020<a href=\"#_ftn5\" name=\"_ftnref5\">[5]<\/a> un projet de loi de lutte contre le tabagisme interdisant de fumer dans les lieux \u00e0 usage collectif y compris de convivialit\u00e9 : bars, restaurants, les lieux de travail et autres lieux publics ainsi que les transports publics. Toute violation sera passible d&rsquo;une forte amende. La l\u00e9gislation interdit \u00e9galement totalement la publicit\u00e9, le parrainage et la promotion des produits du tabac. A partir de 2022, des avertissements sanitaires devront couvrir au moins 50% des surfaces principales des emballages de paquets de cigarettes.<\/p>\n<p style=\"text-align: justify;\">Un quart de la population arm\u00e9nienne (15 ans et plus) consomme des produits du tabac (24,4%) et plus de la moiti\u00e9 des hommes arm\u00e9niens adultes (15 ans et plus) sont fumeurs (52,5%). Le tabagisme chez les hommes est parmi les plus \u00e9lev\u00e9s de la R\u00e9gion europ\u00e9enne de l&rsquo;OMS<a href=\"#_ftn6\" name=\"_ftnref6\">[6]<\/a>. Quant au tabagisme passif, environ un tiers (26,6%) des Arm\u00e9niens restent expos\u00e9s \u00e0 la fum\u00e9e secondaire au travail et plus de la moiti\u00e9 (56,4%) \u00e0 la maison.<\/p>\n<p><span style=\"color: #800080;\"><a style=\"color: #800080;\" href=\"https:\/\/www.generationsanstabac.org\/\">\u00a9G\u00e9n\u00e9ration Sans Tabac<\/a><\/span><\/p>\n<hr \/>\n<p>&nbsp;<\/p>\n<p><a href=\"#_ftnref1\" name=\"_ftn1\">[1]<\/a> <a href=\"https:\/\/www.who.int\/fctc\/mediacentre\/press-release\/armenia-fctc-2030-launched\/fr\/\">https:\/\/www.who.int\/fctc\/mediacentre\/press-release\/armenia-fctc-2030-launched\/fr\/<\/a><\/p>\n<p><a href=\"#_ftnref2\" name=\"_ftn2\">[2]<\/a> <a href=\"https:\/\/www.who.int\/topics\/sustainable-development-goals\/targets\/fr\/\">https:\/\/www.who.int\/topics\/sustainable-development-goals\/targets\/fr\/<\/a><\/p>\n<p><a href=\"#_ftnref3\" name=\"_ftn3\">[3]<\/a> <a href=\"https:\/\/www.generationsanstabac.org\/application-de-la-cclat-par-les-parties\/\">https:\/\/www.generationsanstabac.org\/application-de-la-cclat-par-les-parties\/<\/a><\/p>\n<p><a href=\"#_ftnref4\" name=\"_ftn4\">[4]<\/a> Cap-Vert, Cambodge, Colombie, \u00c9gypte, El Salvador, G\u00e9orgie, Jordanie, Madagascar, Myanmar, N\u00e9pal, Samoa, Sierra Leone; Sri Lanka, Tchad et Zambie. <a href=\"https:\/\/untobaccocontrol.org\/kh\/taxation\/faq\/\">https:\/\/untobaccocontrol.org\/kh\/taxation\/faq\/<\/a><\/p>\n<p><a href=\"#_ftnref5\" name=\"_ftn5\">[5]<\/a> <a href=\"https:\/\/jam-news.net\/armenia-passes-strict-anti-smoking-laws-in-public-places\/\">https:\/\/jam-news.net\/armenia-passes-strict-anti-smoking-laws-in-public-places\/<\/a><\/p>\n<p><a href=\"#_ftnref6\" name=\"_ftn6\">[6]<\/a> <a href=\"https:\/\/www.theunion.org\/news-centre\/news\/armenian-parliament-approves-new-tobacco-control-law\">https:\/\/www.theunion.org\/news-centre\/news\/armenian-parliament-approves-new-tobacco-control-law<\/a><\/p>\n<p><span style=\"color: #999999;\"><strong><a style=\"color: #999999;\" href=\"http:\/\/www.cnct.fr\/\" target=\"_blank\" rel=\"noopener noreferrer\">\u00a9Comit\u00e9 National Contre le Tabagisme |<\/a><\/strong><\/span><\/p>\n","protected":false},"excerpt":{"rendered":"<p>Armenia has been selected along with eight other countries to receive support from the World Health Organization (WHO) to strengthen the implementation of the WHO Framework Convention on Tobacco Control (FCTC) in the country through the FCTC 2030 Agenda.<\/p>","protected":false},"featured_media":19944,"template":"","tags":[],"thematique":[491],"class_list":["post-19943","actualites","type-actualites","status-publish","has-post-thumbnail","hentry","thematique-politiques-publiques"],"acf":[],"_links":{"self":[{"href":"https:\/\/www.generationsanstabac.org\/en\/wp-json\/wp\/v2\/actualites\/19943","targetHints":{"allow":["GET"]}}],"collection":[{"href":"https:\/\/www.generationsanstabac.org\/en\/wp-json\/wp\/v2\/actualites"}],"about":[{"href":"https:\/\/www.generationsanstabac.org\/en\/wp-json\/wp\/v2\/types\/actualites"}],"version-history":[{"count":0,"href":"https:\/\/www.generationsanstabac.org\/en\/wp-json\/wp\/v2\/actualites\/19943\/revisions"}],"wp:featuredmedia":[{"embeddable":true,"href":"https:\/\/www.generationsanstabac.org\/en\/wp-json\/wp\/v2\/media\/19944"}],"wp:attachment":[{"href":"https:\/\/www.generationsanstabac.org\/en\/wp-json\/wp\/v2\/media?parent=19943"}],"wp:term":[{"taxonomy":"post_tag","embeddable":true,"href":"https:\/\/www.generationsanstabac.org\/en\/wp-json\/wp\/v2\/tags?post=19943"},{"taxonomy":"thematique","embeddable":true,"href":"https:\/\/www.generationsanstabac.org\/en\/wp-json\/wp\/v2\/thematique?post=19943"}],"curies":[{"name":"wp","href":"https:\/\/api.w.org\/{rel}","templated":true}]}}