{"id":19938,"date":"2020-07-18T11:32:46","date_gmt":"2020-07-18T09:32:46","guid":{"rendered":"https:\/\/www.generationsanstabac.org\/actualites\/dernier-avertissement-pour-lindustrie-polluante-du-tabac\/"},"modified":"2020-07-18T11:32:46","modified_gmt":"2020-07-18T09:32:46","slug":"dernier-avertissement-pour-lindustrie-polluante-du-tabac","status":"publish","type":"actualites","link":"https:\/\/www.generationsanstabac.org\/en\/actualites\/dernier-avertissement-pour-lindustrie-polluante-du-tabac\/","title":{"rendered":"Final warning for the polluting tobacco industry"},"content":{"rendered":"<p><em>Le 8 juillet dernier, Rebecca Pow, la sous-secr\u00e9taire d\u2019\u00c9tat parlementaire au Minist\u00e8re britannique de l\u2019environnement, de l\u2019alimentation et des affaires rurales depuis septembre 2019<a href=\"https:\/\/www.gov.uk\/government\/people\/rebecca-pow\">[1]<\/a>, enjoignait l\u2019industrie du tabac \u00e0 prendre ses responsabilit\u00e9s dans la r\u00e9duction de la pollution par les m\u00e9gots de cigarettes<\/em>.<\/p>\n<h2>La passivit\u00e9 d\u00e9concertante de l\u2019industrie du tabac face \u00e0 la principale source de d\u00e9chets du pays<\/h2>\n<p style=\"text-align: justify;\">Sur la table depuis 2015, la demande faite aux industriels du tabac de participer \u00e0 l\u2019effort national de d\u00e9pollution des m\u00e9gots et paquets de cigarettes en est toujours au m\u00eame point, \u00e0 savoir nulle part. En 2015, le Comit\u00e9 restreint des collectivit\u00e9s et des gouvernements locaux (CLG Committee) d\u00e9plorait que les d\u00e9chets de cigarettes soient en t\u00eate du classement des articles les plus r\u00e9pandus (72,8% en 2015<a href=\"https:\/\/resource.co\/article\/national-kbt-survey-notes-rise-fast-food-litter-10740\">[2]<\/a>). En cons\u00e9quence, le CLG Committee formulait des recommandations visant \u00e0 r\u00e9duire la quantit\u00e9 de d\u00e9chets ainsi qu\u2019\u00e0 sensibiliser le grand public sur le co\u00fbt engendr\u00e9 par ces d\u00e9tritus<a href=\"https:\/\/resource.co\/article\/tobacco-levies-should-help-pay-street-cleaning-9931\">[3]<\/a>.<\/p>\n<p style=\"text-align: justify;\">A l\u2019\u00e9poque, les industriels du tabac tels que British American Tobacco UK, Gallaher et Imperial Tobacco se cachaient derri\u00e8re l\u2019article 5.3 de la Convention-cadre de l\u2019OMS pour la lutte antitabac (CCLAT) dont l\u2019objet est la protection des politiques de sant\u00e9 publiques contre l\u2019ing\u00e9rence de l\u2019industrie du tabac<a href=\"https:\/\/www.who.int\/fctc\/guidelines\/adopted\/article_5_3\/fr\/\">[4]<\/a>, pour se d\u00e9responsabiliser<a href=\"https:\/\/publications.parliament.uk\/pa\/cm201415\/cmselect\/cmcomloc\/607\/607.pdf\">[5]<\/a> en accusant le manque de volont\u00e9 des autorit\u00e9s de coop\u00e9rer avec eux. Le Comit\u00e9 r\u00e9pondait alors que les industriels pouvaient tout \u00e0 fait entreprendre des actions de d\u00e9pollution et de sensibilisation, ind\u00e9pendamment des autorit\u00e9s.<\/p>\n<p style=\"text-align: justify;\">Cependant en 2020, Rebecca Pow est oblig\u00e9e d\u2019en arriver \u00e0 la menace pour esp\u00e9rer un changement. En r\u00e9action \u00e0 la passivit\u00e9 des industriels qui n\u2019investissent aucun moyen pour soulager les collectivit\u00e9s du co\u00fbt des d\u00e9chets de cigarettes ou pour sensibiliser leurs consommateurs \u00e0 la pollution tabagique, le gouvernement britannique lance un dernier appel avant d\u2019envisager l\u00e9gif\u00e9rer pour les contraindre l\u00e9galement \u00e0 assumer leur part de responsabilit\u00e9.<\/p>\n<p>&nbsp;<\/p>\n<h2>Le co\u00fbt des m\u00e9gots<\/h2>\n<p style=\"text-align: justify;\">Selon l\u2019Association des services environnementaux (ESA), le ramassage des d\u00e9chets de cigarettes co\u00fbte au Royaume-Uni pr\u00e8s de 140 millions de livres chaque ann\u00e9e, soit un peu plus de 153 millions d\u2019euros<a href=\"https:\/\/resource.co\/article\/make-producers-littered-products-pay-clean-says-esa-11426\">[6]<\/a>. Autant dire qu\u2019il s\u2019agit l\u00e0 d\u2019une source de pertes consid\u00e9rable et qu\u2019investir dans la pr\u00e9vention d\u2019une telle pollution ne serait pas une d\u00e9cision sans int\u00e9r\u00eat.<\/p>\n<p style=\"text-align: justify;\">Niveau environnement, consid\u00e9rant le risque d\u2019incendie, les 12 ans de d\u00e9composition en moyenne, la contamination des sols et des eaux ou encore l\u2019alt\u00e9ration de la faune et de la flore, le co\u00fbt environnemental n\u2019en est pas moins on\u00e9reux.<\/p>\n<p><span style=\"color: #666699;\"><a style=\"color: #666699;\" href=\"https:\/\/www.generationsanstabac.org\/\">\u00a9G\u00e9n\u00e9ration Sans Tabac<\/a><\/span><\/p>\n<hr \/>\n<p>[1] <a href=\"https:\/\/www.gov.uk\/government\/people\/rebecca-pow\" target=\"_blank\" rel=\"noopener noreferrer\"><em>Rebecca Pow MP<\/em><\/a>, UK Government (consult\u00e9 le 17 juillet 2020).<\/p>\n<p>[2] PERCHARD Edward, <a href=\"https:\/\/resource.co\/article\/national-kbt-survey-notes-rise-fast-food-litter-10740\" target=\"_blank\" rel=\"noopener noreferrer\"><em>National KBT survey notes rise in fast-food litter<\/em><\/a>, Resource (23 d\u00e9cembre 2015 &#8211; consult\u00e9 le 17 juillet 2020).<\/p>\n<p>[3] KANE Annie, <a href=\"https:\/\/resource.co\/article\/tobacco-levies-should-help-pay-street-cleaning-9931\" target=\"_blank\" rel=\"noopener noreferrer\"><em>Tobacco levies should help pay for street cleaning<\/em><\/a>, Resource (16 mars 2015 &#8211; consult\u00e9 le 17 juillet 2020).<\/p>\n<p>[4] <a href=\"https:\/\/www.who.int\/fctc\/guidelines\/adopted\/article_5_3\/fr\/\" target=\"_blank\" rel=\"noopener noreferrer\"><em>Directives pour l\u2019application de l\u2019article 5.3<\/em><\/a>, OMS (consult\u00e9 le 17 juillet 2020).<\/p>\n<p>[5] Communities and Local Government Committee, <a href=\"https:\/\/publications.parliament.uk\/pa\/cm201415\/cmselect\/cmcomloc\/607\/607.pdf\" target=\"_blank\" rel=\"noopener noreferrer\"><em>Litter and fly-tipping in England<\/em><\/a>, House of Commons (Londres : 14 mars 2015 &#8211; consult\u00e9 le 17 juillet 2020).<\/p>\n<p>[6] PERCHARD Edward, <a href=\"https:\/\/resource.co\/article\/make-producers-littered-products-pay-clean-says-esa-11426\" target=\"_blank\" rel=\"noopener noreferrer\"><em>Make producers of littered products pay for clean-up, says ESA<\/em><\/a>, Resource (11 octobre 2016 &#8211; consult\u00e9 le 17 juillet 2020).<\/p>\n<p><span style=\"color: #e8e8e8;\"><strong><a style=\"color: #e8e8e8;\" href=\"http:\/\/dnf.asso.fr\/\/\" target=\"_blank\" rel=\"noopener noreferrer\">DNF &#8211; Pour un Monde ZeroTabac | MT<\/a><\/strong><\/span><\/p>\n","protected":false},"excerpt":{"rendered":"<p>On July 8, Rebecca Pow, Parliamentary Under-Secretary of State at the UK Department for Environment, Food and Rural Affairs since September 2019, urged the tobacco industry to take responsibility for reducing cigarette butt pollution.<\/p>","protected":false},"featured_media":19939,"template":"","tags":[],"thematique":[480],"class_list":["post-19938","actualites","type-actualites","status-publish","has-post-thumbnail","hentry","thematique-environnement"],"acf":[],"_links":{"self":[{"href":"https:\/\/www.generationsanstabac.org\/en\/wp-json\/wp\/v2\/actualites\/19938","targetHints":{"allow":["GET"]}}],"collection":[{"href":"https:\/\/www.generationsanstabac.org\/en\/wp-json\/wp\/v2\/actualites"}],"about":[{"href":"https:\/\/www.generationsanstabac.org\/en\/wp-json\/wp\/v2\/types\/actualites"}],"version-history":[{"count":0,"href":"https:\/\/www.generationsanstabac.org\/en\/wp-json\/wp\/v2\/actualites\/19938\/revisions"}],"wp:featuredmedia":[{"embeddable":true,"href":"https:\/\/www.generationsanstabac.org\/en\/wp-json\/wp\/v2\/media\/19939"}],"wp:attachment":[{"href":"https:\/\/www.generationsanstabac.org\/en\/wp-json\/wp\/v2\/media?parent=19938"}],"wp:term":[{"taxonomy":"post_tag","embeddable":true,"href":"https:\/\/www.generationsanstabac.org\/en\/wp-json\/wp\/v2\/tags?post=19938"},{"taxonomy":"thematique","embeddable":true,"href":"https:\/\/www.generationsanstabac.org\/en\/wp-json\/wp\/v2\/thematique?post=19938"}],"curies":[{"name":"wp","href":"https:\/\/api.w.org\/{rel}","templated":true}]}}