{"id":19925,"date":"2020-07-15T15:34:10","date_gmt":"2020-07-15T13:34:10","guid":{"rendered":"https:\/\/www.generationsanstabac.org\/actualites\/operation-megot-jete-foret-en-danger-les-pompiers-du-lot-sinvestissent\/"},"modified":"2020-07-15T15:34:10","modified_gmt":"2020-07-15T13:34:10","slug":"operation-megot-jete-foret-en-danger-les-pompiers-du-lot-sinvestissent","status":"publish","type":"actualites","link":"https:\/\/www.generationsanstabac.org\/en\/actualites\/operation-megot-jete-foret-en-danger-les-pompiers-du-lot-sinvestissent\/","title":{"rendered":"Operation \u201cThrown cigarette butt, forest in danger\u201d: Lot firefighters get involved"},"content":{"rendered":"<p><em>Chaque ann\u00e9e, pr\u00e8s de 40 millions d\u2019hectares de for\u00eat sont d\u00e9truits \u00e0 cause des m\u00e9gots jet\u00e9s mal \u00e9teints dans la nature. Des d\u00e9chets polluants et qui causent <\/em><em>10% des incendies de for\u00eat dans le monde<a href=\"https:\/\/blogs.mediapart.fr\/victimes-du-tabac\/blog\/150817\/tabac-et-incendies-retour-sur-plusieurs-decennies-de-catastrophes\" target=\"_blank\" rel=\"noopener noreferrer\">[1]<\/a><\/em><em>. Ces d\u00e9g\u00e2ts consid\u00e9rables pourraient pourtant facilement \u00eatre \u00e9vit\u00e9s. Le dispositif \u00ab M\u00e9got jet\u00e9, for\u00eat en danger \u00bb vise \u00e0 informer le grand public sur ces catastrophes \u00e9cologiques. <\/em><\/p>\n<h2 style=\"text-align: justify;\">De nouveaux d\u00e9partements concern\u00e9s<\/h2>\n<p style=\"text-align: justify;\">Comme en 2019, la Conf\u00e9d\u00e9ration nationale des buralistes s\u2019est associ\u00e9e \u00e0 l\u2019Entente Valabre, un \u00e9tablissement public bas\u00e9 dans la r\u00e9gion PACA et qui \u0153uvre entre autres pour la sensibilisation du grand public aux risques li\u00e9s aux incendies de for\u00eat. Cette ann\u00e9e, l\u2019op\u00e9ration s\u2019\u00e9tend \u00e0 des d\u00e9partements \u00e9loign\u00e9s du Sud-Est mais concern\u00e9s par un risque important de feux de for\u00eats. C\u2019est le cas des Landes ou du Lot.<\/p>\n<h2 style=\"text-align: justify;\">Les pompiers du Lot mobilis\u00e9s<\/h2>\n<p style=\"text-align: justify;\">L\u2019op\u00e9ration a officiellement d\u00e9but\u00e9 dans le Lot le lundi 6 juillet 2020. Thierry Scheid, administrateur de la Conf\u00e9d\u00e9ration Nationale, responsable du groupe de travail RSE (Responsabilit\u00e9 soci\u00e9tale et environnementale), pr\u00e9sident de la F\u00e9d\u00e9ration d\u00e9partementale des buralistes du Lot, accompagn\u00e9 du capitaine Patrick Forte, chef du centre d\u2019incendie et de Secours (CIS) de Cajarc et de Mathieu Mercadier, tr\u00e9sorier de la f\u00e9d\u00e9ration et sapeur-pompier volontaire au CIS Limogne-en-Quercy, a lanc\u00e9 le dispositif depuis son tabac-presse Cajarcois.<br \/>\nCette localisation est symbolique puisque la ville est malheureusement coutumi\u00e8re des incendies de for\u00eat. Elle a d\u2019ailleurs \u00e9t\u00e9 touch\u00e9e par le plus grand feu de v\u00e9g\u00e9tation de France, survenu en 2018 et qui avait ravag\u00e9 160 hectares.<\/p>\n<h2 style=\"text-align: justify;\">Une vaste campagne de communication<\/h2>\n<p style=\"text-align: justify;\">100 bureaux de tabac du Lot vont recevoir courant juillet des affiches de sensibilisation \u00ab M\u00e9got jet\u00e9, for\u00eat en danger \u00bb. Ils seront \u00e9galement dot\u00e9s de cendriers de poche souples et r\u00e9utilisables, \u00e9labor\u00e9s en partenariat avec Dape 74, une fili\u00e8re de Bic. Ces produits repr\u00e9sentent en effet une solution simple et citoyenne pour accompagner les balades des fumeurs en pleine nature. La F\u00e9d\u00e9ration va d\u2019ailleurs \u00e9quiper le CIS des pompiers du Lot d\u2019un distributeur de ce type de cendriers. Autant d\u2019initiatives qui encouragent aux bonnes pratiques et \u00e0 la protection de la nature. On notera \u00e9galement que jeter un m\u00e9got dans la nature sera bient\u00f4t passible d\u2019une amende de 135 \u20ac.<\/p>\n<p style=\"text-align: justify;\"><span style=\"color: #666699;\"><a style=\"color: #666699;\" href=\"https:\/\/www.generationsanstabac.org\/\">\u00a9G\u00e9n\u00e9ration Sans Tabac<\/a><\/span><\/p>\n<hr \/>\n<p>[1] Victimes du tabac, <a href=\"https:\/\/blogs.mediapart.fr\/victimes-du-tabac\/blog\/150817\/tabac-et-incendies-retour-sur-plusieurs-decennies-de-catastrophes\" target=\"_blank\" rel=\"noopener noreferrer\"><em>Tabac et incendies, retour sur plusieurs d\u00e9cennies de catastrophes<\/em><\/a> , www.mediapart.fr (15 ao\u00fbt 2017 &#8211; consult\u00e9 le 13 juillet 2020).<\/p>\n<p>[2] SOUPERBIE Thibaut, <a href=\"https:\/\/medialot.fr\/les-pompiers-du-lot-partenaires-de-loperation-megot-jete-foret-en-danger\" target=\"_blank\" rel=\"noopener noreferrer\"><em>Les pompiers du Lot partenaires de l\u2019op\u00e9ration \u00ab M\u00e9got jet\u00e9, for\u00eat en danger \u00bb<\/em><\/a>, www.medialot.fr (8 juillet 2020 &#8211; consult\u00e9 le 13 juillet 2020).<\/p>\n<p>[3] RIVIERE Jean-Philippe, <a href=\"https:\/\/www.doctissimo.fr\/sante\/news\/les-cendriers-de-poche-vont-ils-enflammer-le-grenelle-2\" target=\"_blank\" rel=\"noopener noreferrer\"><em>Les cendriers de poche vont-ils enflammer le Grenelle 2 ?<\/em><\/a>, www.doctissimo.fr (4 mai 2010 &#8211; consult\u00e9 le 13 juillet 2020).<\/p>\n<p><span style=\"color: #e8e8e8;\"><strong><a style=\"color: #e8e8e8;\" href=\"http:\/\/dnf.asso.fr\/\/\" target=\"_blank\" rel=\"noopener noreferrer\">DNF &#8211; Pour un Monde ZeroTabac | CF<\/a><\/strong><\/span><\/p>\n","protected":false},"excerpt":{"rendered":"<p>Every year, nearly 40 million hectares of forest are destroyed by improperly extinguished cigarette butts. This polluting waste causes 10% of forest fires worldwide. This considerable damage could easily be avoided. The &quot;Thrown Cigarette Butt, Forest in Danger&quot; initiative aims to inform the general public about these ecological disasters.<\/p>","protected":false},"featured_media":19926,"template":"","tags":[],"thematique":[480,507],"class_list":["post-19925","actualites","type-actualites","status-publish","has-post-thumbnail","hentry","thematique-environnement","thematique-marketing-publicite"],"acf":[],"_links":{"self":[{"href":"https:\/\/www.generationsanstabac.org\/en\/wp-json\/wp\/v2\/actualites\/19925","targetHints":{"allow":["GET"]}}],"collection":[{"href":"https:\/\/www.generationsanstabac.org\/en\/wp-json\/wp\/v2\/actualites"}],"about":[{"href":"https:\/\/www.generationsanstabac.org\/en\/wp-json\/wp\/v2\/types\/actualites"}],"version-history":[{"count":0,"href":"https:\/\/www.generationsanstabac.org\/en\/wp-json\/wp\/v2\/actualites\/19925\/revisions"}],"wp:featuredmedia":[{"embeddable":true,"href":"https:\/\/www.generationsanstabac.org\/en\/wp-json\/wp\/v2\/media\/19926"}],"wp:attachment":[{"href":"https:\/\/www.generationsanstabac.org\/en\/wp-json\/wp\/v2\/media?parent=19925"}],"wp:term":[{"taxonomy":"post_tag","embeddable":true,"href":"https:\/\/www.generationsanstabac.org\/en\/wp-json\/wp\/v2\/tags?post=19925"},{"taxonomy":"thematique","embeddable":true,"href":"https:\/\/www.generationsanstabac.org\/en\/wp-json\/wp\/v2\/thematique?post=19925"}],"curies":[{"name":"wp","href":"https:\/\/api.w.org\/{rel}","templated":true}]}}