{"id":19910,"date":"2020-07-09T12:22:14","date_gmt":"2020-07-09T10:22:14","guid":{"rendered":"https:\/\/www.generationsanstabac.org\/actualites\/belgique-bat-soppose-adoption-paquets-neutres\/"},"modified":"2020-07-09T12:22:14","modified_gmt":"2020-07-09T10:22:14","slug":"belgique-bat-soppose-adoption-paquets-neutres","status":"publish","type":"actualites","link":"https:\/\/www.generationsanstabac.org\/en\/actualites\/belgique-bat-soppose-adoption-paquets-neutres\/","title":{"rendered":"Belgium: British American Tobacco opposes the adoption of plain packaging"},"content":{"rendered":"<p style=\"text-align: justify;\"><em>En septembre 2019, le groupe British American Tobacco, num\u00e9ro deux du secteur du tabac en Belgique, avait pris la d\u00e9cision de contester devant le Conseil d&rsquo;\u00c9tat deux arr\u00eat\u00e9s royaux<\/em><a href=\"https:\/\/www.lecho.be\/entreprises\/general\/british-american-tobacco-ne-veut-pas-des-paquets-de-cigarettes-neutres\/\">[1]<\/a> <em>pr\u00e9voyant respectivement l&rsquo;adoption des paquets neutres et l\u2019uniformisation des unit\u00e9s de conditionnement. Ces mesures sont entr\u00e9es en vigueur le 1er janvier 2020. <\/em><\/p>\n<h2 style=\"text-align: justify;\">Une mesure antitabac qui selon la firme ne ralentirait pas la consommation de tabac dans le plat pays<\/h2>\n<p style=\"text-align: justify;\">L\u2019introduction des paquets neutres s\u2019applique depuis la nouvelle ann\u00e9e aux cigarettes, au tabac \u00e0 rouler, et tabac \u00e0 chicha, mais \u00e9galement aux produits connexes du tabac, comme le papier, les tubes et les filtres. L\u2019objectif poursuivi est de rendre le tabac moins attrayant par ses emballages. L\u2019enjeu est surtout de limiter l\u2019attractivit\u00e9 des produits \u2013 et notamment des nouveaux produits \u2013 du tabac pour la jeune g\u00e9n\u00e9ration.<\/p>\n<p style=\"text-align: justify;\">En contestant cette d\u00e9cision, le groupe cigarettier estime qu\u2019il s\u2019agit d\u2019une mesure non justifi\u00e9e au regard de son objectif en ce qu\u2019elle n\u2019aurait aucun effet sur la consommation et ne d\u00e9couragerait pas la d\u00e9cision d\u2019achat des consommateurs. Par ailleurs, l&rsquo;entreprise pointe \u00e9galement le fait que cette prise de d\u00e9cision aurait d\u00fb \u00eatre soumise par le biais d\u2019une loi et non pas par celui d\u2019un d\u00e9cret.<\/p>\n<h2 style=\"text-align: justify;\">La Belgique, en haut du classement des bons \u00e9l\u00e8ves de la lutte contre le tabac<\/h2>\n<p style=\"text-align: justify;\">En Europe, la Belgique est le cinqui\u00e8me pays \u00e0 mettre en place cette mesure antitabac, apr\u00e8s la France et le Royaume-Uni en 2017, la Norv\u00e8ge et l&rsquo;Irlande en 2018.<br \/>\nPour information, les fumeurs quotidiens repr\u00e9sentaient 15% de la population belge en 2018<a href=\"https:\/\/www.belgiqueenbonnesante.be\/fr\/etat-de-sante\/determinants-de-sante\/consommation-de-tabac\">[2]<\/a>, un taux consid\u00e9r\u00e9 comme relativement bas, compar\u00e9 \u00e0 la moyenne europ\u00e9enne. Plus marquant encore, la pr\u00e9valence tabagique quotidienne belge a chut\u00e9 de 40% entre 1997 et 2018. Autant dire que la Belgique d\u00e9tient la recette pour une r\u00e9duction du tabagisme efficace et que la d\u00e9cision des paquets neutres n\u2019est pas aussi irr\u00e9fl\u00e9chie qu\u2019aimerait le faire entendre BAT.<\/p>\n<p><span style=\"color: #666699;\"><a style=\"color: #666699;\" href=\"https:\/\/www.generationsanstabac.org\/\">\u00a9G\u00e9n\u00e9ration Sans Tabac<\/a><\/span><\/p>\n<hr \/>\n<p>[1] <a href=\"https:\/\/www.lecho.be\/entreprises\/general\/british-american-tobacco-ne-veut-pas-des-paquets-de-cigarettes-neutres\/\">https:\/\/www.lecho.be\/entreprises\/general\/british-american-tobacco-ne-veut-pas-des-paquets-de-cigarettes-neutres\/<\/a><\/p>\n<p>[2] <a href=\"https:\/\/www.belgiqueenbonnesante.be\/fr\/etat-de-sante\/determinants-de-sante\/consommation-de-tabac\" target=\"_blank\" rel=\"noopener noreferrer\"><em>Consommation de tabac<\/em><\/a>, www.belgiqueenbonnesante.be (consult\u00e9 le 23 juin 2020).<\/p>\n<p><strong>Cet article pourrait \u00e9galement vous int\u00e9resser :<\/strong><\/p>\n<p>CNCT, <a href=\"https:\/\/www.generationsanstabac.org\/actualites\/lutte-antitabac-la-belgique-en-progression\/\" target=\"_blank\" rel=\"noopener noreferrer\"><em>Lutte antitabac : la Belgique en progression<\/em><\/a>, G\u00e9n\u00e9ration sans tabac (27 f\u00e9vrier 2020 &#8211; consult\u00e9 le 23 juin 2020).<\/p>\n<p><span style=\"color: #e8e8e8;\"><strong><a style=\"color: #e8e8e8;\" href=\"http:\/\/dnf.asso.fr\/\/\" target=\"_blank\" rel=\"noopener noreferrer\">DNF &#8211; Pour un Monde ZeroTabac | ML<\/a><\/strong><\/span><\/p>\n","protected":false},"excerpt":{"rendered":"<p>In September 2019, the British American Tobacco group, the number two tobacco company in Belgium, decided to challenge two royal decrees before the Council of State, respectively providing for the adoption of plain packaging and the standardization of packaging units. These measures came into effect on January 1, 2020.<\/p>","protected":false},"featured_media":19911,"template":"","tags":[],"thematique":[499],"class_list":["post-19910","actualites","type-actualites","status-publish","has-post-thumbnail","hentry","thematique-lobby"],"acf":[],"_links":{"self":[{"href":"https:\/\/www.generationsanstabac.org\/en\/wp-json\/wp\/v2\/actualites\/19910","targetHints":{"allow":["GET"]}}],"collection":[{"href":"https:\/\/www.generationsanstabac.org\/en\/wp-json\/wp\/v2\/actualites"}],"about":[{"href":"https:\/\/www.generationsanstabac.org\/en\/wp-json\/wp\/v2\/types\/actualites"}],"version-history":[{"count":0,"href":"https:\/\/www.generationsanstabac.org\/en\/wp-json\/wp\/v2\/actualites\/19910\/revisions"}],"wp:featuredmedia":[{"embeddable":true,"href":"https:\/\/www.generationsanstabac.org\/en\/wp-json\/wp\/v2\/media\/19911"}],"wp:attachment":[{"href":"https:\/\/www.generationsanstabac.org\/en\/wp-json\/wp\/v2\/media?parent=19910"}],"wp:term":[{"taxonomy":"post_tag","embeddable":true,"href":"https:\/\/www.generationsanstabac.org\/en\/wp-json\/wp\/v2\/tags?post=19910"},{"taxonomy":"thematique","embeddable":true,"href":"https:\/\/www.generationsanstabac.org\/en\/wp-json\/wp\/v2\/thematique?post=19910"}],"curies":[{"name":"wp","href":"https:\/\/api.w.org\/{rel}","templated":true}]}}