{"id":19902,"date":"2020-07-06T09:48:08","date_gmt":"2020-07-06T07:48:08","guid":{"rendered":"https:\/\/www.generationsanstabac.org\/actualites\/ideal-social-sans-tabac-coup-offre-6-millions-dollars\/"},"modified":"2020-07-06T09:48:08","modified_gmt":"2020-07-06T07:48:08","slug":"ideal-social-sans-tabac-coup-offre-6-millions-dollars","status":"publish","type":"actualites","link":"https:\/\/www.generationsanstabac.org\/en\/actualites\/ideal-social-sans-tabac-coup-offre-6-millions-dollars\/","title":{"rendered":"Tobacco-free social ideal: California launches $6 million call for tender"},"content":{"rendered":"<p style=\"text-align: justify;\"><em>Par un appel d\u2019offre \u00e0 7 chiffres, publi\u00e9 le 23 juin dernier, le D\u00e9partement californien de la Sant\u00e9 Publique se donne les moyens de booster la d\u00e9normalisation du tabac, dans tout l\u2019Etat.<\/em><\/p>\n<h2 style=\"text-align: justify;\">Objectif : d\u00e9normalisation de l\u2019usage du tabac, \u00e0 grande \u00e9chelle<\/h2>\n<p style=\"text-align: justify;\">Dans le but de propulser efficacement la d\u00e9normalisation du tabac en Californie, le D\u00e9partement de la Sant\u00e9 Publique a d\u00e9cid\u00e9 d\u2019investir 6 millions de dollars dans une campagne de relations publiques relative \u00e0 la pr\u00e9vention du tabagisme<a href=\"https:\/\/www.prweek.com\/article\/1686862\/california-release-6m-anti-tobacco-rfp\">[1]<\/a>.<\/p>\n<p style=\"text-align: justify;\">La Californie \u00e9tant l\u2019un des Etats les plus cosmopolites des Etats-Unis<a href=\"https:\/\/www.voaafrique.com\/a\/usa-diversite-classement-villes-diversite\/3619277.html\">[2]<\/a>, le D\u00e9partement a mis un point d\u2019honneur \u00e0 ce que la campagne de sensibilisation cible des publics aussi divers que l\u2019est la population de l\u2019Etat. Ainsi, les communaut\u00e9s hispaniques et afro-am\u00e9ricaines, rurales ou encore LGBT<a href=\"tps:\/\/www.mmm-online.com\/home\/channel\/campaigns\/california-posts-6m-tobacco-control-rfp\/\">[3]<\/a> seront au c\u0153ur des actions d\u00e9ploy\u00e9es pendant 4 ans par l\u2019entreprise retenue.<\/p>\n<h2 style=\"text-align: justify;\">Prestataire : un processus de s\u00e9lection attentif au fond et \u00e0 la forme<\/h2>\n<p style=\"text-align: justify;\">L\u2019agence qui aura la charge de conceptualiser, d\u00e9velopper, mettre en \u0153uvre, superviser et \u00e9valuer la campagne de relations publiques antitabac pendant 4 ans, \u00e0 partir du 15 octobre prochain, devra avoir soumis sa candidature avant le 16 juillet 2020.<\/p>\n<p style=\"text-align: justify;\">Pour \u00eatre consid\u00e9r\u00e9e, l\u2019entreprise devra justifier avoir d\u2019une part un service bas\u00e9 en Californie depuis au moins 2015 et d\u2019autre part, une facturation annuelle brute de 2 millions de dollars pour deux des trois ann\u00e9es pr\u00e9c\u00e9dant 2020.<\/p>\n<p style=\"text-align: justify;\">Plus essentiel encore pour mener \u00e0 bien ce projet de grande envergure, l\u2019entreprise devra n\u2019avoir aucun conflit d\u2019int\u00e9r\u00eat avec les industries du tabac, de la cigarette \u00e9lectronique et du cannabis.<\/p>\n<p style=\"text-align: justify;\">Le D\u00e9partement de la Sant\u00e9 Publique rendra sa d\u00e9cision en ao\u00fbt 2020.<\/p>\n<p><span style=\"color: #666699;\"><a style=\"color: #666699;\" href=\"https:\/\/www.generationsanstabac.org\/\">\u00a9G\u00e9n\u00e9ration Sans Tabac<\/a><\/span><\/p>\n<hr \/>\n<p>[1] <a href=\"https:\/\/www.prweek.com\/article\/1686862\/california-release-6m-anti-tobacco-rfp\">https:\/\/www.prweek.com\/article\/1686862\/california-release-6m-anti-tobacco-rfp<\/a><\/p>\n<p>[2] <a href=\"https:\/\/www.voaafrique.com\/a\/usa-diversite-classement-villes-diversite\/3619277.html\">https:\/\/www.voaafrique.com\/a\/usa-diversite-classement-villes-diversite\/3619277.html<\/a><\/p>\n<p>[3] <a href=\"https:\/\/www.mmm-online.com\/home\/channel\/campaigns\/california-posts-6m-tobacco-control-rfp\/\">https:\/\/www.mmm-online.com\/home\/channel\/campaigns\/california-posts-6m-tobacco-control-rfp\/ <\/a><\/p>\n<p><span style=\"color: #e8e8e8;\"><strong><a style=\"color: #e8e8e8;\" href=\"http:\/\/dnf.asso.fr\/\/\" target=\"_blank\" rel=\"noopener noreferrer\"> \u00a9DNF &#8211; Pour un Monde ZeroTabac |<\/a><\/strong><\/span><\/p>\n","protected":false},"excerpt":{"rendered":"<p>Through a seven-figure tender, published on June 23, the California Department of Public Health is providing the means to boost the denormalization of tobacco throughout the state.<\/p>","protected":false},"featured_media":19903,"template":"","tags":[],"thematique":[491,474],"class_list":["post-19902","actualites","type-actualites","status-publish","has-post-thumbnail","hentry","thematique-politiques-publiques","thematique-sante"],"acf":[],"_links":{"self":[{"href":"https:\/\/www.generationsanstabac.org\/en\/wp-json\/wp\/v2\/actualites\/19902","targetHints":{"allow":["GET"]}}],"collection":[{"href":"https:\/\/www.generationsanstabac.org\/en\/wp-json\/wp\/v2\/actualites"}],"about":[{"href":"https:\/\/www.generationsanstabac.org\/en\/wp-json\/wp\/v2\/types\/actualites"}],"version-history":[{"count":0,"href":"https:\/\/www.generationsanstabac.org\/en\/wp-json\/wp\/v2\/actualites\/19902\/revisions"}],"wp:featuredmedia":[{"embeddable":true,"href":"https:\/\/www.generationsanstabac.org\/en\/wp-json\/wp\/v2\/media\/19903"}],"wp:attachment":[{"href":"https:\/\/www.generationsanstabac.org\/en\/wp-json\/wp\/v2\/media?parent=19902"}],"wp:term":[{"taxonomy":"post_tag","embeddable":true,"href":"https:\/\/www.generationsanstabac.org\/en\/wp-json\/wp\/v2\/tags?post=19902"},{"taxonomy":"thematique","embeddable":true,"href":"https:\/\/www.generationsanstabac.org\/en\/wp-json\/wp\/v2\/thematique?post=19902"}],"curies":[{"name":"wp","href":"https:\/\/api.w.org\/{rel}","templated":true}]}}