{"id":19895,"date":"2020-07-03T14:08:00","date_gmt":"2020-07-03T12:08:00","guid":{"rendered":"https:\/\/www.generationsanstabac.org\/actualites\/70-adolescents-americains-nommes-ambassadeurs-nationaux-lutte-antitabac\/"},"modified":"2020-07-03T14:08:00","modified_gmt":"2020-07-03T12:08:00","slug":"70-adolescents-americains-nommes-ambassadeurs-nationaux-lutte-antitabac","status":"publish","type":"actualites","link":"https:\/\/www.generationsanstabac.org\/en\/actualites\/70-adolescents-americains-nommes-ambassadeurs-nationaux-lutte-antitabac\/","title":{"rendered":"70 U.S. Teens Named National Tobacco Control Ambassadors"},"content":{"rendered":"<p style=\"text-align: justify;\"><em>Poursuivant l\u2019objectif de r\u00e9aliser prochainement une g\u00e9n\u00e9ration sans tabac, <\/em>Campaign for Tobacco-Free Kids (CTFK) <em>a mis en place plusieurs initiatives \u00e0 l\u2019endroit des jeunes. Toutes visent \u00e0 les armer pour faire d\u2019eux, des acteurs \u00e0 part enti\u00e8re de la lutte antitabac. La nomination annuelle d\u2019ambassadeurs nationaux, aux Etats-Unis, est l\u2019une d\u2019entre elles.<\/em><\/p>\n<h2 style=\"text-align: justify;\">Des ambassadeurs s\u00e9lectionn\u00e9s<\/h2>\n<p style=\"text-align: justify;\">Les 70 ambassadeurs nationaux d\u00e9sign\u00e9s pour l\u2019ann\u00e9e 2020 sont tous des \u00e9l\u00e8ves du secondaires, ayant d\u00e9montr\u00e9 leurs aptitudes pour le plaidoyer et le leadership et plus important encore, leur motivation pour la lutte antitabac, au cours d\u2019un processus de s\u00e9lection comp\u00e9titif<a href=\"https:\/\/www.tobaccofreekids.org\/what-we-do\/youth-programs#ambassadors\">[1]<\/a>. Ces ambassadeurs nationaux ont \u00e9t\u00e9 choisis pour repr\u00e9senter les jeunes de leur Etat dans la lutte antitabac. Sur le long terme, l\u2019engagement de ces adolescents participera \u00e0 la cr\u00e9ation de la premi\u00e8re g\u00e9n\u00e9ration sans tabac.<\/p>\n<h2 style=\"text-align: justify;\">Lauren Silcox et Annie Twyford : les ambassadrices de l\u2019Indiana<\/h2>\n<p style=\"text-align: justify;\">Les deux ambassadrices choisies par CTFK pour repr\u00e9senter les jeunes de l\u2019Etat d\u2019Indiana<a href=\"http:\/\/www.greenfieldreporter.com\/2020\/06\/30\/special_envoys_2_teens_named_national_antitobacco_ambassadors\/\">[2]<\/a> ont un point commun : c\u2019est par le biais des clubs \u00ab Voice \u00bb dans leurs \u00e9coles respectives qu\u2019elles se sont impliqu\u00e9es dans la campagne.<br \/>\n\u00ab Voice Indiana \u00bb est un label r\u00e9gional dont l\u2019objet est l\u2019autonomisation des jeunes. A travers ses actions, il invite les jeunes \u00e0 s\u2019engager, se sensibiliser et s\u2019armer pour promouvoir un mode de vie non-fumeur.<\/p>\n<h2 style=\"text-align: justify;\">Le r\u00f4le d\u2019ambassadeur antitabac national<\/h2>\n<p style=\"text-align: justify;\">Lauren et Annie, en tant qu\u2019ambassadrices, auront pour mission d\u2019\u00eatre des mentors pour leurs pairs, afin de les encourager \u00e0 adopter un mode de vie sain, d\u00e9nu\u00e9 des dangers du tabagisme. Il s\u2019agira l\u00e0 d\u2019aller encore plus loin dans le r\u00f4le qu\u2019elles avaient d\u00e9j\u00e0 \u00e0 une \u00e9chelle locale.<\/p>\n<p style=\"text-align: justify;\">En outre, les ambassadeurs choisis par CTFK pour une dur\u00e9e d\u2019un an, seront en premi\u00e8re ligne pour porter la voix des jeunes dans les politiques locales, r\u00e9gionales et f\u00e9d\u00e9rales visant \u00e0 prot\u00e9ger les enfants et adolescents contre l\u2019addiction au tabac et contre les tactiques que l\u2019industrie du tabac d\u00e9ploie pour les enr\u00f4ler.<\/p>\n<p>A ces fins, les 70 ambassadeurs s\u00e9lectionn\u00e9s recevront une semaine de formation au Symposium de plaidoyer pour les jeunes, \u00e0 Washington D.C., aux Etats-Unis.<\/p>\n<p><span style=\"color: #666699;\"><a style=\"color: #666699;\" href=\"https:\/\/www.generationsanstabac.org\/\">\u00a9G\u00e9n\u00e9ration Sans Tabac<\/a><\/span><\/p>\n<hr \/>\n<p>[1] <a href=\"https:\/\/www.tobaccofreekids.org\/what-we-do\/youth-programs#ambassadors\">https:\/\/www.tobaccofreekids.org\/what-we-do\/youth-programs#ambassadors<\/a><\/p>\n<p>[2] <a href=\"http:\/\/www.greenfieldreporter.com\/2020\/06\/30\/special_envoys_2_teens_named_national_antitobacco_ambassadors\/\">http:\/\/www.greenfieldreporter.com\/2020\/06\/30\/special_envoys_2_teens_named_national_antitobacco_ambassadors\/<\/a><\/p>\n<p><span style=\"color: #e8e8e8;\"><strong><a style=\"color: #e8e8e8;\" href=\"http:\/\/dnf.asso.fr\/\/\" target=\"_blank\" rel=\"noopener noreferrer\"> \u00a9DNF &#8211; Pour un Monde ZeroTabac |<\/a><\/strong><\/span><\/p>\n","protected":false},"excerpt":{"rendered":"<p>Pursuing the goal of achieving a tobacco-free generation in the near future, the Campaign for Tobacco-Free Kids (CTFK) has implemented several initiatives aimed at young people. All of these initiatives aim to empower them to become full-fledged players in the fight against tobacco. The annual appointment of national ambassadors in the United States is one of these.<\/p>","protected":false},"featured_media":19843,"template":"","tags":[],"thematique":[491],"class_list":["post-19895","actualites","type-actualites","status-publish","has-post-thumbnail","hentry","thematique-politiques-publiques"],"acf":[],"_links":{"self":[{"href":"https:\/\/www.generationsanstabac.org\/en\/wp-json\/wp\/v2\/actualites\/19895","targetHints":{"allow":["GET"]}}],"collection":[{"href":"https:\/\/www.generationsanstabac.org\/en\/wp-json\/wp\/v2\/actualites"}],"about":[{"href":"https:\/\/www.generationsanstabac.org\/en\/wp-json\/wp\/v2\/types\/actualites"}],"version-history":[{"count":0,"href":"https:\/\/www.generationsanstabac.org\/en\/wp-json\/wp\/v2\/actualites\/19895\/revisions"}],"wp:featuredmedia":[{"embeddable":true,"href":"https:\/\/www.generationsanstabac.org\/en\/wp-json\/wp\/v2\/media\/19843"}],"wp:attachment":[{"href":"https:\/\/www.generationsanstabac.org\/en\/wp-json\/wp\/v2\/media?parent=19895"}],"wp:term":[{"taxonomy":"post_tag","embeddable":true,"href":"https:\/\/www.generationsanstabac.org\/en\/wp-json\/wp\/v2\/tags?post=19895"},{"taxonomy":"thematique","embeddable":true,"href":"https:\/\/www.generationsanstabac.org\/en\/wp-json\/wp\/v2\/thematique?post=19895"}],"curies":[{"name":"wp","href":"https:\/\/api.w.org\/{rel}","templated":true}]}}