{"id":19890,"date":"2020-07-03T13:17:11","date_gmt":"2020-07-03T11:17:11","guid":{"rendered":"https:\/\/www.generationsanstabac.org\/actualites\/focus-slovenie-activiste-dans-lutte-contre-le-tabac\/"},"modified":"2020-07-03T13:17:11","modified_gmt":"2020-07-03T11:17:11","slug":"focus-slovenie-activiste-dans-lutte-contre-le-tabac","status":"publish","type":"actualites","link":"https:\/\/www.generationsanstabac.org\/en\/actualites\/focus-slovenie-activiste-dans-lutte-contre-le-tabac\/","title":{"rendered":"Focus on Slovenia, activist in the fight against tobacco"},"content":{"rendered":"<p style=\"text-align: justify;\"><em>En 2017 la soci\u00e9t\u00e9 civile, les d\u00e9cideurs politiques et les m\u00e9dias se mobilisent pour la mise en place d\u2019une loi anti-tabac plus efficace en Slov\u00e9nie afin de poursuivre la lutte contre le taux de tabagisme \u00e9lev\u00e9 et l\u2019ing\u00e9rence des industriels du tabac : une d\u00e9marche salutaire pour r\u00e9duire la pr\u00e9valence tabagique notamment aupr\u00e8s des jeunes.<\/em><\/p>\n<h2 style=\"text-align: justify;\">Etat des lieux du tabagisme en Slov\u00e9nie<\/h2>\n<p style=\"text-align: justify;\">Pr\u00e8s d\u2019un quart soit, 24% de la population adulte est consommatrice de tabac. La Slov\u00e9nie comptabilise aujourd\u2019hui 427 000 fumeurs, et l\u2019on sait que statistiquement la moiti\u00e9 de ces fumeurs mourront de pathologies li\u00e9es au tabac. Actuellement en Slov\u00e9nie, 3 600 personnes d\u00e9c\u00e8dent pr\u00e9matur\u00e9ment du tabac, chaque ann\u00e9e, et 18% des adolescents d\u00e9clarent avoir commenc\u00e9 \u00e0 fumer \u00e0 l\u2019\u00e2ge de 13 ans. De plus, l\u2019institut National de la sant\u00e9 publique affirme que 20% des d\u00e9c\u00e8s chez les plus de 30 ans sont imputables au tabagisme.<\/p>\n<p style=\"text-align: justify;\">Ce sont l\u00e0 tout autant de faits alarmants qui ont conduit le gouvernement slov\u00e8ne \u00e0 prendre des mesures fortes pour lutter contre ce haut taux de mortalit\u00e9 \u00e9vitable li\u00e9 aux maladies non-transmissibles (maladies cardiaques et pulmonaires, cancers, diab\u00e8te). Par ces mesures, les autorit\u00e9s slov\u00e8nes montrent leur volont\u00e9 de renforcer l\u2019application de la Convention-cadre de l\u2019OMS pour la lutte anti-tabac.<\/p>\n<h2 style=\"text-align: justify;\">Des politiques strictes pour contrecarrer les manigances des industriels du tabac<\/h2>\n<p style=\"text-align: justify;\">L\u2019industrie du tabac multiplie les efforts pour contrer les politiques de lutte anti-tabac.<br \/>\nLe Parlement slov\u00e8ne a, \u00e0 l\u2019unanimit\u00e9, adopt\u00e9 l\u2019interdiction de publicit\u00e9 en faveur des produits du tabac, ainsi que le paquet neutre. Cette \u00e9volution l\u00e9gislative, qui rentrera en vigueur courant 2020, permettra notamment de :<\/p>\n<ul style=\"text-align: justify;\">\n<li>Emp\u00eacher l\u2019initiation au tabagisme chez les plus jeunes et l\u2019addiction \u00e0 la nicotine qui en r\u00e9sulte ;<\/li>\n<li>Limiter la promotion et la publicit\u00e9 des produits tabagiques qui assure leur attractivit\u00e9 ;<\/li>\n<li>Emp\u00eacher la conception d\u2019emballages mettant en avant une suppos\u00e9e moindre nocivit\u00e9 de certains produits par rapport \u00e0 la cigarette dans le but de d\u00e9tourner les consommateurs du sevrage et de les maintenir dans une nouvelle pratique addictive ;<\/li>\n<li>Renforcer la sensibilisation et l\u2019information sur les causes et les cons\u00e9quences du tabagisme ;<\/li>\n<\/ul>\n<p style=\"text-align: justify;\">D\u2019autres mesures, \u00e0 l\u2019instar de la taxe d\u2019accise sur les produits de la vape, ont permis de limiter l\u2019attractivit\u00e9 de ces produits alternatifs \u00e0 la cigarette, dont l\u2019utilit\u00e9 ne devrait r\u00e9sider que dans leur potentielle aide au sevrage tabagique.<\/p>\n<p style=\"text-align: justify;\">M\u00eame si le tabagisme semble r\u00e9gresser sur certains territoires, la soci\u00e9t\u00e9 civile reste mobilis\u00e9e pour faire \u00e9voluer la l\u00e9gislation en vigueur et ainsi d\u00e9jouer les nouvelles tactiques de l\u2019industrie du tabac destin\u00e9es \u00e0 leur assurer toujours plus de consommateurs, car les maladies li\u00e9es au tabac continuent de repr\u00e9senter la plus grande menace \u00e9vitable pour la sant\u00e9 publique.<\/p>\n<p><span style=\"color: #666699;\"><a style=\"color: #666699;\" href=\"https:\/\/www.generationsanstabac.org\/\">\u00a9G\u00e9n\u00e9ration Sans Tabac<\/a><\/span><\/p>\n<hr \/>\n<p>[i] <a href=\"https:\/\/www.euro.who.int\/fr\/countries\/slovenia\/news\/news\/2019\/6\/strengthening-tobacco-control-in-slovenia-to-save-lives\">https:\/\/www.euro.who.int\/fr\/countries\/slovenia\/news\/news\/2019\/6\/strengthening-tobacco-control-in-slovenia-to-save-lives<\/a><\/p>\n<p><span style=\"color: #e8e8e8;\"><strong><a style=\"color: #e8e8e8;\" href=\"http:\/\/dnf.asso.fr\/\/\" target=\"_blank\" rel=\"noopener noreferrer\"> \u00a9DNF &#8211; Pour un Monde ZeroTabac |<\/a><\/strong><\/span><\/p>\n","protected":false},"excerpt":{"rendered":"<p>In 2017, civil society, political decision-makers and the media are mobilizing for the implementation of a more effective anti-smoking law in Slovenia in order to continue the fight against the high smoking rate and the interference of tobacco manufacturers: a beneficial approach to reduce the prevalence of smoking, particularly among young people.<\/p>","protected":false},"featured_media":19713,"template":"","tags":[],"thematique":[499,491],"class_list":["post-19890","actualites","type-actualites","status-publish","has-post-thumbnail","hentry","thematique-lobby","thematique-politiques-publiques"],"acf":[],"_links":{"self":[{"href":"https:\/\/www.generationsanstabac.org\/en\/wp-json\/wp\/v2\/actualites\/19890","targetHints":{"allow":["GET"]}}],"collection":[{"href":"https:\/\/www.generationsanstabac.org\/en\/wp-json\/wp\/v2\/actualites"}],"about":[{"href":"https:\/\/www.generationsanstabac.org\/en\/wp-json\/wp\/v2\/types\/actualites"}],"version-history":[{"count":0,"href":"https:\/\/www.generationsanstabac.org\/en\/wp-json\/wp\/v2\/actualites\/19890\/revisions"}],"wp:featuredmedia":[{"embeddable":true,"href":"https:\/\/www.generationsanstabac.org\/en\/wp-json\/wp\/v2\/media\/19713"}],"wp:attachment":[{"href":"https:\/\/www.generationsanstabac.org\/en\/wp-json\/wp\/v2\/media?parent=19890"}],"wp:term":[{"taxonomy":"post_tag","embeddable":true,"href":"https:\/\/www.generationsanstabac.org\/en\/wp-json\/wp\/v2\/tags?post=19890"},{"taxonomy":"thematique","embeddable":true,"href":"https:\/\/www.generationsanstabac.org\/en\/wp-json\/wp\/v2\/thematique?post=19890"}],"curies":[{"name":"wp","href":"https:\/\/api.w.org\/{rel}","templated":true}]}}