{"id":19855,"date":"2020-06-26T08:11:55","date_gmt":"2020-06-26T06:11:55","guid":{"rendered":"https:\/\/www.generationsanstabac.org\/actualites\/allemagne-les-produits-du-tabac-inclus-dans-la-prochaine-baisse-de-la-tva\/"},"modified":"2020-06-26T08:11:55","modified_gmt":"2020-06-26T06:11:55","slug":"allemagne-les-produits-du-tabac-inclus-dans-la-prochaine-baisse-de-la-tva","status":"publish","type":"actualites","link":"https:\/\/www.generationsanstabac.org\/en\/actualites\/allemagne-les-produits-du-tabac-inclus-dans-la-prochaine-baisse-de-la-tva\/","title":{"rendered":"Germany: Tobacco products included in upcoming VAT cut"},"content":{"rendered":"<p style=\"text-align: justify;\"><em>Mercredi 24 juin, le gouvernement allemand a adopt\u00e9 un plan de relance de son \u00e9conomie, afin de soutenir la consommation, et venir en aide \u00e0 certains secteurs touch\u00e9s par la pand\u00e9mie de COVID-19.  Parmi les mesures adopt\u00e9es, Berlin propose une r\u00e9duction temporaire de la Taxe sur la Valeur Ajout\u00e9e (TVA) de trois points, passant de 19 \u00e0 16%, incluant les produits du tabac. <\/em><\/p>\n<p style=\"text-align: justify;\"><strong>Un non-sens sanitaire<\/strong><\/p>\n<p style=\"text-align: justify;\">Sur la question du tabac, cette mesure est en totale opposition avec les int\u00e9r\u00eats de la sant\u00e9 publique. Une diminution des taxes et une r\u00e9duction des prix du tabac ne peuvent s\u2019accompagner que d\u2019une hausse de la consommation des produits du tabac. Cette mesure se r\u00e9v\u00e8le par ailleurs \u00eatre une injustice sociale : une plus grande accessibilit\u00e9 du tabac par une baisse des prix se r\u00e9percute en premier lieu sur les cat\u00e9gories d\u00e9favoris\u00e9es ainsi que sur les jeunes, plus sensibles \u00e0 l\u2019argument du prix.<\/p>\n<p style=\"text-align: justify;\"><strong>Un manque \u00e0 gagner pour les recettes publiques <\/strong><\/p>\n<p style=\"text-align: justify;\">Par d\u00e9finition, la r\u00e9duction du taux de TVA sur les produits du tabac va se traduire par une baisse des revenus fiscaux. Cette mesure est d\u2019autant plus \u00e9tonnante quand l\u2019on sait que le co\u00fbt du tabac repr\u00e9sente plus de 58 milliards d\u2019euros par an<a href=\"#_ftn1\" name=\"_ftnref1\">[1]<\/a>, incluant autant les d\u00e9penses de sant\u00e9 que les pertes de productivit\u00e9 li\u00e9es aux effets sanitaires du tabagisme.<\/p>\n<p style=\"text-align: justify;\"><strong>L\u2019Allemagne, mauvais \u00e9l\u00e8ve europ\u00e9en en mati\u00e8re de lutte contre le tabagisme <\/strong><\/p>\n<p style=\"text-align: justify;\">Alors que le tabac continue de provoquer la mort de plus de 120 000 personnes Outre-Rhin, une relance de la consommation tabagique appara\u00eet comme une anomalie. Pour cause, l\u2019Allemagne accuse un r\u00e9el retard en mati\u00e8re de r\u00e9glementation sur le tabac : l\u2019influence des lobbys du tabac y est particuli\u00e8rement forte. Ainsi, LobbyControl r\u00e9v\u00e9lait en 2016 que Philip Morris avait revers\u00e9 544 000 euros \u00e0 plusieurs partis allemands<a href=\"#_ftn2\" name=\"_ftnref2\">[2]<\/a>. Aujourd\u2019hui encore, la publicit\u00e9 pour les produits du tabac est autoris\u00e9e dans le pays, et il aura fallu attendre d\u00e9cembre 2019 pour que la CDU\/CSU, bloc majoritaire en Allemagne, se <a href=\"https:\/\/www.generationsanstabac.org\/actualites\/allemagne-avance-a-pas-comptes-vers-interdiction-publicitaire-tabac\/\">prononce pour l\u2019interdiction de cette publicit\u00e9<\/a>. Cette derni\u00e8re a toutefois \u00e9t\u00e9 \u00e9chelonn\u00e9e jusque 2024, laissant \u00e0 l\u2019industrie du tabac un d\u00e9lai particuli\u00e8rement \u00e9tendu pour s\u2019adapter aux nouvelles restrictions.<\/p>\n<p style=\"text-align: justify;\"><span style=\"color: #800080;\"><a style=\"color: #800080;\" href=\"https:\/\/www.generationsanstabac.org\/\">\u00a9G\u00e9n\u00e9ration Sans Tabac<\/a><\/span><\/p>\n<hr \/>\n<p style=\"text-align: justify;\"><a href=\"#_ftnref1\" name=\"_ftn1\">[1]<\/a>Tobacco Atlas, Fiche pays : Allemagne<\/p>\n<p style=\"text-align: justify;\"><a href=\"https:\/\/tobaccoatlas.org\/country\/germany\/\">https:\/\/tobaccoatlas.org\/country\/germany\/<\/a><\/p>\n<p style=\"text-align: justify;\"><a href=\"#_ftnref2\" name=\"_ftn2\">[2]<\/a> LobbyControl, \u00ab Wie der Tabakkonzern Philip Morris die Parteien sponsert \u00bb, 5 d\u00e9cembre 2016<\/p>\n<p style=\"text-align: justify;\"><a href=\"https:\/\/www.generationsanstabac.org\/actualites\/allemagne-avance-a-pas-comptes-vers-interdiction-publicitaire-tabac\/\">https:\/\/www.generationsanstabac.org\/actualites\/allemagne-avance-a-pas-comptes-vers-interdiction-publicitaire-tabac\/<\/a><\/p>\n<p style=\"text-align: justify;\"><span style=\"color: #999999;\"><strong><a style=\"color: #999999;\" href=\"http:\/\/www.cnct.fr\/\" target=\"_blank\" rel=\"noopener noreferrer\">\u00a9Comit\u00e9 National Contre le Tabagisme |<\/a><\/strong><\/span><\/p>\n<p style=\"text-align: justify;\">\n","protected":false},"excerpt":{"rendered":"<p>Berlin is proposing a temporary reduction in Value Added Tax (VAT) by three percentage points, from 19 to 16%, including tobacco products.<\/p>","protected":false},"featured_media":19590,"template":"","tags":[],"thematique":[499,491],"class_list":["post-19855","actualites","type-actualites","status-publish","has-post-thumbnail","hentry","thematique-lobby","thematique-politiques-publiques"],"acf":[],"_links":{"self":[{"href":"https:\/\/www.generationsanstabac.org\/en\/wp-json\/wp\/v2\/actualites\/19855","targetHints":{"allow":["GET"]}}],"collection":[{"href":"https:\/\/www.generationsanstabac.org\/en\/wp-json\/wp\/v2\/actualites"}],"about":[{"href":"https:\/\/www.generationsanstabac.org\/en\/wp-json\/wp\/v2\/types\/actualites"}],"version-history":[{"count":0,"href":"https:\/\/www.generationsanstabac.org\/en\/wp-json\/wp\/v2\/actualites\/19855\/revisions"}],"wp:featuredmedia":[{"embeddable":true,"href":"https:\/\/www.generationsanstabac.org\/en\/wp-json\/wp\/v2\/media\/19590"}],"wp:attachment":[{"href":"https:\/\/www.generationsanstabac.org\/en\/wp-json\/wp\/v2\/media?parent=19855"}],"wp:term":[{"taxonomy":"post_tag","embeddable":true,"href":"https:\/\/www.generationsanstabac.org\/en\/wp-json\/wp\/v2\/tags?post=19855"},{"taxonomy":"thematique","embeddable":true,"href":"https:\/\/www.generationsanstabac.org\/en\/wp-json\/wp\/v2\/thematique?post=19855"}],"curies":[{"name":"wp","href":"https:\/\/api.w.org\/{rel}","templated":true}]}}