{"id":19851,"date":"2020-06-25T15:41:17","date_gmt":"2020-06-25T13:41:17","guid":{"rendered":"https:\/\/www.generationsanstabac.org\/actualites\/cameroun-nouveau-texte-loi-adopte-assemblee-nationale\/"},"modified":"2020-06-25T15:41:17","modified_gmt":"2020-06-25T13:41:17","slug":"cameroun-nouveau-texte-loi-adopte-assemblee-nationale","status":"publish","type":"actualites","link":"https:\/\/www.generationsanstabac.org\/en\/actualites\/cameroun-nouveau-texte-loi-adopte-assemblee-nationale\/","title":{"rendered":"In Cameroon, a new law adopted by the National Assembly"},"content":{"rendered":"<p style=\"text-align: justify;\"><em>Le 22 juin 2020, 13 jours apr\u00e8s l\u2019ouverture de de la session mensuelle, trois conventions nationales ont \u00e9t\u00e9 ratifi\u00e9es par le chef de l\u2019\u00c9tat durant le pl\u00e9ni\u00e8re, avec l\u2019accord des d\u00e9put\u00e9s. L\u2019une d\u2019elle est en lien avec le commerce du tabac. <\/em><\/p>\n<h2 style=\"text-align: justify;\">Un protocole pour lutter contre le commerce illicite du tabac<\/h2>\n<p style=\"text-align: justify;\">Le protocole pour l\u2019\u00e9limination du commerce illicite des produits du tabac a \u00e9t\u00e9 ainsi ratifi\u00e9, apr\u00e8s que le ministre du commerce, Luc Magloire Mbarga Atangana, a r\u00e9pondu aux questions de huit d\u00e9put\u00e9s. Le Cameroun avait d\u00e9j\u00e0 adopt\u00e9 la loi anti-tabac en 2005, l\u2019arr\u00eat\u00e9 conjoint Minsant\u00e9-Mincommerce du 3 juin 2017 et la loi cadre de l\u2019OMS du 21 mai 2003.<\/p>\n<h2 style=\"text-align: justify;\">Une march\u00e9 illicite important<\/h2>\n<p style=\"text-align: justify;\">Le ministre du commerce a \u00e9galement proc\u00e9d\u00e9 \u00e0 l\u2019examen du march\u00e9 du tabac : sur 5 acteurs pr\u00e9sents, le seul acteur national remporte 14 % des parts du march\u00e9. La contrebande, quant \u00e0 elle, repr\u00e9sente 20 % des parts. Il existe donc pour le Cameroun un double int\u00e9r\u00eat \u00e0 lutter contre ce march\u00e9 ill\u00e9gal :<br \/>\n&#8211; financier, puisque le pays y gagnera des recettes importantes,<br \/>\n&#8211; sanitaire, en veillant \u00e0 la sant\u00e9 de ses consommateurs.<\/p>\n<h2 style=\"text-align: justify;\">Vers un syst\u00e8me de tra\u00e7abilit\u00e9<\/h2>\n<p style=\"text-align: justify;\">La d\u00e9put\u00e9e du PCRN (Parti camerounais pour la r\u00e9conciliation nationale) est intervenue et a soulev\u00e9 l\u2019\u00ab \u00e9pineux probl\u00e8me (\u2026) de l\u2019ing\u00e9rence de l\u2019industrie du tabac dans le process du circuit de contr\u00f4le \u00bb. Elle insiste sur l\u2019importance primordiale de la mise en place d\u2019un syst\u00e8me de tra\u00e7abilit\u00e9 et d\u2019un suivi du produit tabac, comme il l\u2019est d\u2019ailleurs stipul\u00e9 dans l\u2019article 8 du protocole. Elle a recommand\u00e9 \u00ab un syst\u00e8me informatique rigide avec, sur l\u2019\u00e9tiquetage, des mentions claires aux r\u00e9f\u00e9rentiels \u00e9tablis qui nous permettront de savoir que tel paquet de cigarette a \u00e9t\u00e9 fabriqu\u00e9 dans tel pays, dans telle usine et m\u00eame de conna\u00eetre le circuit de sa distribution jusqu\u2019aux consommateurs \u00bb. Et ce, quel qu\u2019en soit le co\u00fbt. La d\u00e9put\u00e9e a notamment salu\u00e9 l\u2019exemple du Kenya, qui poss\u00e8de d\u00e9sormais un syst\u00e8me de tra\u00e7abilit\u00e9 efficace, ainsi que les actions du Tchad. Enfin, elle a encourag\u00e9 \u00e0 recourir davantage au num\u00e9rique, qu\u2019elle consid\u00e8re comme \u00ab une aubaine pour r\u00e9duire plusieurs maux tels que la corruption \u00bb.<\/p>\n<h2 style=\"text-align: justify;\">L\u2019impartialit\u00e9 en cause<\/h2>\n<p style=\"text-align: justify;\">Point crucial cependant : l\u2019industrie du tabac ne doit pouvoir influencer l\u2019\u00e9tablissement de ce syst\u00e8me : elle serait alors juge et partie. L\u2019article 5.3 de la Convention aborde d\u2019ailleurs ce sujet. Reste maintenant \u00e0 voir quelle application sera mise en place.<\/p>\n<h2 style=\"text-align: justify;\">Une augmentation des prix du tabac<\/h2>\n<p style=\"text-align: justify;\">Luc Magloire Mbarga Atangana a \u00e9galement d\u00e9clar\u00e9 que \u00ab la taxation des cigarettes et whiskys en sachet sera \u00e9lev\u00e9e afin de les rendre moins accessibles \u00bb. L\u2019objectif est que le prix devienne dissuasif pour les consommateurs et que l\u2019ensemble de la population camerounaise, fumeuse ou non, soit mieux prot\u00e9g\u00e9e. Rappelons qu\u2019au Cameroun, 13,9% des hommes, 4,3% des femmes et 8,9% des adultes au total (1,1 million) utilisent actuellement des produits du tabac<a href=\"http:\/\/www.statistics-cameroon.org\/news.php?id=266\">[1]<\/a>.<\/p>\n<p style=\"text-align: justify;\"><span style=\"color: #666699;\"><a style=\"color: #666699;\" href=\"https:\/\/www.generationsanstabac.org\/\">\u00a9G\u00e9n\u00e9ration Sans Tabac<\/a><\/span><\/p>\n<hr \/>\n<p style=\"text-align: justify;\">[1] <a href=\"http:\/\/www.statistics-cameroon.org\/news.php?id=266\">http:\/\/www.statistics-cameroon.org\/news.php?id=266<\/a><\/p>\n<p style=\"text-align: justify;\">Yannick Zanga, \u00ab Assembl\u00e9e nationale : trois textes adopt\u00e9s \u00bb,<br \/>\n<a href=\"http:\/\/www.cameroun-tribune.com\">www.cameroun-tribune.com<\/a>,<br \/>\n23 juin 2020<br \/>\n<a href=\"https:\/\/www.cameroon-tribune.cm\/article.html\/33212\/fr.html\/assemblee-nationale-trois-textes-adoptes\">https:\/\/www.cameroon-tribune.cm\/article.html\/33212\/fr.html\/assemblee-nationale-trois-textes-adoptes<\/a><\/p>\n<p style=\"text-align: justify;\">N.R.M., \u00ab Activit\u00e9s Parlementaires : L\u2019honorable Rolande Ngo Issi interpelle le ministre du Commerce \u00bb,<br \/>\n<a href=\"http:\/\/www.agencecamerounpresse.com\">www.agencecamerounpresse.com<\/a>, 23 juin 2020<br \/>\n<a href=\"https:\/\/agencecamerounpresse.com\/tribune-libre\/activit%C3%A9s-parlementaires-l%E2%80%99honorable-rolande-ngo-issi-interpelle-le-ministre-du-commerce.html\">https:\/\/agencecamerounpresse.com\/tribune-libre\/activit%C3%A9s-parlementaires-l%E2%80%99honorable-rolande-ngo-issi-interpelle-le-ministre-du-commerce.html<\/a><\/p>\n<p style=\"text-align: justify;\">Yannick A. Kenne, \u00ab Cameroun &#8211; Commerce: L\u2019Etat veut augmenter les prix des produits du tabac pour d\u00e9courager les consommateurs \u00bb,<br \/>\n<a href=\"http:\/\/www.cameroon-info.net\">www.cameroon-info.net<\/a>, 23 juin 2020<br \/>\n<a href=\"http:\/\/www.cameroon-info.net\/article\/cameroun-commerce-letat-veut-augmenter-les-prix-des-produits-du-tabac-pour-decourager-les-375618.html\">http:\/\/www.cameroon-info.net\/article\/cameroun-commerce-letat-veut-augmenter-les-prix-des-produits-du-tabac-pour-decourager-les-375618.html<\/a><\/p>\n<p style=\"text-align: justify;\">Dieudonn\u00e9 Zra, \u00ab Vers une augmentation des prix des produits du tabac \u00bb,<br \/>\n<a href=\"http:\/\/www.crtv.cm,\">www.crtv.cm,<\/a> 23 juin 2020<br \/>\n<a href=\"http:\/\/www.crtv.cm\/2020\/06\/vers-une-augmentation-des-prix-des-produits-du-tabac\/\">http:\/\/www.crtv.cm\/2020\/06\/vers-une-augmentation-des-prix-des-produits-du-tabac\/<\/a><\/p>\n<p style=\"text-align: justify;\">[i] \u00ab\u00a0Le Tchad dit non aux man\u0153uvres d\u2019Imperial Tobacco\u00a0\u00bb<br \/>\n<a href=\"https:\/\/www.generationsanstabac.org\/actualites\/le-tchad-dit-non-aux-manoeuvres-dimperial-tobacco\/\">https:\/\/www.generationsanstabac.org\/actualites\/le-tchad-dit-non-aux-manoeuvres-dimperial-tobacco\/<\/a><\/p>\n<p style=\"text-align: justify;\"><span style=\"color: #e8e8e8;\"><strong><a style=\"color: #e8e8e8;\" href=\"http:\/\/dnf.asso.fr\/\/\" target=\"_blank\" rel=\"noopener noreferrer\"> \u00a9DNF &#8211; Pour un Monde ZeroTabac |<\/a><\/strong><\/span><\/p>\n","protected":false},"excerpt":{"rendered":"<p>On June 22, 2020, three national conventions were ratified by the Head of State of Cameroon with the agreement of the deputies, including one on the tobacco trade.<\/p>","protected":false},"featured_media":19852,"template":"","tags":[],"thematique":[491],"class_list":["post-19851","actualites","type-actualites","status-publish","has-post-thumbnail","hentry","thematique-politiques-publiques"],"acf":[],"_links":{"self":[{"href":"https:\/\/www.generationsanstabac.org\/en\/wp-json\/wp\/v2\/actualites\/19851","targetHints":{"allow":["GET"]}}],"collection":[{"href":"https:\/\/www.generationsanstabac.org\/en\/wp-json\/wp\/v2\/actualites"}],"about":[{"href":"https:\/\/www.generationsanstabac.org\/en\/wp-json\/wp\/v2\/types\/actualites"}],"version-history":[{"count":0,"href":"https:\/\/www.generationsanstabac.org\/en\/wp-json\/wp\/v2\/actualites\/19851\/revisions"}],"wp:featuredmedia":[{"embeddable":true,"href":"https:\/\/www.generationsanstabac.org\/en\/wp-json\/wp\/v2\/media\/19852"}],"wp:attachment":[{"href":"https:\/\/www.generationsanstabac.org\/en\/wp-json\/wp\/v2\/media?parent=19851"}],"wp:term":[{"taxonomy":"post_tag","embeddable":true,"href":"https:\/\/www.generationsanstabac.org\/en\/wp-json\/wp\/v2\/tags?post=19851"},{"taxonomy":"thematique","embeddable":true,"href":"https:\/\/www.generationsanstabac.org\/en\/wp-json\/wp\/v2\/thematique?post=19851"}],"curies":[{"name":"wp","href":"https:\/\/api.w.org\/{rel}","templated":true}]}}