{"id":19848,"date":"2020-06-24T14:52:35","date_gmt":"2020-06-24T12:52:35","guid":{"rendered":"https:\/\/www.generationsanstabac.org\/actualites\/tabac-a-chauffer-porte-entree-vers-le-tabagisme\/"},"modified":"2020-06-24T14:52:35","modified_gmt":"2020-06-24T12:52:35","slug":"tabac-a-chauffer-porte-entree-vers-le-tabagisme","status":"publish","type":"actualites","link":"https:\/\/www.generationsanstabac.org\/en\/actualites\/tabac-a-chauffer-porte-entree-vers-le-tabagisme\/","title":{"rendered":"Heated tobacco: a gateway to smoking?"},"content":{"rendered":"<p style=\"text-align: justify;\"><em>Le tabac \u00e0 chauffer est-il un premier pas pour les jeunes vers des pratiques plus risqu\u00e9es ? Plusieurs \u00e9tudes r\u00e9centes, suisse, allemande et japonaise, se sont pench\u00e9es sur le sujet. <\/em><\/p>\n<h2 style=\"text-align: justify;\">Le tabac \u00e0 chauffer, qu\u2019est-ce que c\u2019est ?<\/h2>\n<p style=\"text-align: justify;\">Le tabac \u00e0 chauffer est un dispositif \u00e9lectronique constituant un mix entre la cigarette classique et la vapoteuse. La diff\u00e9rence principale r\u00e9side dans l\u2019absence de combustion : le tabac est chauff\u00e9 \u00e9lectroniquement. Il se d\u00e9gage alors une vapeur de tabac, rappelant celle d\u2019une cigarette, mais aucune combustion n\u2019a lieu. Sur le march\u00e9, iQOS et Glo sont des marques de tabac \u00e0 chauffer.<\/p>\n<p style=\"text-align: justify;\">L\u2019industrie du tabac a utilis\u00e9 l\u2019argumentaire de la r\u00e9duction des risques \u2013 de l\u2019ordre de 90 \u00e0 95% ! &#8211;<a href=\"https:\/\/www.ersnet.org\/the-society\/news\/ers-position-paper-on-heated-tobacco-products\">[1]<\/a> pour les promouvoir aupr\u00e8s des consommateurs. L\u2019absence de combustion a notamment \u00e9t\u00e9 instrumentalis\u00e9e pour avancer que le nombre de particules toxiques normalement inhal\u00e9es avec la fum\u00e9e de cigarette \u00e9tait limit\u00e9 et que les effets nocifs du tabagisme s\u2019en retrouvaient ainsi amoindris.<\/p>\n<p style=\"text-align: justify;\">Au vu des recherches ind\u00e9pendantes en contradiction avec cette position, qui se multiplient aujourd\u2019hui, les arguments des industriels perdent en cr\u00e9dibilit\u00e9. A titre d\u2019exemple, quatre chercheurs de l\u2019Universit\u00e9 de Californie \u00e9valuaient la v\u00e9racit\u00e9 de la th\u00e9orie de r\u00e9duction des risques, en 2018. Ils montraient alors que 22 substances nocives ou potentiellement nocives \u00e9taient \u00e0 plus de 200% plus \u00e9lev\u00e9es que dans la fum\u00e9e de cigarette et pire encore, 7 \u00e0 plus de 1 000% <a href=\"https:\/\/pubmed.ncbi.nlm.nih.gov\/30158205\/#affiliation-1\">[2]<\/a>.<\/p>\n<h2 style=\"text-align: justify;\">Une addiction qui persiste<\/h2>\n<p style=\"text-align: justify;\">Le tabac \u00e0 chauffer contient de la nicotine, une substance nocive et extr\u00eamement addictive. Il existe donc un risque :<br \/>\n&#8211; d\u2019entra\u00eener une r\u00e9elle addiction chez les nouveaux fumeurs ;<br \/>\n&#8211; que ces fumeurs d\u00e9veloppent les nombreuses pathologies associ\u00e9es au tabagisme, et d\u00e9c\u00e8dent ;<br \/>\nque l\u2019exposition au tabagisme passif, nocive, s\u2019en retrouve \u00e9largie.<\/p>\n<h2 style=\"text-align: justify;\">Des \u00e9tudes rassurantes sur le d\u00e9veloppement de cette nouvelle pratique addictiv<strong>e<\/strong><\/h2>\n<p style=\"text-align: justify;\">Une \u00e9tude de 2019 r\u00e9alis\u00e9e par l\u2019association contre la d\u00e9pendance Addiction Suisse r\u00e9v\u00e8le que dans ce pays, moins de 2 % des jeunes de 15 ans avaient en 2019 test\u00e9 au moins une fois dans leur vie le tabac \u00e0 chauffer. Parmi eux, presque tous avaient d\u00e9but\u00e9 le tabagisme par des cigarettes classiques et\/ou \u00e9lectroniques.<\/p>\n<p style=\"text-align: justify;\">En Allemagne, le Centre f\u00e9d\u00e9ral pour l\u2019\u00e9ducation sanitaire a publi\u00e9 en 2019 un rapport sur le tabac chez les jeunes et les jeunes adultes. Selon ce document, 8,7 % des Allemands \u00e2g\u00e9s de 12 \u00e0 17 sont fumeurs. Parmi eux, seuls 0,3 % ont d\u00e9j\u00e0 essay\u00e9 le tabac \u00e0 chauffer.<\/p>\n<p style=\"text-align: justify;\">Enfin, au Japon, le professeur Osaki, du d\u00e9partement de m\u00e9decine pr\u00e9ventive de l\u2019universit\u00e9 de Tottori, pr\u00e9cise que la consommation de tabac \u00e0 chauffer chez les jeunes et les adolescents est inf\u00e9rieure \u00e0 celles de cigarettes traditionnelles et \u00e9lectroniques. Selon son \u00e9tude, seuls 1,1 % des coll\u00e9giens et 2,2 % des lyc\u00e9ens de son pays ont d\u00e9j\u00e0 test\u00e9 le tabac \u00e0 chauffer.<\/p>\n<p style=\"text-align: justify;\">Il ne semble donc pas \u00e0 l\u2019heure actuelle que le tabac \u00e0 chauffer ait pris une place significative sur les march\u00e9s, ce qui est une bonne nouvelle. Cette pratique reste n\u00e9anmoins \u00e0 surveiller et \u00e9tudier pour contrecarrer la d\u00e9sinformation de l\u2019industrie du tabac.<\/p>\n<p style=\"text-align: justify;\"><span style=\"color: #e8e8e8;\"><a style=\"color: #e8e8e8;\" href=\"https:\/\/www.generationsanstabac.org\/\">\u00a9G\u00e9n\u00e9ration Sans Tabac<\/a><\/span><\/p>\n<hr \/>\n<p style=\"text-align: justify;\">[1] <a href=\"https:\/\/www.ersnet.org\/the-society\/news\/ers-position-paper-on-heated-tobacco-products\">https:\/\/www.ersnet.org\/the-society\/news\/ers-position-paper-on-heated-tobacco-products<\/a><\/p>\n<p style=\"text-align: justify;\">[2] St Helen G, Jacob Iii P, Nardone N, Benowitz NL. IQOS: examination of Philip Morris International&rsquo;s claim of reduced exposure. Tob Control. 2018;27(Suppl 1):s30-s36. doi:10.1136\/tobaccocontrol-2018-054321<br \/>\n<a href=\"https:\/\/pubmed.ncbi.nlm.nih.gov\/30158205\/#affiliation-1\">https:\/\/pubmed.ncbi.nlm.nih.gov\/30158205\/#affiliation-1<\/a><\/p>\n<p style=\"text-align: justify;\">Source<br \/>\nTiana, \u00ab Tabagisme : le tabac \u00e0 chauffer peu propice \u00e0 l\u2019initiation des jeunes \u00bb,<br \/>\n<a href=\"http:\/\/www.vivredemain.fr\">www.vivredemain.fr<\/a>, 5 juin 2020<br \/>\n<a href=\"https:\/\/vivredemain.fr\/2020\/06\/05\/tabagisme-le-tabac-a-chauffer-peu-propice-a-linitiation-des-jeunes\">https:\/\/vivredemain.fr\/2020\/06\/05\/tabagisme-le-tabac-a-chauffer-peu-propice-a-linitiation-des-jeunes<\/a>.<\/p>\n<p style=\"text-align: justify;\">[i] \u00ab\u00a0IQOS : l\u2019offensive mondiale de Philip Morris\u00a0\u00bb<br \/>\n<a href=\"https:\/\/www.generationsanstabac.org\/actualites\/iqos-loffensive-mondiale-de-philip-morris\/\">https:\/\/www.generationsanstabac.org\/actualites\/iqos-loffensive-mondiale-de-philip-morris\/<\/a><\/p>\n<p style=\"text-align: justify;\"><span style=\"color: #e8e8e8;\"><strong><a style=\"color: #e8e8e8;\" href=\"http:\/\/dnf.asso.fr\/\/\" target=\"_blank\" rel=\"noopener noreferrer\"> \u00a9DNF &#8211; Pour un Monde ZeroTabac |<\/a><\/strong><\/span><\/p>\n","protected":false},"excerpt":{"rendered":"<p>Is heated tobacco a first step for young people towards riskier practices? Several recent studies have looked into the subject.<\/p>","protected":false},"featured_media":11571,"template":"","tags":[],"thematique":[516,474],"class_list":["post-19848","actualites","type-actualites","status-publish","has-post-thumbnail","hentry","thematique-nouveaux-produits","thematique-sante"],"acf":[],"_links":{"self":[{"href":"https:\/\/www.generationsanstabac.org\/en\/wp-json\/wp\/v2\/actualites\/19848","targetHints":{"allow":["GET"]}}],"collection":[{"href":"https:\/\/www.generationsanstabac.org\/en\/wp-json\/wp\/v2\/actualites"}],"about":[{"href":"https:\/\/www.generationsanstabac.org\/en\/wp-json\/wp\/v2\/types\/actualites"}],"version-history":[{"count":0,"href":"https:\/\/www.generationsanstabac.org\/en\/wp-json\/wp\/v2\/actualites\/19848\/revisions"}],"wp:featuredmedia":[{"embeddable":true,"href":"https:\/\/www.generationsanstabac.org\/en\/wp-json\/wp\/v2\/media\/11571"}],"wp:attachment":[{"href":"https:\/\/www.generationsanstabac.org\/en\/wp-json\/wp\/v2\/media?parent=19848"}],"wp:term":[{"taxonomy":"post_tag","embeddable":true,"href":"https:\/\/www.generationsanstabac.org\/en\/wp-json\/wp\/v2\/tags?post=19848"},{"taxonomy":"thematique","embeddable":true,"href":"https:\/\/www.generationsanstabac.org\/en\/wp-json\/wp\/v2\/thematique?post=19848"}],"curies":[{"name":"wp","href":"https:\/\/api.w.org\/{rel}","templated":true}]}}