{"id":19835,"date":"2020-06-23T13:16:29","date_gmt":"2020-06-23T11:16:29","guid":{"rendered":"https:\/\/www.generationsanstabac.org\/actualites\/deces-dus-tabac-france-forte-hausse-femmes\/"},"modified":"2020-06-23T13:16:29","modified_gmt":"2020-06-23T11:16:29","slug":"deces-dus-tabac-france-forte-hausse-femmes","status":"publish","type":"actualites","link":"https:\/\/www.generationsanstabac.org\/en\/actualites\/deces-dus-tabac-france-forte-hausse-femmes\/","title":{"rendered":"Deaths due to tobacco in France: a sharp increase among women"},"content":{"rendered":"<p style=\"text-align: justify;\"><em>Entre 2000 et 2014, le nombre de d\u00e9c\u00e8s imputables au tabac chez les femmes a doubl\u00e9. C\u2019est ce qu\u2019annon\u00e7ait en octobre 2018 l\u2019agence Sant\u00e9 publique France, qui jugeait l\u2019\u00e9volution \u00ab tr\u00e8s pr\u00e9occupante \u00bb. Mais \u00e0 l\u2019heure o\u00f9 les hommes r\u00e9duisent leur consommation, pourquoi une telle augmentation de la mortalit\u00e9 chez les individus f\u00e9minins ?<\/em><\/p>\n<h2 style=\"text-align: justify;\">Une tendance \u00e0 contre-courant<\/h2>\n<p style=\"text-align: justify;\">La g\u00e9n\u00e9ralisation du tabagisme chez les femmes a commenc\u00e9 dans les ann\u00e9es 1970. Peu \u00e0 peu, le nombre de fumeuses s\u2019est rapproch\u00e9 de celui des fumeurs : en 2017, ce sont 24 % des femmes \u00e2g\u00e9es de 15 \u00e0 75 ans qui fumaient, contre 30 % chez les hommes. Et si entre 2016 et 2017, le nombre de fumeurs a baiss\u00e9 d\u2019un million, le tabagisme chez les femmes \u00e2g\u00e9es de 45 \u00e0 54 ans est quant \u00e0 lui rest\u00e9 inchang\u00e9.<\/p>\n<h2 style=\"text-align: justify;\">\u00c9mancipation et marketing<\/h2>\n<p style=\"text-align: justify;\">Parmi les facteurs qui pourraient expliquer cette pratique, on citera bien entendu l\u2019\u00e9mancipation des femmes, mais aussi les strat\u00e9gies marketing cibl\u00e9es des industriels du tabac. Ainsi, des marques comme Fine, Vogue, Corset ou encore Allure, v\u00e9hiculaient une image qui se voulait glamour et\/ou \u00e9voquant la sveltesse. Des arguments qui ont pu \u00eatre attractifs pour la gent f\u00e9minine. Leur nom ayant \u00e9t\u00e9 jug\u00e9 trop attractif, ces marques ont \u00e9t\u00e9 interdites \u00e0 la vente en 2017<a href=\"https:\/\/www.lefigaro.fr\/conso\/2017\/01\/30\/20010-20170130ARTFIG00114-cigarettes-l-interdiction-de-certaines-marques-se-rapproche.php\">[1]<\/a>.<\/p>\n<h3 style=\"text-align: justify;\">Des cons\u00e9quences notables sur la sant\u00e9 des femmes<\/h3>\n<p style=\"text-align: justify;\">Cette hausse du tabagisme f\u00e9minin a sans surprise engendr\u00e9 une augmentation du nombre de cancers du poumon, de BPCO (broncho-pneumopathie chronique obstructive) et d\u2019infarctus du myocarde. L\u2019\u00e9tude de Sant\u00e9 publique France annon\u00e7ait en 2018 que le cancer du poumon devrait devenir dans un avenir proche le plus meurtrier chez la femme, devant le cancer du sein. En effet, le cancer du poumon a augment\u00e9 de 71 % chez les femmes entre 2000 et 2014 \u2013 il a baiss\u00e9 de 15 % chez les hommes. Les femmes touch\u00e9es ont majoritairement entre 55 et 64 ans : elles appartiennent donc \u00e0 la g\u00e9n\u00e9ration n\u00e9e dans les ann\u00e9es 1950, qui a commenc\u00e9 \u00e0 fumer en nombre dans les ann\u00e9es 1970.<\/p>\n<h2 style=\"text-align: justify;\">Grossesse : des risques pour la m\u00e8re comme pour le f\u0153tus<\/h2>\n<p style=\"text-align: justify;\">Il faut noter que 16 % des femmes enceintes fument encore en fin de grossesse, ce qui repr\u00e9sente un des taux les plus \u00e9lev\u00e9s d\u2019Europe. Une \u00e9tude de Sant\u00e9 publique France r\u00e9v\u00e8le de fortes in\u00e9galit\u00e9s : les femmes enceintes fument davantage dans l\u2019Ouest et dans le Nord qu\u2019en \u00cele-de-France. Le niveau d\u2019\u00e9tude et le revenu semblent notamment impacter les r\u00e9sultats. Enfin, on notera que si la moiti\u00e9 des fumeuses stoppent leur consommation durant la grossesse, 82 % reprennent malheureusement apr\u00e8s l\u2019accouchement.<\/p>\n<p style=\"text-align: justify;\">Pourtant un arr\u00eat d\u00e9finitif prot\u00e9gerait leur sant\u00e9 et \u00e9viterait \u00e0 leur b\u00e9b\u00e9 et au reste de leur entourage de courir les risques li\u00e9s au tabagisme passif. Un suivi particulier de ces sevrages sp\u00e9cifiques pourrait donc \u00eatre envisag\u00e9 afin de p\u00e9renniser l\u2019arr\u00eat du tabac et de tenter d\u2019inverser la courbe de la mortalit\u00e9 \u00e9voqu\u00e9e ci-dessus.<\/p>\n<p style=\"text-align: justify;\"><span style=\"color: #666699;\"><a style=\"color: #666699;\" href=\"https:\/\/www.generationsanstabac.org\/\">\u00a9G\u00e9n\u00e9ration Sans Tabac<\/a><\/span><\/p>\n<hr \/>\n<p style=\"text-align: justify;\">[i] \u00ab\u00a0Les femmes demeurent une cible majeure pour l\u2019industrie du tabac\u00a0\u00bb<br \/>\n<a href=\"https:\/\/www.generationsanstabac.org\/actualites\/les-femmes-demeurent-une-cible-majeure-pour-lindustrie-du-tabac\/\">https:\/\/www.generationsanstabac.org\/actualites\/les-femmes-demeurent-une-cible-majeure-pour-lindustrie-du-tabac\/<\/a><\/p>\n<p style=\"text-align: justify;\">[i] \u00ab\u00a0Femmes : un si\u00e8cle de ciblage marketing de la part de l\u2019industrie du tabac\u00a0\u00bb<br \/>\n<a href=\"https:\/\/www.generationsanstabac.org\/actualites\/femmes-siecle-ciblage-marketing-industrie-tabac\/\">https:\/\/www.generationsanstabac.org\/actualites\/femmes-siecle-ciblage-marketing-industrie-tabac\/<\/a><\/p>\n<p style=\"text-align: justify;\">\u00ab D\u00e9c\u00e8s li\u00e9s au tabac : ils doublent chez les femmes en 15 ans \u00bb, L\u2019Express et AFP,<br \/>\n<a href=\"http:\/\/www.lexpress.fr\">www.lexpress.fr<\/a>, 30 octobre 2018<br \/>\n<a href=\"https:\/\/www.lexpress.fr\/actualite\/societe\/sante\/deces-lies-au-tabac-ils-doublent-chez-les-femmes-en-15-ans_2045362.html\">https:\/\/www.lexpress.fr\/actualite\/societe\/sante\/deces-lies-au-tabac-ils-doublent-chez-les-femmes-en-15-ans_2045362.html<\/a><\/p>\n<p style=\"text-align: justify;\">[1] <a href=\"https:\/\/www.lefigaro.fr\/conso\/2017\/01\/30\/20010-20170130ARTFIG00114-cigarettes-l-interdiction-de-certaines-marques-se-rapproche.php\">https:\/\/www.lefigaro.fr\/conso\/2017\/01\/30\/20010-20170130ARTFIG00114-cigarettes-l-interdiction-de-certaines-marques-se-rapproche.php<\/a><\/p>\n<p style=\"text-align: justify;\"><span style=\"color: #e8e8e8;\"><strong><a style=\"color: #e8e8e8;\" href=\"http:\/\/dnf.asso.fr\/\/\" target=\"_blank\" rel=\"noopener noreferrer\"> \u00a9DNF &#8211; Pour un Monde ZeroTabac |<\/a><\/strong><\/span><\/p>\n","protected":false},"excerpt":{"rendered":"<p>Between 2000 and 2014, the number of deaths attributable to tobacco among women doubled according to Public Health France, which considers the trend to be very worrying.<\/p>","protected":false},"featured_media":19836,"template":"","tags":[],"thematique":[474],"class_list":["post-19835","actualites","type-actualites","status-publish","has-post-thumbnail","hentry","thematique-sante"],"acf":[],"_links":{"self":[{"href":"https:\/\/www.generationsanstabac.org\/en\/wp-json\/wp\/v2\/actualites\/19835","targetHints":{"allow":["GET"]}}],"collection":[{"href":"https:\/\/www.generationsanstabac.org\/en\/wp-json\/wp\/v2\/actualites"}],"about":[{"href":"https:\/\/www.generationsanstabac.org\/en\/wp-json\/wp\/v2\/types\/actualites"}],"version-history":[{"count":0,"href":"https:\/\/www.generationsanstabac.org\/en\/wp-json\/wp\/v2\/actualites\/19835\/revisions"}],"wp:featuredmedia":[{"embeddable":true,"href":"https:\/\/www.generationsanstabac.org\/en\/wp-json\/wp\/v2\/media\/19836"}],"wp:attachment":[{"href":"https:\/\/www.generationsanstabac.org\/en\/wp-json\/wp\/v2\/media?parent=19835"}],"wp:term":[{"taxonomy":"post_tag","embeddable":true,"href":"https:\/\/www.generationsanstabac.org\/en\/wp-json\/wp\/v2\/tags?post=19835"},{"taxonomy":"thematique","embeddable":true,"href":"https:\/\/www.generationsanstabac.org\/en\/wp-json\/wp\/v2\/thematique?post=19835"}],"curies":[{"name":"wp","href":"https:\/\/api.w.org\/{rel}","templated":true}]}}