{"id":19833,"date":"2020-06-23T13:01:50","date_gmt":"2020-06-23T11:01:50","guid":{"rendered":"https:\/\/www.generationsanstabac.org\/actualites\/tabac-et-afrique-une-longue-histoire\/"},"modified":"2020-06-23T13:01:50","modified_gmt":"2020-06-23T11:01:50","slug":"tabac-et-afrique-une-longue-histoire","status":"publish","type":"actualites","link":"https:\/\/www.generationsanstabac.org\/en\/actualites\/tabac-et-afrique-une-longue-histoire\/","title":{"rendered":"Tobacco and Africa: a long history"},"content":{"rendered":"<p style=\"text-align: justify;\"><em>Le tabac a \u00e9t\u00e9 import\u00e9 en Afrique de l\u2019Est par les Portugais en 1560. D\u00e8s 1600, les Espagnols l\u2019introduisent sur l\u2019ensemble du continent. Depuis, on y observe une grande h\u00e9t\u00e9rog\u00e9n\u00e9it\u00e9, qu\u2019il s\u2019agisse des taux de tabagisme, des mesures anti-tabac, des programmes de sevrage ou encore des taxes sur la vente de cigarettes. <\/em><\/p>\n<h2 style=\"text-align: justify;\">Des taux de tabagisme qui varient sur le continent<\/h2>\n<p style=\"text-align: justify;\">On sait aujourd\u2019hui que 80 % des fumeurs dans le monde vivent dans des pays \u00e0 revenus faibles ou interm\u00e9diaires.<br \/>\nSelon l\u2019OMS, 18 % des hommes et 2 % des femmes de la r\u00e9gion Afrique fument. Mais on observe de fortes disparit\u00e9s sue ce vaste continent. Le plus fort taux de tabagisme relev\u00e9 chez les hommes en 2019 l\u2019\u00e9tait au Lesotho (53 %), le plus faible au Ghana (7%). Chez les femmes, le taux le plus \u00e9lev\u00e9 est constat\u00e9 en Namibie (9%), les plus faibles (inf\u00e9rieurs \u00e0 1 %) dans les pays d\u2019Afrique de l\u2019Ouest. \u00c0 noter enfin que le taux de tabagisme en Afrique Sub-saharienne est le moins \u00e9lev\u00e9 de toutes les r\u00e9gions de l\u2019OMS.<\/p>\n<h2 style=\"text-align: justify;\">Les politiques anti-tabac en Afrique<\/h2>\n<p style=\"text-align: justify;\">L\u00e0 encore, on note de fortes in\u00e9galit\u00e9s entre les pays africains. Ainsi, le Kenya, l\u2019\u00cele Maurice, l\u2019Ouganda, le S\u00e9n\u00e9gal et les Seychelles ont instaur\u00e9 les plans les plus ambitieux. Au Burkina Faso, au Tchad, au Congo, \u00e0 Madagascar, en Namibie, aux Seychelles, en Ouganda ou au S\u00e9n\u00e9gal, il est interdit par la loi de fumer dans les lieux publics et les lieux de travail.<br \/>\nConcernant l\u2019accompagnement au sevrage tabagique, le S\u00e9n\u00e9gal \u00e9tait en 2019 le seul pays \u00e0 avoir mis en place des programmes.<\/p>\n<h2 style=\"text-align: justify;\">Avertissements, publicit\u00e9s et taxes<\/h2>\n<p style=\"text-align: justify;\">Des avertissements concernant les dangers du tabagisme figurent sur les emballages des paquets au Burkina Faso, au Tchad, \u00e0 Madagascar, sur l\u2019\u00cele Maurice, la Namibie, le S\u00e9n\u00e9gal et aux Seychelles.<br \/>\nAu Nig\u00e9ria, au S\u00e9n\u00e9gal, en Ouganda, au Tchad, en \u00c9rythr\u00e9e, au Ghana, en Guin\u00e9e, au Kenya, \u00e0 Madagascar, sur l\u2019\u00cele Maurice, au Niger, au Nig\u00e9ria et au Togo, la publicit\u00e9 pour la cigarette, qu\u2019elle soit directe ou indirecte, est interdite.<br \/>\nC\u00f4t\u00e9 taxes, des mesures ont \u00e9t\u00e9 introduites dans de nombreux pays. Les plus fortes ont \u00e9t\u00e9 mises en place sur l\u2019\u00cele Maurice, aux Seychelles et \u00e0 Madagascar : les taxes y atteignent 70 \u00e0 80 % du prix de vente des cigarettes.<\/p>\n<p style=\"text-align: justify;\"><span style=\"color: #666699;\"><a style=\"color: #e8e8e8;\" href=\"https:\/\/www.generationsanstabac.org\/\">\u00a9G\u00e9n\u00e9ration Sans Tabac<\/a><\/span><\/p>\n<hr \/>\n<p style=\"text-align: justify;\">[i] \u00ab\u00a0Fiche d\u2019informations : le tabac dans les pays en d\u00e9veloppement\u00a0\u00bb<br \/>\n<a href=\"https:\/\/www.generationsanstabac.org\/article\/fiche-dinformations-tabac-dans-les-pays-en-developpement\/\">https:\/\/www.generationsanstabac.org\/article\/fiche-dinformations-tabac-dans-les-pays-en-developpement\/<\/a><\/p>\n<p style=\"text-align: justify;\">[i] \u00ab\u00a0La jeunesse africaine, proie de l\u2019industrie du tabac\u00a0\u00bb<br \/>\n<a href=\"https:\/\/www.generationsanstabac.org\/actualites\/jeunes-africaine-proie-de-lindustrie-du-tabac\/\">https:\/\/www.generationsanstabac.org\/actualites\/jeunes-africaine-proie-de-lindustrie-du-tabac\/<\/a><\/p>\n<p style=\"text-align: justify;\">[i] \u00ab\u00a0La l\u00e9gislation au S\u00e9n\u00e9gal, des mesures fortes pour r\u00e9duire la consommation de tabac\u00a0\u00bb <a href=\"https:\/\/www.generationsanstabac.org\/actualites\/la-legislation-au-senegal-des-mesures-fortes-pour-reduire-la-consommation-de-tabac\/\">https:\/\/www.generationsanstabac.org\/actualites\/la-legislation-au-senegal-des-mesures-fortes-pour-reduire-la-consommation-de-tabac\/<\/a><\/p>\n<p style=\"text-align: justify;\">Source<br \/>\nRose-Marie Bouboutou, \u00ab Cinq choses \u00e0 savoir sur le tabac en Afrique \u00bb,<br \/>\n<a href=\"http:\/\/www.bbc.com,\">www.bbc.com,<\/a> 31 mai 2019<br \/>\n<a href=\"https:\/\/www.bbc.com\/afrique\/48472738\">https:\/\/www.bbc.com\/afrique\/48472738<\/a><\/p>\n<p style=\"text-align: justify;\"><span style=\"color: #e8e8e8;\"><strong><a style=\"color: #e8e8e8;\" href=\"http:\/\/dnf.asso.fr\/\/\" target=\"_blank\" rel=\"noopener noreferrer\"> \u00a9DNF &#8211; Pour un Monde ZeroTabac |<\/a><\/strong><\/span><\/p>\n","protected":false},"excerpt":{"rendered":"<p>Tobacco was brought to East Africa by the Portuguese in 1560. By 1600, the Spanish had introduced it across the continent.<\/p>","protected":false},"featured_media":19808,"template":"","tags":[],"thematique":[491],"class_list":["post-19833","actualites","type-actualites","status-publish","has-post-thumbnail","hentry","thematique-politiques-publiques"],"acf":[],"_links":{"self":[{"href":"https:\/\/www.generationsanstabac.org\/en\/wp-json\/wp\/v2\/actualites\/19833","targetHints":{"allow":["GET"]}}],"collection":[{"href":"https:\/\/www.generationsanstabac.org\/en\/wp-json\/wp\/v2\/actualites"}],"about":[{"href":"https:\/\/www.generationsanstabac.org\/en\/wp-json\/wp\/v2\/types\/actualites"}],"version-history":[{"count":0,"href":"https:\/\/www.generationsanstabac.org\/en\/wp-json\/wp\/v2\/actualites\/19833\/revisions"}],"wp:featuredmedia":[{"embeddable":true,"href":"https:\/\/www.generationsanstabac.org\/en\/wp-json\/wp\/v2\/media\/19808"}],"wp:attachment":[{"href":"https:\/\/www.generationsanstabac.org\/en\/wp-json\/wp\/v2\/media?parent=19833"}],"wp:term":[{"taxonomy":"post_tag","embeddable":true,"href":"https:\/\/www.generationsanstabac.org\/en\/wp-json\/wp\/v2\/tags?post=19833"},{"taxonomy":"thematique","embeddable":true,"href":"https:\/\/www.generationsanstabac.org\/en\/wp-json\/wp\/v2\/thematique?post=19833"}],"curies":[{"name":"wp","href":"https:\/\/api.w.org\/{rel}","templated":true}]}}