{"id":19815,"date":"2020-06-17T07:02:50","date_gmt":"2020-06-17T05:02:50","guid":{"rendered":"https:\/\/www.generationsanstabac.org\/actualites\/proposition-taxe-produits-nicotiniques-par-les-democrates-colorado\/"},"modified":"2020-06-17T07:02:50","modified_gmt":"2020-06-17T05:02:50","slug":"proposition-taxe-produits-nicotiniques-par-les-democrates-colorado","status":"publish","type":"actualites","link":"https:\/\/www.generationsanstabac.org\/en\/actualites\/proposition-taxe-produits-nicotiniques-par-les-democrates-colorado\/","title":{"rendered":"Colorado Democrats Propose Nicotine Tax"},"content":{"rendered":"<p style=\"text-align: justify;\"><em>Ce jeudi 11 juin, les d\u00e9mocrates de l\u2019Etat du Colorado, aux Etats-Unis, pr\u00e9sentaient le projet de loi House Bill 20-1427 (HB20-1427), relatif \u00e0 la taxation sur les cigarettes et produits nicotiniques<a href=\"https:\/\/leg.colorado.gov\/bills\/hb20-1427\">[1]<\/a>. Il faudra cependant attendre novembre 2020 pour savoir s\u2019il sera vot\u00e9. D\u2019ici l\u00e0, les lobbyistes de l\u2019industrie du tabac ont de la marge pour s\u2019immiscer !<\/em><\/p>\n<h2 style=\"text-align: justify;\">Taxes sur les cigarettes et produits nicotiniques<\/h2>\n<p style=\"text-align: justify;\">Le projet HB20-1427 propose d\u2019instaurer une taxe sur les produits nicotiniques dans l\u2019Etat du Colorado et de l\u2019augmenter de mani\u00e8re r\u00e9guli\u00e8re, en m\u00eame temps que celle d\u00e9j\u00e0 existante sur les paquets de cigarettes.<br \/>\nAinsi, la taxe sur les cigarettes qui s\u2019\u00e9l\u00e8ve aujourd\u2019hui \u00e0 20%, soit 84 cents sur les paquets de cigarettes, devrait \u00e9voluer vers 30% en 2021 (1,94$), 36% en 2024 (2,24$) et 42% en 2027 (2,64$). En outre, le projet de loi fixe \u00e9galement le prix minimum d\u2019un paquet \u00e0 7$ et apr\u00e8s le 1er juillet 2024 \u00e0 7,50$, pr\u00e9voyant des sanctions en cas de non-respect du prix minimum de vente.<br \/>\nLa taxe sur les produits nicotiniques, compris comme les produits compos\u00e9s de nicotine qui se retrouve ing\u00e9r\u00e9e dans l\u2019organisme, a \u00e9t\u00e9 fa\u00e7onn\u00e9e \u00e0 partir de la taxe sur les cigarettes. En 2021, la taxe devrait correspondre \u00e0 50% de la valeur en gros, puis 56% en 2024 et 62% en 2027.<\/p>\n<h2 style=\"text-align: justify;\">Quelles sont les chances du projet HB20-1427 ?<\/h2>\n<p style=\"text-align: justify;\">Tout d\u2019abord, il convient de rappeler que ce projet de loi ne sera pas le seul \u00e0 \u00eatre soumis au vote en novembre. L\u2019initiative 292<a href=\"https:\/\/leg.colorado.gov\/sites\/default\/files\/initiatives\/2020%2523292FI.00.pdf\">[2]<\/a> pr\u00e9voit \u00e9galement d\u2019augmenter la taxation des produits du tabac, de mani\u00e8re plus brutale en premier lieu, faisant passer la taxe sur les paquets de cigarettes de 84 cents \u00e0 2,84$ au 1er janvier 2021, puis en l\u2019ajustant par la suite en fonction du taux d\u2019inflation<a href=\"https:\/\/taxfoundation.org\/colorado-tobacco-tax-bill-includes-positive-change\/\">[3]<\/a>. La taxe sur les produits nicotiniques devrait quant \u00e0 elle s\u2019\u00e9lever \u00e0 62% au 1er juillet 2020.<br \/>\nL\u2019industrie du tabac fait \u00e9galement partie du tableau, car l\u2019instauration de taxes sur les produits nicotiniques tels que les cigarettes \u00e9lectroniques n\u2019est pas une nouvelle dont elle se r\u00e9jouit. La raison d\u2019\u00eatre d\u2019une taxation sur les produits du tabac est bien d\u2019en r\u00e9duire la consommation. Taxer les alternatives \u00e0 la cigarette vise \u00e0 r\u00e9duire les transferts de consommateurs et ainsi augmenter les taux de sevrage. Pour rappel, un projet de loi similaire au HB20-1427 n\u2019avait pas laiss\u00e9 les lobbyistes de l\u2019industrie du tabac indiff\u00e9rents en 2019, et le projet avait finalement \u00e9t\u00e9 rejet\u00e9 <a href=\"https:\/\/coloradosun.com\/2020\/06\/11\/tobacco-tax-bill-colorado-legislature-2020\/\">[4]<\/a>.<\/p>\n<p style=\"text-align: justify;\"><span style=\"color: #666699;\"><a style=\"color: #666699;\" href=\"https:\/\/www.generationsanstabac.org\/\">\u00a9G\u00e9n\u00e9ration Sans Tabac<\/a><\/span><\/p>\n<hr \/>\n<p style=\"text-align: justify;\">[1]<a href=\"https:\/\/leg.colorado.gov\/bills\/hb20-1427\"> https:\/\/leg.colorado.gov\/bills\/hb20-1427<\/a><\/p>\n<p style=\"text-align: justify;\">[2] <a href=\"https:\/\/leg.colorado.gov\/sites\/default\/files\/initiatives\/2020%2523292FI.00.pdf\">https:\/\/leg.colorado.gov\/sites\/default\/files\/initiatives\/2020%2523292FI.00.pdf<\/a><\/p>\n<p style=\"text-align: justify;\">[3]<a href=\"https:\/\/taxfoundation.org\/colorado-tobacco-tax-bill-includes-positive-change\/\"> https:\/\/taxfoundation.org\/colorado-tobacco-tax-bill-includes-positive-change\/<\/a><\/p>\n<p style=\"text-align: justify;\">[4] <a href=\"https:\/\/coloradosun.com\/2020\/06\/11\/tobacco-tax-bill-colorado-legislature-2020\/\">https:\/\/coloradosun.com\/2020\/06\/11\/tobacco-tax-bill-colorado-legislature-2020\/<\/a><\/p>\n<p style=\"text-align: justify;\"><span style=\"color: #e8e8e8;\"><strong><a style=\"color: #e8e8e8;\" href=\"http:\/\/dnf.asso.fr\/\/\" target=\"_blank\" rel=\"noopener noreferrer\"> \u00a9DNF &#8211; Pour un Monde ZeroTabac |<\/a><\/strong><\/span><\/p>\n","protected":false},"excerpt":{"rendered":"<p>This Thursday, June 11, the State of Colorado (United States) presented the bill relating to the taxation of cigarettes and nicotine products.<\/p>","protected":false},"featured_media":19544,"template":"","tags":[],"thematique":[491],"class_list":["post-19815","actualites","type-actualites","status-publish","has-post-thumbnail","hentry","thematique-politiques-publiques"],"acf":[],"_links":{"self":[{"href":"https:\/\/www.generationsanstabac.org\/en\/wp-json\/wp\/v2\/actualites\/19815","targetHints":{"allow":["GET"]}}],"collection":[{"href":"https:\/\/www.generationsanstabac.org\/en\/wp-json\/wp\/v2\/actualites"}],"about":[{"href":"https:\/\/www.generationsanstabac.org\/en\/wp-json\/wp\/v2\/types\/actualites"}],"version-history":[{"count":0,"href":"https:\/\/www.generationsanstabac.org\/en\/wp-json\/wp\/v2\/actualites\/19815\/revisions"}],"wp:featuredmedia":[{"embeddable":true,"href":"https:\/\/www.generationsanstabac.org\/en\/wp-json\/wp\/v2\/media\/19544"}],"wp:attachment":[{"href":"https:\/\/www.generationsanstabac.org\/en\/wp-json\/wp\/v2\/media?parent=19815"}],"wp:term":[{"taxonomy":"post_tag","embeddable":true,"href":"https:\/\/www.generationsanstabac.org\/en\/wp-json\/wp\/v2\/tags?post=19815"},{"taxonomy":"thematique","embeddable":true,"href":"https:\/\/www.generationsanstabac.org\/en\/wp-json\/wp\/v2\/thematique?post=19815"}],"curies":[{"name":"wp","href":"https:\/\/api.w.org\/{rel}","templated":true}]}}