{"id":19791,"date":"2020-06-09T08:00:55","date_gmt":"2020-06-09T06:00:55","guid":{"rendered":"https:\/\/www.generationsanstabac.org\/actualites\/eu4health-inclusion-de-la-lutte-antitabac-dans-la-nouvelle-politique-europeenne-de-sante\/"},"modified":"2020-06-09T08:00:55","modified_gmt":"2020-06-09T06:00:55","slug":"eu4health-inclusion-de-la-lutte-antitabac-dans-la-nouvelle-politique-europeenne-de-sante","status":"publish","type":"actualites","link":"https:\/\/www.generationsanstabac.org\/en\/actualites\/eu4health-inclusion-de-la-lutte-antitabac-dans-la-nouvelle-politique-europeenne-de-sante\/","title":{"rendered":"EU4Health \u2013 inclusion of tobacco control in the new European health policy"},"content":{"rendered":"<p style=\"text-align: justify;\">L\u2019\u00e9pid\u00e9mie de COVID-19 a eu un impact majeur sur le personnel m\u00e9dical et de sant\u00e9, les patients et les syst\u00e8mes de sant\u00e9 en Europe. La pand\u00e9mie a r\u00e9v\u00e9l\u00e9 un besoin \u00e9vident de renforcer la gestion des crises et les syst\u00e8mes de sant\u00e9 \u00e0 l\u2019\u00e9chelle europ\u00e9enne.<\/p>\n<p style=\"text-align: justify;\">EU4Health est la r\u00e9ponse de l&rsquo;UE \u00e0 ce d\u00e9fi. En investissant 9,4 milliards d&rsquo;euros, ce programme :<\/p>\n<p style=\"text-align: justify;\">&#8211; renforcera la pr\u00e9paration de l&rsquo;UE aux principales menaces transfrontali\u00e8res pour la sant\u00e9<\/p>\n<p style=\"text-align: justify;\">&#8211; s&rsquo;assurera que les syst\u00e8mes de sant\u00e9 sont r\u00e9silients et peuvent faire face aux \u00e9pid\u00e9mies ainsi qu&rsquo;aux d\u00e9fis \u00e0 long terme tels que le vieillissement de la population, la r\u00e9duction des maladies non-transmissibles et les in\u00e9galit\u00e9s en mati\u00e8re de sant\u00e9.<\/p>\n<p style=\"text-align: justify;\">Il convient d\u00e8s lors que le programme contribue \u00e0 la pr\u00e9vention des maladies tout au long de la vie d\u2019une personne et \u00e0 la promotion de la sant\u00e9 en s\u2019attaquant aux facteurs de risque pour la sant\u00e9 tels que la consommation de tabac et produits connexes et l\u2019exposition \u00e0 leurs \u00e9missions, \u00e0 la consommation abusive d\u2019alcool et \u00e0 la consommation de drogues illicites mais aussi aux mauvaises habitudes alimentaires, la s\u00e9dentarit\u00e9 et l\u2019exposition \u00e0 un air pollu\u00e9.<\/p>\n<p style=\"text-align: justify;\">Selon le rapport 2019 de l\u2019OMS, \u00ab L\u2019usage du tabac en Europe \u2013 rapport sur les tendances 2019 \u00bb, la consommation de tabac reste un probl\u00e8me de sant\u00e9 publique de la plus haute importance dans la R\u00e9gion europ\u00e9enne de l\u2019OMS qui affiche la plus forte proportion de consommation de tabac dans le monde. En 2018, 18 % des d\u00e9c\u00e8s dus \u00e0 des maladies non transmissibles (MNT) \u00e9taient imputables au tabagisme dans la R\u00e9gion europ\u00e9enne, ce qui signifie que pr\u00e8s de 1 d\u00e9c\u00e8s pr\u00e9matur\u00e9 sur 5 dus aux MNT pourrait \u00eatre \u00e9vit\u00e9 en \u00e9liminant l\u2019usage du tabac<a href=\"#_ftn1\" name=\"_ftnref1\">[1]<\/a>.<\/p>\n<p style=\"text-align: justify;\">Pour lutter contre les MNT, parvenir aux objectifs de sant\u00e9 de l\u2019OMS mais aussi des objectifs de d\u00e9veloppement durable (ODD), il est explicitement recommand\u00e9 de mettre en \u0153uvre la <a href=\"https:\/\/www.who.int\/fctc\/text_download\/fr\/\">convention-cadre pour la lutte antitabac<\/a> et le <a href=\"https:\/\/www.who.int\/fctc\/protocol\/fr\/\">protocole sur le commerce illicite des produits du tabac<\/a>, ainsi que les recommandations du futur plan de lutte contre le cancer de l\u2019UE.<\/p>\n<p style=\"text-align: justify;\">Pour les actions du programme EU4Health, la coop\u00e9ration avec des organisations internationales tels que l\u2019OMS, le Conseil de l\u2019Europe, l\u2019OCDE ou toute autre organisation internationale comp\u00e9tente sera poursuivie, \u00e9tendue ou \u00e9largie, par exemple \u00e0 travers les contributions au titre de la CCLAT\/du protocole pour \u00e9liminer le commerce illicite des produits du tabac, etc.<\/p>\n<p><span style=\"color: #800080;\"><a style=\"color: #800080;\" href=\"https:\/\/www.generationsanstabac.org\/\">\u00a9G\u00e9n\u00e9ration Sans Tabac<\/a><\/span><\/p>\n<hr \/>\n<p><a href=\"https:\/\/eur-lex.europa.eu\/resource.html?uri=cellar:9b76a771-a0c4-11ea-9d2d-01aa75ed71a1.0011.02\/DOC_1&amp;format=PDF\">Source de l\u2019article (en fran\u00e7ais)<\/a><\/p>\n<p><a href=\"#_ftnref1\" name=\"_ftn1\">[1]<\/a> <a href=\"http:\/\/www.euro.who.int\/fr\/health-topics\/noncommunicable-diseases\/pages\/news\/news\/2019\/05\/90-of-lung-cancers-can-be-avoided-by-eliminating-tobacco-use,-new-who-report-reveals\">http:\/\/www.euro.who.int\/fr\/health-topics\/noncommunicable-diseases\/pages\/news\/news\/2019\/05\/90-of-lung-cancers-can-be-avoided-by-eliminating-tobacco-use,-new-who-report-reveals<\/a><\/p>\n<p><span style=\"color: #999999;\"><strong><a style=\"color: #999999;\" href=\"http:\/\/www.cnct.fr\/\" target=\"_blank\" rel=\"noopener noreferrer\">\u00a9Comit\u00e9 National Contre le Tabagisme |<\/a><\/strong><\/span><\/p>\n","protected":false},"excerpt":{"rendered":"<p>The pandemic has revealed a clear need to strengthen health systems across Europe. EU4Health is the EU&#039;s response to this challenge.<\/p>","protected":false},"featured_media":9919,"template":"","tags":[],"thematique":[474],"class_list":["post-19791","actualites","type-actualites","status-publish","has-post-thumbnail","hentry","thematique-sante"],"acf":[],"_links":{"self":[{"href":"https:\/\/www.generationsanstabac.org\/en\/wp-json\/wp\/v2\/actualites\/19791","targetHints":{"allow":["GET"]}}],"collection":[{"href":"https:\/\/www.generationsanstabac.org\/en\/wp-json\/wp\/v2\/actualites"}],"about":[{"href":"https:\/\/www.generationsanstabac.org\/en\/wp-json\/wp\/v2\/types\/actualites"}],"version-history":[{"count":0,"href":"https:\/\/www.generationsanstabac.org\/en\/wp-json\/wp\/v2\/actualites\/19791\/revisions"}],"wp:featuredmedia":[{"embeddable":true,"href":"https:\/\/www.generationsanstabac.org\/en\/wp-json\/wp\/v2\/media\/9919"}],"wp:attachment":[{"href":"https:\/\/www.generationsanstabac.org\/en\/wp-json\/wp\/v2\/media?parent=19791"}],"wp:term":[{"taxonomy":"post_tag","embeddable":true,"href":"https:\/\/www.generationsanstabac.org\/en\/wp-json\/wp\/v2\/tags?post=19791"},{"taxonomy":"thematique","embeddable":true,"href":"https:\/\/www.generationsanstabac.org\/en\/wp-json\/wp\/v2\/thematique?post=19791"}],"curies":[{"name":"wp","href":"https:\/\/api.w.org\/{rel}","templated":true}]}}