{"id":19784,"date":"2020-06-04T16:14:00","date_gmt":"2020-06-04T14:14:00","guid":{"rendered":"https:\/\/www.generationsanstabac.org\/actualites\/tabagisme-ultrapassif-dangers-reels-pour-votre-sante\/"},"modified":"2020-06-04T16:14:00","modified_gmt":"2020-06-04T14:14:00","slug":"tabagisme-ultrapassif-dangers-reels-pour-votre-sante","status":"publish","type":"actualites","link":"https:\/\/www.generationsanstabac.org\/en\/actualites\/tabagisme-ultrapassif-dangers-reels-pour-votre-sante\/","title":{"rendered":"Ultra-passive smoking: real dangers for your health"},"content":{"rendered":"<p style=\"text-align: justify;\"><em>M\u00eame pour un fumeur, l\u2019odeur de tabac froid incrust\u00e9e dans les cheveux ou les draps peut \u00eatre tr\u00e8s d\u00e9sagr\u00e9able. Mais ce que l\u2019on ignore souvent, c\u2019est que ces relents sont \u00e9galement nocifs. Il convient donc aujourd\u2019hui de s\u2019interroger sur les dangers de ce tabagisme invisible et parfois inodore dit \u00ab\u202ftertiaire\u202f\u00bb, \u00ab\u202fultrapassif\u202f\u00bb ou \u00ab\u202fde troisi\u00e8me main\u202f\u00bb.<\/em><\/p>\n<h2 style=\"text-align: justify;\">Fum\u00e9es primaire, secondaire et tertiaire<\/h2>\n<p style=\"text-align: justify;\">Rappelons tout d\u2019abord qu\u2019il existe 3 types de fum\u00e9es.<br \/>\n&#8211; La fum\u00e9e primaire est celle aspir\u00e9e via une cigarette puis expir\u00e9e dans l\u2019air ambiant.<br \/>\n&#8211; La fum\u00e9e secondaire, \u00e9l\u00e9ment central du tabagisme passif, d\u00e9signe quant \u00e0 elle \u00e0 la fois la fum\u00e9e \u00e9mise par l\u2019extr\u00e9mit\u00e9 de la cigarette et celle exhal\u00e9e par le fumeur.<br \/>\n&#8211; La fum\u00e9e tertiaire est enfin compos\u00e9e de fines particules issues de la fum\u00e9e du tabac.<\/p>\n<h2 style=\"text-align: justify;\">Des \u00e9l\u00e9ments toxiques dans notre environnement<\/h2>\n<p style=\"text-align: justify;\">Ces particules vont rester en suspension dans l\u2019air pendant plusieurs semaines et d\u00e9poser sur les tissus, les sols ou encore les murs des traces de goudrons, de m\u00e9taux lourds, de d\u00e9riv\u00e9s de nitrate et de produits radioactifs. Ces composants, rel\u00e2ch\u00e9s ensuite dans l\u2019air pendant plusieurs semaines, sont \u00e9videmment toxiques, et donc n\u00e9fastes pour les non-fumeurs partageant leur environnement avec un ou des fumeur(s).<\/p>\n<h2 style=\"text-align: justify;\">Des endroits non-fumeurs \u00ab\u202fcontamin\u00e9s\u202f\u00bb<\/h2>\n<p style=\"text-align: justify;\">Plus surprenant encore, ces particules toxiques peuvent \u00eatre v\u00e9hicul\u00e9es dans l\u2019atmosph\u00e8re par nos cheveux, nos v\u00eatements, nos objets et m\u00eame notre haleine. Elles sont donc retrouv\u00e9es dans des lieux o\u00f9 personne n\u2019a pourtant jamais fum\u00e9. Il faut savoir que la fum\u00e9e tertiaire contient autant de substances canc\u00e9rig\u00e8nes que les fum\u00e9e primaire et secondaire. Le fait qu\u2019elle persiste pendant des semaines la rend particuli\u00e8rement redoutable.<\/p>\n<h2 style=\"text-align: justify;\">Des cons\u00e9quences graves<\/h2>\n<p style=\"text-align: justify;\">L\u2019exposition aux fum\u00e9es secondaire et tertiaire augmente le risque de cancers divers, de d\u00e9c\u00e8s suite \u00e0 une crise cardiaque, de faible poids et de mort subite chez le nourrisson, d\u2019allergies, d\u2019asthme, de BCPO (broncho-pneumopathie chronique obstructive), de difficult\u00e9s de cicatrisation et enfin de troubles neurologiques comme l\u2019hyperactivit\u00e9. Les fum\u00e9es secondaire et tertiaire sont responsables de 3\u202f000 \u00e0 5\u202f000 d\u00e9c\u00e8s par an.<\/p>\n<h2 style=\"text-align: justify;\">Prot\u00e9ger et assainir l\u2019environnement<\/h2>\n<p style=\"text-align: justify;\">Un enfant jouant par terre ou un b\u00e9b\u00e9 se d\u00e9pla\u00e7ant \u00e0 quatre pattes sont donc expos\u00e9s aux particules toxiques d\u00e9pos\u00e9es sur le sol. Il est important que les fumeurs prennent conscience de ce risque et adaptent leur pratique en cons\u00e9quence, en veillant par exemple \u00e0 ne jamais fumer dans une pi\u00e8ce fr\u00e9quent\u00e9e par des enfants.<\/p>\n<p style=\"text-align: justify;\">Les habitacles de voiture, peu ventil\u00e9s, sont d\u2019autres lieux o\u00f9 l\u2019on rel\u00e8ve une forte concentration de particules toxiques. Fumer en voiture doit donc \u00eatre \u00e9vit\u00e9 autant que possible. Rappelons ici que la loi interdit d\u00e9j\u00e0 de fumer en pr\u00e9sence d\u2019un mineur, depuis 2016.<\/p>\n<p style=\"text-align: justify;\">Sachez \u00e9galement que fumer \u00e0 la fen\u00eatre ou a\u00e9rer un habitat ne suffit malheureusement pas \u00e0 \u00e9vacuer toutes les particules toxiques. Pour nettoyer correctement un int\u00e9rieur expos\u00e9, il faut shampouiner tous les tissus (rideaux, moquettes, canap\u00e9s, etc.) et employer un aspirateur \u00e9quip\u00e9 d\u2019un filtre HEPA (haute efficacit\u00e9 pour les particules a\u00e9riennes).<\/p>\n<p style=\"text-align: justify;\">Enfin, si la fum\u00e9e de cigarette \u00e9lectronique semble \u00e0 l\u2019heure actuelle \u00e9mettre moins de particules toxiques dans l\u2019atmosph\u00e8re, il convient de rester prudent et de ne pas l\u2019utiliser en int\u00e9rieur ou en pr\u00e9sence d\u2019enfant.<\/p>\n<p style=\"text-align: justify;\"><span style=\"color: #666699;\"><a style=\"color: #666699;\" href=\"https:\/\/www.generationsanstabac.org\/\">\u00a9G\u00e9n\u00e9ration Sans Tabac<\/a><\/span><\/p>\n<p style=\"text-align: justify;\">[i] \u00ab\u202fTabagisme ultra-passif (ou tertiaire), expositions \u00e0 haut risque dans les lieux ferm\u00e9s\u202f\u00bb<br \/>\n<a href=\"https:\/\/www.generationsanstabac.org\/actualites\/tabagisme-tertiaire-ultra-passif-expositions-a-risque-dans-les-lieux-fermes\">https:\/\/www.generationsanstabac.org\/actualites\/tabagisme-tertiaire-ultra-passif-expositions-a-risque-dans-les-lieux-fermes<\/a>\/<\/p>\n<p style=\"text-align: justify;\">[i] \u00ab\u202fLe tabagisme tertiaire et le sommeil\u202f\u00bb<br \/>\n<a href=\"https:\/\/www.generationsanstabac.org\/actualites\/le-tabagisme-tertiaire-et-le-sommeil\">https:\/\/www.generationsanstabac.org\/actualites\/le-tabagisme-tertiaire-et-le-sommeil<\/a><\/p>\n<p style=\"text-align: justify;\">[i] \u00ab\u202fLe tabagisme tertiaire, encore plus m\u00e9connu que le tabagisme passif\u202f\u00bb<br \/>\n<a href=\"https:\/\/www.generationsanstabac.org\/actualites\/le-tabagisme-tertiaire-encore-plus-meconnu-que-le-tabagisme-passif\/\">https:\/\/www.generationsanstabac.org\/actualites\/le-tabagisme-tertiaire-encore-plus-meconnu-que-le-tabagisme-passif\/<\/a><\/p>\n<p style=\"text-align: justify;\">Fr\u00e9d\u00e9rique Boursicot, \u00ab\u202fLa toxicit\u00e9 m\u00e9connue des odeurs de tabac froid\u202f\u00bb, 31 mai 2019, www.60millions-mag.com.<\/p>\n<p style=\"text-align: justify;\">[i] <a href=\"https:\/\/www.60millions-mag.com\/2019\/05\/31\/la-toxicite-meconnue-des-odeurs-de-tabac-froid-13893.\">https:\/\/www.60millions-mag.com\/2019\/05\/31\/la-toxicite-meconnue-des-odeurs-de-tabac-froid-13893<\/a><\/p>\n<p style=\"text-align: justify;\">\u00c9tude de l\u2019Universit\u00e9 de Californie, Riverside, PLoS ONE 29 Jan 2014 DOI: 10.1371\/journal.pone.0086391 Cigarette Smoke Toxins Deposited on Surfaces: Implications for Human Health<\/p>\n<p style=\"text-align: justify;\">drexel.edu\/now\/archive\/2018\/May\/third-hand-smoke-indoors.<\/p>\n<p style=\"text-align: justify;\">Code la sant\u00e9 publique, articles L3512-1 \u00e0 L3512-9 ainsi que L 3515-2 \u00e0 R3515-8.<br \/>\nCode penal, articles 131-12 \u00e0 131-18.<\/p>\n<p style=\"text-align: justify;\"><span style=\"color: #e8e8e8;\"><strong><a style=\"color: #e8e8e8;\" href=\"http:\/\/dnf.asso.fr\/\/\" target=\"_blank\" rel=\"noopener noreferrer\"> \u00a9DNF &#8211; Pour un Monde ZeroTabac |<\/a><\/strong><\/span><\/p>\n","protected":false},"excerpt":{"rendered":"<p>The smell of cold tobacco embedded in hair or sheets can be unpleasant and the odors are also harmful.<\/p>","protected":false},"featured_media":15168,"template":"","tags":[],"thematique":[474],"class_list":["post-19784","actualites","type-actualites","status-publish","has-post-thumbnail","hentry","thematique-sante"],"acf":[],"_links":{"self":[{"href":"https:\/\/www.generationsanstabac.org\/en\/wp-json\/wp\/v2\/actualites\/19784","targetHints":{"allow":["GET"]}}],"collection":[{"href":"https:\/\/www.generationsanstabac.org\/en\/wp-json\/wp\/v2\/actualites"}],"about":[{"href":"https:\/\/www.generationsanstabac.org\/en\/wp-json\/wp\/v2\/types\/actualites"}],"version-history":[{"count":0,"href":"https:\/\/www.generationsanstabac.org\/en\/wp-json\/wp\/v2\/actualites\/19784\/revisions"}],"wp:featuredmedia":[{"embeddable":true,"href":"https:\/\/www.generationsanstabac.org\/en\/wp-json\/wp\/v2\/media\/15168"}],"wp:attachment":[{"href":"https:\/\/www.generationsanstabac.org\/en\/wp-json\/wp\/v2\/media?parent=19784"}],"wp:term":[{"taxonomy":"post_tag","embeddable":true,"href":"https:\/\/www.generationsanstabac.org\/en\/wp-json\/wp\/v2\/tags?post=19784"},{"taxonomy":"thematique","embeddable":true,"href":"https:\/\/www.generationsanstabac.org\/en\/wp-json\/wp\/v2\/thematique?post=19784"}],"curies":[{"name":"wp","href":"https:\/\/api.w.org\/{rel}","templated":true}]}}