{"id":19781,"date":"2020-06-04T09:18:16","date_gmt":"2020-06-04T07:18:16","guid":{"rendered":"https:\/\/www.generationsanstabac.org\/actualites\/bresil-le-bon-eleve-de-la-lutte-anti-tabac\/"},"modified":"2020-06-04T09:18:16","modified_gmt":"2020-06-04T07:18:16","slug":"bresil-le-bon-eleve-de-la-lutte-anti-tabac","status":"publish","type":"actualites","link":"https:\/\/www.generationsanstabac.org\/en\/actualites\/bresil-le-bon-eleve-de-la-lutte-anti-tabac\/","title":{"rendered":"Brazil: \u201cThe good student\u201d of the fight against tobacco"},"content":{"rendered":"<p style=\"text-align: justify;\"><em>Interdiction de fumer dans les lieux publics, interdiction de la publicit\u00e9, hausse des taxes<\/em><a href=\"https:\/\/www.who.int\/fctc\/implementation\/news\/brazil_news\/fr\/\">[1]<\/a><em>\u2026 Le Br\u00e9sil a pris des dispositions l\u00e9gislatives fortes pour prot\u00e9ger la sant\u00e9 des citoyens. Il constitue un exemple <\/em><em>\u00e0 suivre pour les pays \u00e9mergents et en voie de d\u00e9veloppement.<\/em><\/p>\n<p style=\"text-align: justify;\">Le Br\u00e9sil a renforc\u00e9 sa lutte contre les maladies li\u00e9es au tabac en renfor\u00e7ant sa l\u00e9gislation sur le tabac en promulguant une loi f\u00e9d\u00e9rale le 3 d\u00e9cembre 2014. Cette nouvelle loi poursuit l\u2019objectif de baisser encore plus la pr\u00e9valence tabagique dans un pays qui compte encore 24 millions de fumeurs, parmi lesquels 80% ont commenc\u00e9 \u00e0 fumer \u00e0 l\u2019adolescence.<br \/>\nLa nouvelle loi f\u00e9d\u00e9rale subroge toutes les lois au niveau des \u00c9tats, ses dispositions sont conformes aux directives de la Convention-cadre de l\u2019OMS pour la lutte antitabac (CCLAT).<\/p>\n<p style=\"text-align: justify;\">Au Br\u00e9sil, il est interdit de fumer dans tous les lieux publics int\u00e9rieurs qu\u2019ils accueillent du public, comme les restaurants, les bars, les bo\u00eetes de nuit ou soient priv\u00e9s, comme les b\u00e2timents r\u00e9sidentiels. Fumer est cependant toujours autoris\u00e9 dans les domiciles, les parcs publics, les rues, les zones ouvertes des stades de football et dans les \u00e9difices religieux.<\/p>\n<p style=\"text-align: justify;\">Les \u00e9tablissements ne respectant pas la l\u00e9gislation sont soumis \u00e0 une amende et au retrait \u00e9ventuel de leur licence d\u2019exploitation.<br \/>\nDe plus, cette loi encadre plus rigoureusement la publicit\u00e9 sur le tabac. Elle exige l\u2019apposition de mises en garde sanitaires graphiques couvrant la totalit\u00e9 du dos du paquet ainsi que l\u2019une des deux tranches.<\/p>\n<p style=\"text-align: justify;\">Ces mesures ont produit les effets attendus : \u00ab Cette politique a permis d\u2019\u00e9viter 420 000 d\u00e9c\u00e8s sur ces deux d\u00e9cennies \u00bb . Si les lois en question restent en vigueur, ce sont pr\u00e8s de 7 millions de d\u00e9c\u00e8s imputables au tabagisme qui pourraient \u00eatre \u00e9vit\u00e9s d\u2019ici \u00e0 2050<a href=\"https:\/\/destinationsante.com\/Lutte-anti-tabac-le-Bresil-exemplaire.html\">[2]<\/a>.<\/p>\n<p style=\"text-align: justify;\"><span style=\"color: #666699;\"><a style=\"color: #666699;\" href=\"https:\/\/www.generationsanstabac.org\/\">\u00a9G\u00e9n\u00e9ration Sans Tabac<\/a><\/span><\/p>\n<hr \/>\n<p style=\"text-align: justify;\">[1] <a href=\"https:\/\/www.who.int\/fctc\/implementation\/news\/brazil_news\/fr\/\">https:\/\/www.who.int\/fctc\/implementation\/news\/brazil_news\/fr\/<\/a><\/p>\n<p style=\"text-align: justify;\">[2] <a href=\"https:\/\/destinationsante.com\/Lutte-anti-tabac-le-Bresil-exemplaire.html\">https:\/\/destinationsante.com\/Lutte-anti-tabac-le-Bresil-exemplaire.html<\/a><\/p>\n<p style=\"text-align: justify;\"><span style=\"color: #e8e8e8;\"><strong><a style=\"color: #e8e8e8;\" href=\"http:\/\/dnf.asso.fr\/\/\" target=\"_blank\" rel=\"noopener noreferrer\"> \u00a9DNF &#8211; Pour un Monde ZeroTabac |<\/a><\/strong><\/span><\/p>\n","protected":false},"excerpt":{"rendered":"<p>Brazil has taken legislative measures to protect the health of its citizens and is an example for emerging and developing countries.<\/p>","protected":false},"featured_media":19782,"template":"","tags":[],"thematique":[491],"class_list":["post-19781","actualites","type-actualites","status-publish","has-post-thumbnail","hentry","thematique-politiques-publiques"],"acf":[],"_links":{"self":[{"href":"https:\/\/www.generationsanstabac.org\/en\/wp-json\/wp\/v2\/actualites\/19781","targetHints":{"allow":["GET"]}}],"collection":[{"href":"https:\/\/www.generationsanstabac.org\/en\/wp-json\/wp\/v2\/actualites"}],"about":[{"href":"https:\/\/www.generationsanstabac.org\/en\/wp-json\/wp\/v2\/types\/actualites"}],"version-history":[{"count":0,"href":"https:\/\/www.generationsanstabac.org\/en\/wp-json\/wp\/v2\/actualites\/19781\/revisions"}],"wp:featuredmedia":[{"embeddable":true,"href":"https:\/\/www.generationsanstabac.org\/en\/wp-json\/wp\/v2\/media\/19782"}],"wp:attachment":[{"href":"https:\/\/www.generationsanstabac.org\/en\/wp-json\/wp\/v2\/media?parent=19781"}],"wp:term":[{"taxonomy":"post_tag","embeddable":true,"href":"https:\/\/www.generationsanstabac.org\/en\/wp-json\/wp\/v2\/tags?post=19781"},{"taxonomy":"thematique","embeddable":true,"href":"https:\/\/www.generationsanstabac.org\/en\/wp-json\/wp\/v2\/thematique?post=19781"}],"curies":[{"name":"wp","href":"https:\/\/api.w.org\/{rel}","templated":true}]}}