{"id":19775,"date":"2020-06-03T08:05:01","date_gmt":"2020-06-03T06:05:01","guid":{"rendered":"https:\/\/www.generationsanstabac.org\/actualites\/nouvelle-zelande-le-tabagisme-en-voiture-en-presence-denfants-cest-termine\/"},"modified":"2020-06-03T08:05:01","modified_gmt":"2020-06-03T06:05:01","slug":"nouvelle-zelande-le-tabagisme-en-voiture-en-presence-denfants-cest-termine","status":"publish","type":"actualites","link":"https:\/\/www.generationsanstabac.org\/en\/actualites\/nouvelle-zelande-le-tabagisme-en-voiture-en-presence-denfants-cest-termine\/","title":{"rendered":"Smoking in cars with children is over in New Zealand"},"content":{"rendered":"<p style=\"text-align: justify;\">En Nouvelle-Z\u00e9lande, un projet de loi interdisant de fumer dans les v\u00e9hicules lorsque des enfants de moins de 18 ans s\u2019y trouvent a \u00e9t\u00e9 adopt\u00e9<a href=\"#_ftn1\" name=\"_ftnref1\">[1]<\/a>. Si cette nouvelle r\u00e9glementation ne sera pas effective avant 18 mois, elle pr\u00e9voit des amendes pouvant s\u2019\u00e9lever \u00e0 50 dollars (environ 30 euros).<\/p>\n<p style=\"text-align: justify;\">Cette nouvelle l\u00e9gislation, vot\u00e9e par une large majorit\u00e9 et d\u00e9passant le clivage partisan, est une avanc\u00e9e non n\u00e9gligeable en mati\u00e8re de sant\u00e9 publique. Elle permet en effet de pr\u00e9server les enfants du tabagisme passif, et m\u00eame ultrapassif : on sait aujourd\u2019hui que les particules de fum\u00e9e s\u2019accumulent dans les voitures, y compris lorsque les fen\u00eatres sont ouvertes.<\/p>\n<p style=\"text-align: justify;\">La ministre d\u00e9l\u00e9gu\u00e9e de la Sant\u00e9, Jenny Salesa a exprim\u00e9 d\u2019engager plus en avant le pays dans la lutte antitabac : \u00ab Nous souhaitons faire de la Nouvelle-Z\u00e9lande le meilleur endroit au monde pour les enfants. Nous progressons vers cet objectif en mettant l&rsquo;int\u00e9r\u00eat des enfants au premier plan \u00bb.<\/p>\n<p style=\"text-align: justify;\">Ces dispositions, d\u00e9j\u00e0 adopt\u00e9es en France, en Ecosse ou en Angleterre, comportent un v\u00e9ritable enjeu de sant\u00e9 publique, puisqu\u2019elles permettent \u00e0 la fois de r\u00e9duire l\u2019exposition des plus jeunes au tabagisme passif, et contribuent \u00e0 r\u00e9duire le risque d\u2019initiation au tabac lorsqu\u2019elles sont effectivement appliqu\u00e9es.<\/p>\n<p style=\"text-align: justify;\">Largement sous-estim\u00e9, le bilan sanitaire du tabagisme passif est d\u00e9sastreux : chaque ann\u00e9e, 1,2 millions de non-fumeurs meurent dans le monde de maladies caus\u00e9es par le <a href=\"https:\/\/www.generationsanstabac.org\/actualites\/tabagisme-passif-et-maladies-respiratoires-de-lenfant\/\">tabagisme passif<\/a><a href=\"#_ftn2\" name=\"_ftnref2\">[2]<\/a>, et 60 000 enfants meurent de maladies respiratoires caus\u00e9es par le tabagisme des autres<a href=\"#_ftn3\" name=\"_ftnref3\">[3]<\/a>. Ceux qui parviennent \u00e0 l\u2019\u00e2ge adulte seront plus susceptibles de d\u00e9velopper par la suite une broncho-pneumopathie chronique obstructive (BPCO).<\/p>\n<p style=\"text-align: justify;\"><span style=\"color: #800080;\"><a style=\"color: #800080;\" href=\"https:\/\/www.generationsanstabac.org\/\">\u00a9G\u00e9n\u00e9ration Sans Tabac<\/a><\/span><\/p>\n<hr \/>\n<p style=\"text-align: justify;\"><a href=\"#_ftnref1\" name=\"_ftn1\">[1]<\/a> RNZ, Bill banning smoking in cars with children inside passes, 27 mai 2020<\/p>\n<p style=\"text-align: justify;\"><a href=\"https:\/\/www.rnz.co.nz\/news\/political\/417616\/bill-banning-smoking-in-cars-with-children-inside-passes#:~:text=A%20bill%20banning%20smoking%20in,with%20support%20from%20all%20parties.&amp;text=The%20law%20makes%20it%20an,into%20effect%20for%2018%20months\">https:\/\/www.rnz.co.nz\/news\/political\/417616\/bill-banning-smoking-in-cars-with-children-inside-passes#:~:text=A%20bill%20banning%20smoking%20in,with%20support%20from%20all%20parties.&amp;text=The%20law%20makes%20it%20an,into%20effect%20for%2018%20months<\/a><\/p>\n<p style=\"text-align: justify;\"><a href=\"#_ftnref2\" name=\"_ftn2\">[2]<\/a> OMS, fiche d\u2019information sur le tabac, 26 juillet 2019<\/p>\n<p style=\"text-align: justify;\"><a href=\"https:\/\/www.who.int\/fr\/news-room\/fact-sheets\/detail\/tobacco\">https:\/\/www.who.int\/fr\/news-room\/fact-sheets\/detail\/tobacco<\/a><\/p>\n<p style=\"text-align: justify;\"><a href=\"#_ftnref3\" name=\"_ftn3\">[3]<\/a> Organisation Mondiale de la Sant\u00e9, \u00ab L\u2019OMS attire l\u2019attention sur l\u2019ampleur des d\u00e9c\u00e8s imputables \u00e0 des maladies pulmonaires li\u00e9es au tabac \u00bb, 29 mai 2019<\/p>\n<p style=\"text-align: justify;\"><a href=\"https:\/\/www.who.int\/fr\/news-room\/detail\/29-05-2019-who-highlights-huge-scale-of-tobacco-related-lung-disease-deaths\">https:\/\/www.who.int\/fr\/news-room\/detail\/29-05-2019-who-highlights-huge-scale-of-tobacco-related-lung-disease-deaths<\/a><\/p>\n<p style=\"text-align: justify;\"><span style=\"color: #999999;\"><strong><a style=\"color: #999999;\" href=\"http:\/\/www.cnct.fr\/\" target=\"_blank\" rel=\"noopener noreferrer\">\u00a9Comit\u00e9 National Contre le Tabagisme |<\/a><\/strong><\/span><\/p>\n","protected":false},"excerpt":{"rendered":"<p>In New Zealand, a bill banning smoking in vehicles when children under 18 are inside has been passed<\/p>","protected":false},"featured_media":15158,"template":"","tags":[],"thematique":[491,474],"class_list":["post-19775","actualites","type-actualites","status-publish","has-post-thumbnail","hentry","thematique-politiques-publiques","thematique-sante"],"acf":[],"_links":{"self":[{"href":"https:\/\/www.generationsanstabac.org\/en\/wp-json\/wp\/v2\/actualites\/19775","targetHints":{"allow":["GET"]}}],"collection":[{"href":"https:\/\/www.generationsanstabac.org\/en\/wp-json\/wp\/v2\/actualites"}],"about":[{"href":"https:\/\/www.generationsanstabac.org\/en\/wp-json\/wp\/v2\/types\/actualites"}],"version-history":[{"count":0,"href":"https:\/\/www.generationsanstabac.org\/en\/wp-json\/wp\/v2\/actualites\/19775\/revisions"}],"wp:featuredmedia":[{"embeddable":true,"href":"https:\/\/www.generationsanstabac.org\/en\/wp-json\/wp\/v2\/media\/15158"}],"wp:attachment":[{"href":"https:\/\/www.generationsanstabac.org\/en\/wp-json\/wp\/v2\/media?parent=19775"}],"wp:term":[{"taxonomy":"post_tag","embeddable":true,"href":"https:\/\/www.generationsanstabac.org\/en\/wp-json\/wp\/v2\/tags?post=19775"},{"taxonomy":"thematique","embeddable":true,"href":"https:\/\/www.generationsanstabac.org\/en\/wp-json\/wp\/v2\/thematique?post=19775"}],"curies":[{"name":"wp","href":"https:\/\/api.w.org\/{rel}","templated":true}]}}